{"id":440062,"date":"2025-10-05T04:54:12","date_gmt":"2025-10-05T04:54:12","guid":{"rendered":"https:\/\/www.europesays.com\/fr\/440062\/"},"modified":"2025-10-05T04:54:12","modified_gmt":"2025-10-05T04:54:12","slug":"dusan-nikolic-heureux-detre-de-retour-a-la-maison","status":"publish","type":"post","link":"https:\/\/www.europesays.com\/fr\/440062\/","title":{"rendered":"Dusan Nikolic heureux d\u2019\u00eatre de retour \u00ab\u00a0\u00e0 la maison\u00a0\u00bb"},"content":{"rendered":"<p><strong>Poitiers\u00a0&#8211; Friedrichshafen\u00a0: 3-2<\/strong><\/p>\n<p>Il a retrouv\u00e9 la salle Lawson-Body avec un plaisir non dissimul\u00e9. Dix mois apr\u00e8s <a target=\"_self\" href=\"https:\/\/www.lanouvellerepublique.fr\/poitiers\/msl-apres-un-bon-debut-de-saison-avec-poitiers-dusan-nikolic-a-decolle\" rel=\"noopener\">son d\u00e9part en cours de saison<\/a> pour le club cor\u00e9en de\u00a0S\u00e9oul Woori card Woori won, Dusan Nikolic n\u2019a pas pu s\u2019exprimer de nouveau devant les spectateurs poitevins. Une petite douleur \u00e0 la cheville survenue la veille l\u2019a emp\u00each\u00e9 de prendre part \u00e0 cette rencontre de pr\u00e9paration face aux Allemands de\u00a0Friedrichshafen, remport\u00e9e par les siens. Il faudra encore patienter jusqu\u2019au 21\u00a0octobre, \u00e0 Saint-Nazaire, pour que l\u2019Alterna Stade Poitevin retrouve la comp\u00e9tition mais d\u00e9j\u00e0, le pointu serbe n\u2019est pas m\u00e9content d\u2019\u00eatre de retour \ufeff\u00ab\u00a0\u00e0 la maison\u00a0\u00bb, comme il l\u2019avait indiqu\u00e9 en anglais un peu plus t\u00f4t cette semaine&#8230;. <\/p>\n<p>    Cet article a \u00e9t\u00e9 tronqu\u00e9. Abonnez-vous pour lire l&rsquo;article complet sur notre site.<\/p>\n<p style=\"margin: 0 !important; padding: 0 !important; font-size: 12px !important;\">Cet article a \u00e9t\u00e9 tronqu\u00e9. Abonnez-vous pour lire l&rsquo;article complet.<\/p>\n<p>    <a href=\"https:\/\/www.lanouvellerepublique.fr\/abonnements\" style=\"display: inline-block; margin-top: 5px !important; padding: 6px 12px !important; background: #cb1c27; color: white; text-decoration: none; border-radius: 4px; font-size: 12px !important;\" target=\"_blank\" rel=\"noopener\"><br \/>\n      S&rsquo;abonner<br \/>\n    <\/a><\/p>\n","protected":false},"excerpt":{"rendered":"Poitiers\u00a0&#8211; Friedrichshafen\u00a0: 3-2 Il a retrouv\u00e9 la salle Lawson-Body avec un plaisir non dissimul\u00e9. Dix mois apr\u00e8s son&hellip;\n","protected":false},"author":2,"featured_media":440063,"comment_status":"","ping_status":"","sticky":false,"template":"","format":"standard","meta":{"footnotes":""},"categories":[1417],"tags":[1392,1654,1011,27,1653,60,1584,1470,1469],"class_list":{"0":"post-440062","1":"post","2":"type-post","3":"status-publish","4":"format-standard","5":"has-post-thumbnail","7":"category-volley","8":"tag-a-la-une-local","9":"tag-alterna-stade-poitevin-volley-ball","10":"tag-fr","11":"tag-france","12":"tag-poitiers","13":"tag-sports","14":"tag-vienne","15":"tag-volley","16":"tag-volleyball"},"share_on_mastodon":{"url":"","error":""},"_links":{"self":[{"href":"https:\/\/www.europesays.com\/fr\/wp-json\/wp\/v2\/posts\/440062","targetHints":{"allow":["GET"]}}],"collection":[{"href":"https:\/\/www.europesays.com\/fr\/wp-json\/wp\/v2\/posts"}],"about":[{"href":"https:\/\/www.europesays.com\/fr\/wp-json\/wp\/v2\/types\/post"}],"author":[{"embeddable":true,"href":"https:\/\/www.europesays.com\/fr\/wp-json\/wp\/v2\/users\/2"}],"replies":[{"embeddable":true,"href":"https:\/\/www.europesays.com\/fr\/wp-json\/wp\/v2\/comments?post=440062"}],"version-history":[{"count":0,"href":"https:\/\/www.europesays.com\/fr\/wp-json\/wp\/v2\/posts\/440062\/revisions"}],"wp:featuredmedia":[{"embeddable":true,"href":"https:\/\/www.europesays.com\/fr\/wp-json\/wp\/v2\/media\/440063"}],"wp:attachment":[{"href":"https:\/\/www.europesays.com\/fr\/wp-json\/wp\/v2\/media?parent=440062"}],"wp:term":[{"taxonomy":"category","embeddable":true,"href":"https:\/\/www.europesays.com\/fr\/wp-json\/wp\/v2\/categories?post=440062"},{"taxonomy":"post_tag","embeddable":true,"href":"https:\/\/www.europesays.com\/fr\/wp-json\/wp\/v2\/tags?post=440062"}],"curies":[{"name":"wp","href":"https:\/\/api.w.org\/{rel}","templated":true}]}}