{"id":440068,"date":"2025-10-05T04:59:13","date_gmt":"2025-10-05T04:59:13","guid":{"rendered":"https:\/\/www.europesays.com\/fr\/440068\/"},"modified":"2025-10-05T04:59:13","modified_gmt":"2025-10-05T04:59:13","slug":"il-est-fantastique-le-psg-tient-le-remplacant-dhakimi-cest-du-lourd","status":"publish","type":"post","link":"https:\/\/www.europesays.com\/fr\/440068\/","title":{"rendered":"\u00abIl est fantastique\u00bb : Le PSG tient le rempla\u00e7ant d&rsquo;Hakimi, c&rsquo;est du lourd !"},"content":{"rendered":"<p>                    Arthur Montagne<br \/>\n                        &#8211;<\/p>\n<p>Journaliste<\/p>\n<p>Affam\u00e9 de sport, il a grandi au son des moteurs de Formule 1 et des exploits de Ronaldinho. Aujourd\u2019hui, diplom\u00e9 d&rsquo;un Master de journalisme de sport, il ne rate plus un Grand Prix de F1 ni un match du PSG, ses deux passions et sp\u00e9cialit\u00e9s<\/p>\n<p class=\"heading\">Alors que le PSG a d\u00e9cid\u00e9 de ne pas recruter de lat\u00e9ral droit de m\u00e9tier pour faire souffler Achraf Hakimi, c&rsquo;est peut-\u00eatre parce que le futur rempla\u00e7ant du Marocain est pr\u00e9sent chez jeunes parisiens. En effet, le profil de David Boly (16 ans) semble faire l&rsquo;unanimit\u00e9 en interne.<\/p>\n<p>Ce fut l&rsquo;un des d\u00e9bats de l&rsquo;\u00e9t\u00e9 durant le mercato. Mais le <strong>PSG <\/strong>a d\u00e9cid\u00e9 de ne pas recruter de lat\u00e9ral droit bien qu&rsquo;<strong>Achraf Hakimi<\/strong> soit le seul sp\u00e9cialiste du poste. Pour le moment, <strong>Luis Enrique<\/strong> utilise essentiellement <strong>Warren Za\u00efre-Emery<\/strong> \u00e0 ce poste. Mais le journaliste du Parisien <strong>Dominique S\u00e9verac<\/strong> assure que le jeune <strong>David Boly<\/strong> pourrait bien prochainement d\u00e9barquer dans groupe professionnel.<\/p>\n<p>                                            S\u00e9verac s&rsquo;enflamme pour David Boly<\/p>\n<p>\u00ab Il y a David Boly, 16 ans, dont tout le monde parle. Il para\u00eet qu&rsquo;il est fantastique. Mais les solutions sans Hakimi sont connues : soit Neves soit Za\u00efre-Emery soit Zabarnyi\/Marquinhos. Elles passent toutes avant David Boly \u00bb, confie-t-il dans un chat sur le site du Parisien avant d&rsquo;\u00e9voquer l&rsquo;\u00e9closion d&rsquo;un autre Titi, \u00e0 savoir <strong>Quentin Ndjantou<\/strong>.<\/p>\n<p>                                            \u00abIl para\u00eet qu&rsquo;il est fantastique\u00bb<\/p>\n<p>\u00ab \u00c0 moyen terme, l&rsquo;id\u00e9e reste de faire confiance aux attaquants connus comme Dou\u00e9, Kvara, Barcola. \u00c0 court terme, Quentin Ndjantou peut gratter du temps de jeu avec des entr\u00e9es voire une titularisation. Luis Enrique a lanc\u00e9 Mbaye \u00e0 Barcelone. D\u00e9sormais chaque jeune peut avoir sa chance sur n&rsquo;importe quel match. Imaginer Ndjantou titulaire \u00e0 Lille n&rsquo;est pas farfelu \u00bb, ajoute <strong>Dominique S\u00e9verac<\/strong>.<\/p>\n","protected":false},"excerpt":{"rendered":"Arthur Montagne &#8211; Journaliste Affam\u00e9 de sport, il a grandi au son des moteurs de Formule 1 et&hellip;\n","protected":false},"author":2,"featured_media":440069,"comment_status":"","ping_status":"","sticky":false,"template":"","format":"standard","meta":{"footnotes":""},"categories":[1412],"tags":[1451,1452,1453,1454,1455,1011,27,60],"class_list":{"0":"post-440068","1":"post","2":"type-post","3":"status-publish","4":"format-standard","5":"has-post-thumbnail","7":"category-f1","8":"tag-f1","9":"tag-formula-1","10":"tag-formula1","11":"tag-formule-1","12":"tag-formule1","13":"tag-fr","14":"tag-france","15":"tag-sports"},"share_on_mastodon":{"url":"https:\/\/pubeurope.com\/@fr\/115319797469917259","error":""},"_links":{"self":[{"href":"https:\/\/www.europesays.com\/fr\/wp-json\/wp\/v2\/posts\/440068","targetHints":{"allow":["GET"]}}],"collection":[{"href":"https:\/\/www.europesays.com\/fr\/wp-json\/wp\/v2\/posts"}],"about":[{"href":"https:\/\/www.europesays.com\/fr\/wp-json\/wp\/v2\/types\/post"}],"author":[{"embeddable":true,"href":"https:\/\/www.europesays.com\/fr\/wp-json\/wp\/v2\/users\/2"}],"replies":[{"embeddable":true,"href":"https:\/\/www.europesays.com\/fr\/wp-json\/wp\/v2\/comments?post=440068"}],"version-history":[{"count":0,"href":"https:\/\/www.europesays.com\/fr\/wp-json\/wp\/v2\/posts\/440068\/revisions"}],"wp:featuredmedia":[{"embeddable":true,"href":"https:\/\/www.europesays.com\/fr\/wp-json\/wp\/v2\/media\/440069"}],"wp:attachment":[{"href":"https:\/\/www.europesays.com\/fr\/wp-json\/wp\/v2\/media?parent=440068"}],"wp:term":[{"taxonomy":"category","embeddable":true,"href":"https:\/\/www.europesays.com\/fr\/wp-json\/wp\/v2\/categories?post=440068"},{"taxonomy":"post_tag","embeddable":true,"href":"https:\/\/www.europesays.com\/fr\/wp-json\/wp\/v2\/tags?post=440068"}],"curies":[{"name":"wp","href":"https:\/\/api.w.org\/{rel}","templated":true}]}}