{"id":440078,"date":"2025-10-05T05:05:38","date_gmt":"2025-10-05T05:05:38","guid":{"rendered":"https:\/\/www.europesays.com\/fr\/440078\/"},"modified":"2025-10-05T05:05:38","modified_gmt":"2025-10-05T05:05:38","slug":"audience-tv-du-dimanche-28-septembre-2025","status":"publish","type":"post","link":"https:\/\/www.europesays.com\/fr\/440078\/","title":{"rendered":"Audience TV du Dimanche 28 septembre 2025"},"content":{"rendered":"<p>La soir\u00e9e du samedi 28 septembre 2025 a \u00e9t\u00e9 domin\u00e9e par TF1 et son film \u00ab\u00a0Retour chez ma m\u00e8re\u00a0\u00bb qui a rassembl\u00e9 2,83 millions de t\u00e9l\u00e9spectateurs. France 3 s&rsquo;illustre en deuxi\u00e8me position avec un \u00e9pisode in\u00e9dit de \u00ab\u00a0Brokenwood\u00a0\u00bb, tandis que France 2 compl\u00e8te le podium avec \u00ab\u00a0Quantum of Solace\u00a0\u00bb. Cette soir\u00e9e r\u00e9v\u00e8le une fragmentation notable des audiences avec seize programmes d\u00e9passant les 70 000 t\u00e9l\u00e9spectateurs.<\/p>\n<p>TF1 remporte la soir\u00e9e avec \u00ab\u00a0Retour chez ma m\u00e8re\u00a0\u00bbLa premi\u00e8re cha\u00eene fran\u00e7aise s&rsquo;impose largement en t\u00eate des audiences avec <a href=\"https:\/\/tv-programme.com\/retour-chez-ma-mere-film\" target=\"_blank\" rel=\"noopener\">Retour chez ma m\u00e8re<\/a>, rassemblant <strong>2 829 000 t\u00e9l\u00e9spectateurs<\/strong> soit <strong>20,59%<\/strong> de part de march\u00e9. Cette com\u00e9die fran\u00e7aise confirme l&rsquo;app\u00e9tence du public pour les productions hexagonales en premi\u00e8re partie de soir\u00e9e. <a href=\"https:\/\/tv-programme.com\/tf1\" target=\"_blank\" rel=\"noopener\">TF1<\/a> maintient ainsi sa position de leader sur le paysage audiovisuel fran\u00e7ais.Le podium des meilleures audiencesFrance 3 s\u00e9duit avec un in\u00e9dit de \u00ab\u00a0Brokenwood\u00a0\u00bb<a href=\"https:\/\/tv-programme.com\/france-3\" target=\"_blank\" rel=\"noopener\">France 3<\/a> d\u00e9croche une excellente deuxi\u00e8me place avec <a href=\"https:\/\/tv-programme.com\/brokenwood-serie\/s10e04-l-amour-fou-e1088144\" target=\"_blank\" rel=\"noopener\">Brokenwood S10E04 L&rsquo;amour fou<\/a>, un \u00e9pisode in\u00e9dit qui a captiv\u00e9 <strong>2 465 000 t\u00e9l\u00e9spectateurs<\/strong> pour <strong>17,94%<\/strong> de part de march\u00e9. Cette performance illustre la fid\u00e9lit\u00e9 du public aux s\u00e9ries polici\u00e8res de qualit\u00e9 diffus\u00e9es par la cha\u00eene r\u00e9gionale.France 2 mise sur James BondLa deuxi\u00e8me cha\u00eene publique compl\u00e8te le podium avec <a href=\"https:\/\/tv-programme.com\/quantum-of-solace-film\" target=\"_blank\" rel=\"noopener\">Quantum of Solace<\/a>, le film d&rsquo;action avec Daniel Craig ayant r\u00e9uni <strong>2 114 000 t\u00e9l\u00e9spectateurs<\/strong> soit <strong>15,38%<\/strong> de part d&rsquo;audience. <a href=\"https:\/\/tv-programme.com\/france-2\" target=\"_blank\" rel=\"noopener\">France 2<\/a> confirme l&rsquo;efficacit\u00e9 des blockbusters hollywoodiens pour f\u00e9d\u00e9rer un large public.Les cha\u00eenes traditionnelles maintiennent leur audienceM6 explore les difficult\u00e9s financi\u00e8res<a href=\"https:\/\/tv-programme.com\/m6\" target=\"_blank\" rel=\"noopener\">M6<\/a> se positionne en quatri\u00e8me position avec un num\u00e9ro in\u00e9dit de <a href=\"https:\/\/tv-programme.com\/zone-interdite-magazine\/fins-de-mois-difficiles-comment-eviter-le-piege-du-surendettement-e1088153\" target=\"_blank\" rel=\"noopener\">Zone interdite Fins de mois difficiles : comment \u00e9viter le pi\u00e8ge du surendettement ?<\/a>. Cette enqu\u00eate soci\u00e9tale a attir\u00e9 <strong>1 600 000 t\u00e9l\u00e9spectateurs<\/strong> pour <strong>11,64%<\/strong> de part de march\u00e9, d\u00e9montrant l&rsquo;int\u00e9r\u00eat du public pour les sujets d&rsquo;actualit\u00e9 \u00e9conomique.Arte mise sur le western des fr\u00e8res Coen<a href=\"https:\/\/tv-programme.com\/arte\" target=\"_blank\" rel=\"noopener\">Arte<\/a> propose <a href=\"https:\/\/tv-programme.com\/true-grit-film\" target=\"_blank\" rel=\"noopener\">True Grit<\/a>, le western sign\u00e9 par les fr\u00e8res Coen qui s\u00e9duit <strong>1 179 000 t\u00e9l\u00e9spectateurs<\/strong> soit <strong>8,58%<\/strong> de part d&rsquo;audience. Cette programmation cin\u00e9phile confirme le positionnement culturel de la cha\u00eene franco-allemande.France 5 d\u00e9crypte les enjeux g\u00e9opolitiques<a href=\"https:\/\/tv-programme.com\/france-5\" target=\"_blank\" rel=\"noopener\">France 5<\/a> diffuse le documentaire in\u00e9dit <a href=\"https:\/\/tv-programme.com\/main-basse-sur-la-mer-noire-documentaire\" target=\"_blank\" rel=\"noopener\">Main basse sur la mer Noire<\/a>, qui rassemble <strong>486 000 t\u00e9l\u00e9spectateurs<\/strong> pour <strong>3,54%<\/strong> de part de march\u00e9. Cette audience refl\u00e8te l&rsquo;int\u00e9r\u00eat pour les analyses g\u00e9opolitiques approfondies.La TNT diversifie l&rsquo;offre t\u00e9l\u00e9visuelleLes cha\u00eenes de la t\u00e9l\u00e9vision num\u00e9rique terrestre proposent une programmation \u00e9clectique. <a href=\"https:\/\/tv-programme.com\/w9\" target=\"_blank\" rel=\"noopener\">W9<\/a> mise sur la com\u00e9die fran\u00e7aise avec <a href=\"https:\/\/tv-programme.com\/epouse-moi-mon-pote-film\" target=\"_blank\" rel=\"noopener\">Epouse-moi mon pote<\/a> qui attire <strong>461 000 t\u00e9l\u00e9spectateurs<\/strong>. <a href=\"https:\/\/tv-programme.com\/tf1-series-films\" target=\"_blank\" rel=\"noopener\">TF1 S\u00e9ries Films<\/a> programme <a href=\"https:\/\/tv-programme.com\/a-star-is-born-film\" target=\"_blank\" rel=\"noopener\">A Star is Born<\/a> pour <strong>400 000 t\u00e9l\u00e9spectateurs<\/strong>, tandis que <a href=\"https:\/\/tv-programme.com\/rmc-decouverte\" target=\"_blank\" rel=\"noopener\">RMC D\u00e9couverte<\/a> propose un num\u00e9ro in\u00e9dit de <a href=\"https:\/\/tv-programme.com\/faites-entrer-l-accuse-magazine\/s26e02-estelle-mouzin-autopsie-d-une-disparition-e1088203\" target=\"_blank\" rel=\"noopener\">Faites entrer l&rsquo;accus\u00e9 S26E02 Estelle Mouzin : Autopsie d&rsquo;une disparition<\/a> avec <strong>398 000 t\u00e9l\u00e9spectateurs<\/strong>.Une fragmentation marqu\u00e9e des audiencesCette soir\u00e9e du 28 septembre illustre la diversification croissante de l&rsquo;offre t\u00e9l\u00e9visuelle fran\u00e7aise. Avec seize programmes recens\u00e9s d\u00e9passant les 70 000 t\u00e9l\u00e9spectateurs, on observe une r\u00e9partition de l&rsquo;audience sur de multiples contenus. Cette tendance refl\u00e8te l&rsquo;\u00e9volution des habitudes de consommation t\u00e9l\u00e9visuelle, o\u00f9 chaque cha\u00eene d\u00e9veloppe sa sp\u00e9cificit\u00e9 pour capter son public cible. La multiplication des cha\u00eenes th\u00e9matiques contribue \u00e0 cette fragmentation, offrant aux t\u00e9l\u00e9spectateurs un choix \u00e9largi de programmes adapt\u00e9s \u00e0 leurs centres d&rsquo;int\u00e9r\u00eat sp\u00e9cifiques.<\/p>\n","protected":false},"excerpt":{"rendered":"La soir\u00e9e du samedi 28 septembre 2025 a \u00e9t\u00e9 domin\u00e9e par TF1 et son film \u00ab\u00a0Retour chez ma&hellip;\n","protected":false},"author":2,"featured_media":440079,"comment_status":"","ping_status":"","sticky":false,"template":"","format":"standard","meta":{"footnotes":""},"categories":[1356],"tags":[39020,6394,3949,58,39019,59,1011,27,326,39014,39013,39016,39017,39018,503,39015,502,39022,39021,362,39012,252,1364],"class_list":{"0":"post-440078","1":"post","2":"type-post","3":"status-publish","4":"format-standard","5":"has-post-thumbnail","7":"category-television","8":"tag-a-la-tv","9":"tag-ce-soir-tv","10":"tag-complet","11":"tag-divertissement","12":"tag-en-ce-moment-tv","13":"tag-entertainment","14":"tag-fr","15":"tag-france","16":"tag-gratuit","17":"tag-guide-tele","18":"tag-guide-tv","19":"tag-programme-canalsat","20":"tag-programme-freebox","21":"tag-programme-orange","22":"tag-programme-tele","23":"tag-programme-tnt","24":"tag-programme-tv","25":"tag-que-regarder-a-la-tv","26":"tag-regarder-la-tv","27":"tag-replay","28":"tag-soiree-tv","29":"tag-television","30":"tag-tv"},"share_on_mastodon":{"url":"https:\/\/pubeurope.com\/@fr\/115319820989539998","error":""},"_links":{"self":[{"href":"https:\/\/www.europesays.com\/fr\/wp-json\/wp\/v2\/posts\/440078","targetHints":{"allow":["GET"]}}],"collection":[{"href":"https:\/\/www.europesays.com\/fr\/wp-json\/wp\/v2\/posts"}],"about":[{"href":"https:\/\/www.europesays.com\/fr\/wp-json\/wp\/v2\/types\/post"}],"author":[{"embeddable":true,"href":"https:\/\/www.europesays.com\/fr\/wp-json\/wp\/v2\/users\/2"}],"replies":[{"embeddable":true,"href":"https:\/\/www.europesays.com\/fr\/wp-json\/wp\/v2\/comments?post=440078"}],"version-history":[{"count":0,"href":"https:\/\/www.europesays.com\/fr\/wp-json\/wp\/v2\/posts\/440078\/revisions"}],"wp:featuredmedia":[{"embeddable":true,"href":"https:\/\/www.europesays.com\/fr\/wp-json\/wp\/v2\/media\/440079"}],"wp:attachment":[{"href":"https:\/\/www.europesays.com\/fr\/wp-json\/wp\/v2\/media?parent=440078"}],"wp:term":[{"taxonomy":"category","embeddable":true,"href":"https:\/\/www.europesays.com\/fr\/wp-json\/wp\/v2\/categories?post=440078"},{"taxonomy":"post_tag","embeddable":true,"href":"https:\/\/www.europesays.com\/fr\/wp-json\/wp\/v2\/tags?post=440078"}],"curies":[{"name":"wp","href":"https:\/\/api.w.org\/{rel}","templated":true}]}}