{"id":440094,"date":"2025-10-05T05:15:26","date_gmt":"2025-10-05T05:15:26","guid":{"rendered":"https:\/\/www.europesays.com\/fr\/440094\/"},"modified":"2025-10-05T05:15:26","modified_gmt":"2025-10-05T05:15:26","slug":"rebsamen-annonce-quil-ne-veut-plus-etre-ministre-pour-des-raisons-politiques","status":"publish","type":"post","link":"https:\/\/www.europesays.com\/fr\/440094\/","title":{"rendered":"Rebsamen annonce qu\u2019il ne veut plus \u00eatre ministre, pour des raisons politiques"},"content":{"rendered":"<p>        <img decoding=\"async\" loading=\"lazy\" src=\"https:\/\/www.europesays.com\/fr\/wp-content\/uploads\/2025\/10\/218c6f7_upload-1-bkdcss2xaxas-afp-20250903-aa-03092025-2401897-v1-highres-frenchgovernmentweeklycabi.jpeg\"  width=\"728\" height=\"410\" alt=\"Fran\u00e7ois Rebsamen ici \u00e0 l'\u00c9lys\u00e9e le 3\u00a0septembre 2025.\"\/>  <\/p>\n<p>MUSTAFA YALCIN \/ Anadolu via AFP<\/p>\n<p>Fran\u00e7ois Rebsamen ici \u00e0 l&rsquo;\u00c9lys\u00e9e le 3\u00a0septembre 2025.<\/p>\n<p class=\"asset asset-text\">POLITIQUE &#8211; La d\u00e9marche est inhabituelle. \u00c0 quelques heures de l\u2019annonce du nouveau gouvernement, <a href=\"https:\/\/www.huffingtonpost.fr\/politique\/article\/pourquoi-ce-lapsus-de-francois-rebsamen-sur-le-pays-corse-tombe-mal_253122.html\" target=\"_blank\" rel=\"noopener\">Fran\u00e7ois Rebsamen<\/a> se fend d\u2019un communiqu\u00e9 pour expliquer qu\u2019il n\u2019en sera pas. Nomm\u00e9 ministre de l\u2019Am\u00e9nagement du territoire et de la D\u00e9centralisation par <a href=\"https:\/\/www.huffingtonpost.fr\/politique\/article\/francois-bayrou-un-retour-chaotique-au-conseil-municipal-de-pau_255051.html\" target=\"_blank\" rel=\"noopener\">Fran\u00e7ois Bayrou<\/a> en d\u00e9cembre\u00a02024, l\u2019ex-maire de Dijon a pr\u00e9venu ce samedi 4\u00a0octobre le Premier ministre S\u00e9bastien Lecornu de son souhait de ne pas rempiler.<\/p>\n<p class=\"asset asset-text\">\u00ab\u00a0Mes convictions d\u2019homme de gauche, progressiste, mon attachement \u00e0 la justice fiscale et sociale, \u00e0 la r\u00e9duction des in\u00e9galit\u00e9s et ma conception de la d\u00e9centralisation m\u2019ont conduit \u00e0 faire ce choix\u00a0\u00bb, \u00e9crit Fran\u00e7ois Rebsamen, qui semble donc clairement expliquer ce retrait par des motifs politiques.<\/p>\n<p class=\"asset asset-text\">Sans entrer dans le d\u00e9tail de ce qui a pu le rebuter, il assure qu\u2019il n\u2019entrera pour autant pas dans l\u2019opposition. \u00ab\u00a0Je souhaite au nouveau gouvernement de r\u00e9ussir dans l\u2019int\u00e9r\u00eat des Fran\u00e7ais\u00a0\u00bb et de la \u00ab\u00a0stabilit\u00e9\u00a0\u00bb, explique-t-il, promettant de lui apporter \u00ab\u00a0un soutien exigeant et lucide\u00a0\u00bb. Tout d\u00e9pendra, poursuit Fran\u00e7ois Rebsamen, de l\u2019orientation prise par la nouvelle \u00e9quipe et de l\u2019ad\u00e9quation avec \u00ab\u00a0ses convictions sociales-d\u00e9mocrates, \u00e9cologistes, europ\u00e9ennes et progressistes\u00a0\u00bb. Les autres repr\u00e9sentants de l\u2019aile \u00ab\u00a0gauche\u00a0\u00bb du gouvernement, au premier rang desquels Juliette M\u00e9adel, ne se sont pas exprim\u00e9s sur leur reconduction \u00e9ventuelle.<\/p>\n<p class=\"asset asset-text\">En parall\u00e8le de ce retrait d\u2019une des cautions de \u00ab\u00a0gauche\u00a0\u00bb du gouvernement Bayrou, <a href=\"https:\/\/www.huffingtonpost.fr\/politique\/article\/les-republicains-face-au-dilemme-de-participer-ou-non-au-gouvernement-de-sebastien-lecornu_255588.html\" target=\"_blank\" rel=\"noopener\">Bruno Retailleau fait monter les ench\u00e8res<\/a> pour tirer le nouveau gouvernement sur sa droite. Il a adress\u00e9 un courrier \u00e0 S\u00e9bastien Lecornu en d\u00e9but de semaine, listant les sujets sur lesquels il attend le Premier ministre. Figurent, tout en haut de la liste, des demandes en mati\u00e8re d\u2019immigration et de s\u00e9curit\u00e9. Les R\u00e9publicains, qui se r\u00e9unissent ce samedi 4\u00a0octobre pour trancher la question de leur participation au gouvernement, maintiennent pour l\u2019heure le suspense.<\/p>\n<p class=\"asset asset-text\">D\u00e9sormais d\u00e9barrass\u00e9 de ses occupations minist\u00e9rielles, Fran\u00e7ois Rebsamen indique qu\u2019il compte \u00ab\u00a0poursuivre son action de pr\u00e9sident de la m\u00e9tropole de Dijon\u00a0\u00bb. En outre, il reste \u00e0 la t\u00eate de la F\u00e9d\u00e9ration progressiste, une petite boutique de centre-gauche qu\u2019il avait lanc\u00e9e (dans l\u2019indiff\u00e9rence quasi-g\u00e9n\u00e9rale) en 2022. Cet \u00e9t\u00e9, il a annonc\u00e9 se rallier \u00e0 Bernard Cazeneuve.<\/p>\n","protected":false},"excerpt":{"rendered":"MUSTAFA YALCIN \/ Anadolu via AFP Fran\u00e7ois Rebsamen ici \u00e0 l&rsquo;\u00c9lys\u00e9e le 3\u00a0septembre 2025. POLITIQUE &#8211; La d\u00e9marche&hellip;\n","protected":false},"author":2,"featured_media":440095,"comment_status":"","ping_status":"","sticky":false,"template":"","format":"standard","meta":{"footnotes":""},"categories":[2],"tags":[11,1011,27,56703,418,12,316,11067],"class_list":{"0":"post-440094","1":"post","2":"type-post","3":"status-publish","4":"format-standard","5":"has-post-thumbnail","7":"category-actualites","8":"tag-actualites","9":"tag-fr","10":"tag-france","11":"tag-francois-rebsamen","12":"tag-gouvernement","13":"tag-news","14":"tag-politique","15":"tag-sebastien-lecornu"},"share_on_mastodon":{"url":"https:\/\/pubeurope.com\/@fr\/115319860801318760","error":""},"_links":{"self":[{"href":"https:\/\/www.europesays.com\/fr\/wp-json\/wp\/v2\/posts\/440094","targetHints":{"allow":["GET"]}}],"collection":[{"href":"https:\/\/www.europesays.com\/fr\/wp-json\/wp\/v2\/posts"}],"about":[{"href":"https:\/\/www.europesays.com\/fr\/wp-json\/wp\/v2\/types\/post"}],"author":[{"embeddable":true,"href":"https:\/\/www.europesays.com\/fr\/wp-json\/wp\/v2\/users\/2"}],"replies":[{"embeddable":true,"href":"https:\/\/www.europesays.com\/fr\/wp-json\/wp\/v2\/comments?post=440094"}],"version-history":[{"count":0,"href":"https:\/\/www.europesays.com\/fr\/wp-json\/wp\/v2\/posts\/440094\/revisions"}],"wp:featuredmedia":[{"embeddable":true,"href":"https:\/\/www.europesays.com\/fr\/wp-json\/wp\/v2\/media\/440095"}],"wp:attachment":[{"href":"https:\/\/www.europesays.com\/fr\/wp-json\/wp\/v2\/media?parent=440094"}],"wp:term":[{"taxonomy":"category","embeddable":true,"href":"https:\/\/www.europesays.com\/fr\/wp-json\/wp\/v2\/categories?post=440094"},{"taxonomy":"post_tag","embeddable":true,"href":"https:\/\/www.europesays.com\/fr\/wp-json\/wp\/v2\/tags?post=440094"}],"curies":[{"name":"wp","href":"https:\/\/api.w.org\/{rel}","templated":true}]}}