{"id":440096,"date":"2025-10-05T05:16:11","date_gmt":"2025-10-05T05:16:11","guid":{"rendered":"https:\/\/www.europesays.com\/fr\/440096\/"},"modified":"2025-10-05T05:16:11","modified_gmt":"2025-10-05T05:16:11","slug":"la-vie-sur-la-colline-saint-ennemond","status":"publish","type":"post","link":"https:\/\/www.europesays.com\/fr\/440096\/","title":{"rendered":"la vie sur la colline Saint-Ennemond"},"content":{"rendered":"<p>Avec ses voies suivant ses courbes de niveau, et ses ruelles en escaliers escarp\u00e9es, la tr\u00e8s pentue colline Saint-Ennemond n\u2019est que contraintes. En 1822, l\u2019architecte Jean-Michel Dalgabio charg\u00e9 de trouver comment \u00ab\u00a0aligner\u00a0\u00bb tout \u00e7a, dresse dans son rapport pr\u00e9sent\u00e9 en conseil municipal un portrait bien peu flatteur.<\/p>\n<p>\u00ab\u00a0Les habitations ne sont que des masures construites sur le revers d\u2019une colline tr\u00e8s escarp\u00e9e, qui a une pente de pr\u00e8s de 40 degr\u00e9s, et o\u00f9 les maisons sont entass\u00e9es les unes sur les autres au milieu des d\u00e9combres et des ruines du ch\u00e2teau et des \u00e9glises de Saint-Ennemond et de Saint-Jean.\u00a0\u00bb Tant et si bien que l\u2019architecte estime qu\u2019il est \u00ab\u00a0physiquement impossible de fixer les alignements de ses rues de mani\u00e8re \u00e0 satisfaire la vue\u00a0\u00bb.<\/p>\n<p>Une colline surnomm\u00e9e \u00ab\u00a0les carri\u00e8res d\u2019Am\u00e9rique\u00a0\u00bb<\/p>\n<p>Des caract\u00e9ristiques qui rendent \u00e9galement compliqu\u00e9s l\u2019entretien et l\u2019am\u00e9lioration de la voirie, pourtant demand\u00e9es \u00e0 grand renfort de p\u00e9titions r\u00e9guli\u00e8rement par les habitants. L\u2019hiver,&#8230;<\/p>\n","protected":false},"excerpt":{"rendered":"Avec ses voies suivant ses courbes de niveau, et ses ruelles en escaliers escarp\u00e9es, la tr\u00e8s pentue colline&hellip;\n","protected":false},"author":2,"featured_media":440097,"comment_status":"","ping_status":"","sticky":false,"template":"","format":"standard","meta":{"footnotes":""},"categories":[9653],"tags":[1111,11,2430,1687,7539,1777,674,1011,27,937,12,25,9669,9670,4001,104],"class_list":{"0":"post-440096","1":"post","2":"type-post","3":"status-publish","4":"format-standard","5":"has-post-thumbnail","7":"category-saint-etienne","8":"tag-actu","9":"tag-actualites","10":"tag-auvergne-rhone-alpes","11":"tag-culture-loisirs","12":"tag-edition-loire-sud","13":"tag-eu","14":"tag-europe","15":"tag-fr","16":"tag-france","17":"tag-histoire","18":"tag-news","19":"tag-republique-francaise","20":"tag-saint-chamond","21":"tag-saint-chamond-ville","22":"tag-saint-etienne","23":"tag-societe"},"share_on_mastodon":{"url":"https:\/\/pubeurope.com\/@fr\/115319864320282252","error":""},"_links":{"self":[{"href":"https:\/\/www.europesays.com\/fr\/wp-json\/wp\/v2\/posts\/440096","targetHints":{"allow":["GET"]}}],"collection":[{"href":"https:\/\/www.europesays.com\/fr\/wp-json\/wp\/v2\/posts"}],"about":[{"href":"https:\/\/www.europesays.com\/fr\/wp-json\/wp\/v2\/types\/post"}],"author":[{"embeddable":true,"href":"https:\/\/www.europesays.com\/fr\/wp-json\/wp\/v2\/users\/2"}],"replies":[{"embeddable":true,"href":"https:\/\/www.europesays.com\/fr\/wp-json\/wp\/v2\/comments?post=440096"}],"version-history":[{"count":0,"href":"https:\/\/www.europesays.com\/fr\/wp-json\/wp\/v2\/posts\/440096\/revisions"}],"wp:featuredmedia":[{"embeddable":true,"href":"https:\/\/www.europesays.com\/fr\/wp-json\/wp\/v2\/media\/440097"}],"wp:attachment":[{"href":"https:\/\/www.europesays.com\/fr\/wp-json\/wp\/v2\/media?parent=440096"}],"wp:term":[{"taxonomy":"category","embeddable":true,"href":"https:\/\/www.europesays.com\/fr\/wp-json\/wp\/v2\/categories?post=440096"},{"taxonomy":"post_tag","embeddable":true,"href":"https:\/\/www.europesays.com\/fr\/wp-json\/wp\/v2\/tags?post=440096"}],"curies":[{"name":"wp","href":"https:\/\/api.w.org\/{rel}","templated":true}]}}