{"id":440098,"date":"2025-10-05T05:17:12","date_gmt":"2025-10-05T05:17:12","guid":{"rendered":"https:\/\/www.europesays.com\/fr\/440098\/"},"modified":"2025-10-05T05:17:12","modified_gmt":"2025-10-05T05:17:12","slug":"saint-etienne-des-casiers-connectes-pour-louer-une-perceuse-un-appareil-a-raclette-ou-un-videoprojecteur","status":"publish","type":"post","link":"https:\/\/www.europesays.com\/fr\/440098\/","title":{"rendered":"Saint-\u00c9tienne. Des casiers connect\u00e9s pour louer une perceuse, un appareil \u00e0 raclette ou un vid\u00e9oprojecteur"},"content":{"rendered":"<p>Un nettoyeur de vitres, un appareil \u00e0 raclette, une tireuse \u00e0 bi\u00e8re, un vid\u00e9oprojecteur, une machine \u00e0 karaok\u00e9, une perceuse-visseuse sans fil, une machine \u00e0 pop-corn\u2026 Voici quelques-uns des objets qui sont propos\u00e9s \u00e0 la location dans les casiers connect\u00e9s des Biens en commun.<\/p>\n<p>\u00ab\u00a0J\u2019ai eu l\u2019id\u00e9e en 2016 en observant le succ\u00e8s des v\u00e9los en libre-service. Ce qu\u2019on propose, c\u2019est un peu le m\u00eame principe\u00a0\u00bb, raconte Yann Lemoine, 38 ans. Ce Lyonnais d\u2019adoption a mis cinq ans \u00e0 concr\u00e9tiser son id\u00e9e et <a href=\"https:\/\/www.leprogres.fr\/economie\/2021\/05\/01\/a-lyon-yann-lemoine-veut-mettre-en-commun-du-petit-electromenager\" target=\"_blank\" rel=\"noopener\">Les Biens en commun est n\u00e9 en 2021<\/a>. Il s\u2019agit d\u2019un service de location d\u2019\u00e9quipements du quotidien en proximit\u00e9 et en libre-service.<\/p>\n<p>\u00ab\u00a0Des \u00e9quipements qui co\u00fbtent cher et dont on se sert peu\u00a0\u00bb<\/p>\n<p>Depuis sa cr\u00e9ation, Les Biens en commun a install\u00e9 une soixantaine de casiers connect\u00e9s. Dont deux \u00e0 Saint-\u00c9tienne\u00a0: dans la galerie marchande d\u2019Auchan&#8230;<\/p>\n","protected":false},"excerpt":{"rendered":"Un nettoyeur de vitres, un appareil \u00e0 raclette, une tireuse \u00e0 bi\u00e8re, un vid\u00e9oprojecteur, une machine \u00e0 karaok\u00e9,&hellip;\n","protected":false},"author":2,"featured_media":440099,"comment_status":"","ping_status":"","sticky":false,"template":"","format":"standard","meta":{"footnotes":""},"categories":[9653],"tags":[1111,11,2430,4406,33,7539,436,1777,674,1011,27,3367,12,25,4001,7538],"class_list":{"0":"post-440098","1":"post","2":"type-post","3":"status-publish","4":"format-standard","5":"has-post-thumbnail","7":"category-saint-etienne","8":"tag-actu","9":"tag-actualites","10":"tag-auvergne-rhone-alpes","11":"tag-commerce-et-services","12":"tag-economie","13":"tag-edition-loire-sud","14":"tag-environnement","15":"tag-eu","16":"tag-europe","17":"tag-fr","18":"tag-france","19":"tag-loire","20":"tag-news","21":"tag-republique-francaise","22":"tag-saint-etienne","23":"tag-saint-etienne-ville"},"share_on_mastodon":{"url":"https:\/\/pubeurope.com\/@fr\/115319868167081412","error":""},"_links":{"self":[{"href":"https:\/\/www.europesays.com\/fr\/wp-json\/wp\/v2\/posts\/440098","targetHints":{"allow":["GET"]}}],"collection":[{"href":"https:\/\/www.europesays.com\/fr\/wp-json\/wp\/v2\/posts"}],"about":[{"href":"https:\/\/www.europesays.com\/fr\/wp-json\/wp\/v2\/types\/post"}],"author":[{"embeddable":true,"href":"https:\/\/www.europesays.com\/fr\/wp-json\/wp\/v2\/users\/2"}],"replies":[{"embeddable":true,"href":"https:\/\/www.europesays.com\/fr\/wp-json\/wp\/v2\/comments?post=440098"}],"version-history":[{"count":0,"href":"https:\/\/www.europesays.com\/fr\/wp-json\/wp\/v2\/posts\/440098\/revisions"}],"wp:featuredmedia":[{"embeddable":true,"href":"https:\/\/www.europesays.com\/fr\/wp-json\/wp\/v2\/media\/440099"}],"wp:attachment":[{"href":"https:\/\/www.europesays.com\/fr\/wp-json\/wp\/v2\/media?parent=440098"}],"wp:term":[{"taxonomy":"category","embeddable":true,"href":"https:\/\/www.europesays.com\/fr\/wp-json\/wp\/v2\/categories?post=440098"},{"taxonomy":"post_tag","embeddable":true,"href":"https:\/\/www.europesays.com\/fr\/wp-json\/wp\/v2\/tags?post=440098"}],"curies":[{"name":"wp","href":"https:\/\/api.w.org\/{rel}","templated":true}]}}