{"id":440108,"date":"2025-10-05T05:29:52","date_gmt":"2025-10-05T05:29:52","guid":{"rendered":"https:\/\/www.europesays.com\/fr\/440108\/"},"modified":"2025-10-05T05:29:52","modified_gmt":"2025-10-05T05:29:52","slug":"drome-travaux-en-gare-de-saint-marcellin-des-perturbations-sur-la-ligne-valence-grenoble-a-prevoir-ce-week-end","status":"publish","type":"post","link":"https:\/\/www.europesays.com\/fr\/440108\/","title":{"rendered":"Dr\u00f4me. Travaux en gare de Saint-Marcellin\u00a0: des perturbations sur la ligne Valence-Grenoble \u00e0 pr\u00e9voir ce week-end"},"content":{"rendered":"<p>\u00c0 compter de ce vendredi 3\u00a0octobre \u00e0 22 heures et jusqu\u2019au lundi 6\u00a0octobre \u00e0 6 heures, SNCF R\u00e9seau m\u00e8ne des travaux \u201ccoup de poing\u201d en gare de Saint-Marcellin dans le cadre d\u2019un chantier, d\u00e9marr\u00e9 le 14\u00a0septembre et qui doit se poursuivre jusqu\u2019au 24\u00a0octobre, de renouvellement des voies ferr\u00e9es et des aiguillages.<\/p>\n<p>Les circulations ferroviaires entre Valence et Moirans seront ainsi interrompues samedi\u00a04 et dimanche 5\u00a0octobre et plusieurs TER entre Grenoble et Moirans seront supprim\u00e9s. Des dessertes par autocars seront mises en place.<\/p>\n<p>Un\u00a0chantier \u00ab\u00a0n\u00e9cessaire\u00a0\u00bb<\/p>\n<p>Les lignes concern\u00e9es sont\u00a0: ligne 02\u00a0Gen\u00e8ve &#8211; Annecy &#8211; Grenoble &#8211; Valence\u00a0; ligne 61 Grenoble &#8211; Valence\u00a0; ligne 62 Grenoble &#8211; Saint-Andr\u00e9-le-Gaz.<\/p>\n<p>\u00c0 noter qu\u2019\u00e0 Grenoble, les autocars TER de remplacement mis en place dans le cadre de ces travaux arriveront exceptionnellement \u00e0 l\u2019arr\u00eat Grenoble-Europole. Leur d\u00e9part s\u2019effectue \u00e0 l\u2019arr\u00eat Grenoble gare routi\u00e8re. Dimanche 5\u00a0octobre, les autocars TER de remplacement arriveront \u00e0 l\u2019arr\u00eat Grenoble gare routi\u00e8re en raison d\u2019un \u00e9v\u00e9nement sportif.<\/p>\n<p>Ce contenu est bloqu\u00e9 car vous n&rsquo;avez pas accept\u00e9 les cookies et autres traceurs.<\/p>\n<p>En cliquant sur \u00ab J\u2019accepte \u00bb, les cookies et autres traceurs seront d\u00e9pos\u00e9s et vous pourrez visualiser les contenus  (<a href=\"\" class=\"consentModule_policy\" target=\"_blank\" title=\"Consulter la politique de protection des donn\u00e9es du fournisseur\">plus d&rsquo;informations<\/a>).<\/p>\n<p>En cliquant sur \u00ab J\u2019accepte tous les cookies \u00bb, vous autorisez des d\u00e9p\u00f4ts de cookies et autres traceurs pour le stockage de vos donn\u00e9es sur nos sites et applications \u00e0 des fins de personnalisation et de ciblage publicitaire.<\/p>\n<p class=\"consentModule_secondaryText\">Vous gardez la possibilit\u00e9 de retirer votre consentement \u00e0 tout moment en consultant notre <a href=\"https:\/\/www.ledauphine.com\/protection-des-donnees\" target=\"_blank\" title=\"Consulter notre politique de protection des donn\u00e9es\" rel=\"noopener\">politique de protection des donn\u00e9es<\/a>. <br \/>&#13;<br \/>\n            <a href=\"https:\/\/www.ledauphine.com\/transport\/2025\/10\/03\/javascript:Didomi.notice.show()\" class=\"consentModule_cmp\" target=\"_blank\" rel=\"noopener\">G\u00e9rer mes choix<\/a>&#13;\n        <\/p>\n<p>&#13;<br \/>\n                        J&rsquo;accepte&#13;<br \/>\n            J&rsquo;accepte tous les cookies&#13;\n        <\/p>\n<p>\u201cCe chantier est n\u00e9cessaire pour assurer la continuit\u00e9 et la s\u00e9curit\u00e9 des circulations sur la ligne entre Valence et Moirans. Ces travaux permettront de fiabiliser les performances attendues sur ce tron\u00e7on et d\u2019\u00e9viter des limitations de vitesse. Ils offriront \u00e9galement une infrastructure plus facile \u00e0 entretenir sur le long terme\u201d, assure SNCF R\u00e9seau dans un communiqu\u00e9 dat\u00e9 de ce vendredi apr\u00e8s-midi.<\/p>\n<p>Le gestionnaire pr\u00e9cise encore que \u201cce chantier d\u2019un montant de trois\u00a0millions d\u2019euros, qui mobilise une cinquantaine d\u2019agents au quotidien, est enti\u00e8rement financ\u00e9 par SNCF R\u00e9seau sur fonds propres\u201d.<\/p>\n<p class=\"note\">D\u00e9tail des perturbations sur <a href=\"https:\/\/www.ter.sncf.com\/auvergne-rhone-alpes\/se-deplacer\/info-trafic\/travaux\" target=\"_blank\" rel=\"noopener\">ter.sncf.com\/auvergne-rhone-alpes\/se-deplacer\/info-trafic\/travaux<\/a> (onglet Valence \u2013 Grenoble).<\/p>\n","protected":false},"excerpt":{"rendered":"\u00c0 compter de ce vendredi 3\u00a0octobre \u00e0 22 heures et jusqu\u2019au lundi 6\u00a0octobre \u00e0 6 heures, SNCF R\u00e9seau&hellip;\n","protected":false},"author":2,"featured_media":440109,"comment_status":"","ping_status":"","sticky":false,"template":"","format":"standard","meta":{"footnotes":""},"categories":[9566],"tags":[1111,11,2430,2730,33,112,2737,2735,114,1777,674,1011,27,2731,108,21292,12,25,1479,7387,7388,2803,800,38021,2733],"class_list":{"0":"post-440108","1":"post","2":"type-post","3":"status-publish","4":"format-standard","5":"has-post-thumbnail","7":"category-grenoble","8":"tag-actu","9":"tag-actualites","10":"tag-auvergne-rhone-alpes","11":"tag-drome","12":"tag-economie","13":"tag-edition-grenoble-agglomeration","14":"tag-edition-romans-nord-drome","15":"tag-edition-valence-rhone-crussol-vallee-de-la-drome","16":"tag-edition-voiron-saint-marcellin","17":"tag-eu","18":"tag-europe","19":"tag-fr","20":"tag-france","21":"tag-grenoble","22":"tag-isere","23":"tag-moirans","24":"tag-news","25":"tag-republique-francaise","26":"tag-romans","27":"tag-saint-marcellin","28":"tag-saint-marcellin-bassin","29":"tag-transport","30":"tag-transports","31":"tag-tullins","32":"tag-valence"},"share_on_mastodon":{"url":"https:\/\/pubeurope.com\/@fr\/115319919261988115","error":""},"_links":{"self":[{"href":"https:\/\/www.europesays.com\/fr\/wp-json\/wp\/v2\/posts\/440108","targetHints":{"allow":["GET"]}}],"collection":[{"href":"https:\/\/www.europesays.com\/fr\/wp-json\/wp\/v2\/posts"}],"about":[{"href":"https:\/\/www.europesays.com\/fr\/wp-json\/wp\/v2\/types\/post"}],"author":[{"embeddable":true,"href":"https:\/\/www.europesays.com\/fr\/wp-json\/wp\/v2\/users\/2"}],"replies":[{"embeddable":true,"href":"https:\/\/www.europesays.com\/fr\/wp-json\/wp\/v2\/comments?post=440108"}],"version-history":[{"count":0,"href":"https:\/\/www.europesays.com\/fr\/wp-json\/wp\/v2\/posts\/440108\/revisions"}],"wp:featuredmedia":[{"embeddable":true,"href":"https:\/\/www.europesays.com\/fr\/wp-json\/wp\/v2\/media\/440109"}],"wp:attachment":[{"href":"https:\/\/www.europesays.com\/fr\/wp-json\/wp\/v2\/media?parent=440108"}],"wp:term":[{"taxonomy":"category","embeddable":true,"href":"https:\/\/www.europesays.com\/fr\/wp-json\/wp\/v2\/categories?post=440108"},{"taxonomy":"post_tag","embeddable":true,"href":"https:\/\/www.europesays.com\/fr\/wp-json\/wp\/v2\/tags?post=440108"}],"curies":[{"name":"wp","href":"https:\/\/api.w.org\/{rel}","templated":true}]}}