{"id":440110,"date":"2025-10-05T05:31:14","date_gmt":"2025-10-05T05:31:14","guid":{"rendered":"https:\/\/www.europesays.com\/fr\/440110\/"},"modified":"2025-10-05T05:31:14","modified_gmt":"2025-10-05T05:31:14","slug":"un-autre-parking-va-etre-detruit-a-rennes-voici-ce-qui-est-prevu-a-la-place","status":"publish","type":"post","link":"https:\/\/www.europesays.com\/fr\/440110\/","title":{"rendered":"Un autre parking va \u00eatre d\u00e9truit \u00e0 Rennes : voici ce qui est pr\u00e9vu \u00e0 la place"},"content":{"rendered":"<p>\u00c0 gauche, la rue du P\u00e8re-Janvier et \u00e0 droite la rue du 7e d\u2019Artillerie. Coinc\u00e9 entre les deux, un parking. Situ\u00e9 dans le quartier Colombier, les murs de ce dernier sont recouverts de tags et autres fresques urbaines. Depuis le 4 ao\u00fbt dernier, cet espace est d\u00e9finitivement ferm\u00e9 aux voitures. \u00ab Un arr\u00eat\u00e9 municipal pris en juillet dernier a formalis\u00e9 l\u2019interdiction de stationnement et autoris\u00e9 l\u2019engagement des travaux pr\u00e9paratoires \u00bb, pr\u00e9cise la Ville de Rennes. Le site comptait plusieurs dizaines de places.<\/p>\n<p><img decoding=\"async\" src=\"https:\/\/www.europesays.com\/fr\/wp-content\/uploads\/2025\/10\/68dfbd3e26fa5edc4b06ca66.1.jpeg\" width=\"480\" height=\"300\" class=\"web_golden_m\" loading=\"lazy\" alt=\"Travaux parking rue du p\u00e8re janvier rennes r\u00e9sidence \u00e9tudiante\"\/>Travaux parking rue du p\u00e8re janvier rennes r\u00e9sidence \u00e9tudiante (Le T\u00e9l\u00e9gramme\/Jean-Fran\u00e7ois Chesnay)Quel projet ?<\/p>\n<p>Comme le parking Vilaine, celui situ\u00e9 \u00e0 proximit\u00e9 du centre commercial Colombier est vou\u00e9 \u00e0 \u00eatre d\u00e9truit. Si l\u2019espace de R\u00e9publique doit \u00eatre transform\u00e9 en zone plus v\u00e9g\u00e9talis\u00e9e, celui de la rue du P\u00e8re-Janvier remplira un autre objectif \u00ab afin de permettre le lancement d\u2019un programme immobilier priv\u00e9, inscrit dans le cadre de la ZAC EuroRennes \u00bb, pr\u00e9cise la mairie.<\/p>\n<p>Selon nos informations, <a href=\"https:\/\/www.letelegramme.fr\/ille-et-vilaine\/rennes-35000\/une-nouvelle-tour-signal-a-rennes-un-projet-dimmeuble-de-15-etages-fait-debat-6899705.php\" target=\"_blank\" rel=\"nofollow noopener\">une r\u00e9sidence<\/a> \u00e9tudiante devrait prendre place \u00e0 cet endroit. \u00ab L\u2019\u00eelot dit \u00ab R\u00e9servoir \u00bb est en effet identifi\u00e9 de longue date pour accueillir un programme de la ZAC \u00bb, poursuit la municipalit\u00e9. Sur le site du groupe immobilier Lamotte, il est indiqu\u00e9 qu\u2019un projet de r\u00e9sidence universitaire est pr\u00e9vu en collaboration avec le groupe Bati Armor, qui n\u2019a pas r\u00e9pondu \u00e0 nos sollicitations.<\/p>\n<p><img decoding=\"async\" src=\"https:\/\/www.europesays.com\/fr\/wp-content\/uploads\/2025\/10\/68dfbd3e01f478290600b8d2.1.jpeg\" width=\"480\" height=\"300\" class=\"web_golden_m\" loading=\"lazy\" alt=\"Le b\u00e2timent accol\u00e9 au parking sera d\u00e9truit.\"\/>Le b\u00e2timent accol\u00e9 au parking sera d\u00e9truit. (Le T\u00e9l\u00e9gramme\/Jean-Fran\u00e7ois Chesnay)<\/p>\n<p>Depuis plusieurs semaines, les travaux ont d\u00e9but\u00e9 sur le b\u00e2timent accol\u00e9 au parking. Il sera donc d\u00e9truit afin de laisser place \u00e0 des appartements \u00e9tudiants, principalement des studios et des deux-pi\u00e8ces. La livraison est annonc\u00e9e pour le troisi\u00e8me trimestre de 2028.<\/p>\n","protected":false},"excerpt":{"rendered":"\u00c0 gauche, la rue du P\u00e8re-Janvier et \u00e0 droite la rue du 7e d\u2019Artillerie. Coinc\u00e9 entre les deux,&hellip;\n","protected":false},"author":2,"featured_media":440111,"comment_status":"","ping_status":"","sticky":false,"template":"","format":"standard","meta":{"footnotes":""},"categories":[2821],"tags":[1111,11,829,1777,674,1011,27,848,12,584,25],"class_list":{"0":"post-440110","1":"post","2":"type-post","3":"status-publish","4":"format-standard","5":"has-post-thumbnail","7":"category-rennes","8":"tag-actu","9":"tag-actualites","10":"tag-bretagne","11":"tag-eu","12":"tag-europe","13":"tag-fr","14":"tag-france","15":"tag-ille-et-vilaine","16":"tag-news","17":"tag-rennes","18":"tag-republique-francaise"},"share_on_mastodon":{"url":"https:\/\/pubeurope.com\/@fr\/115319923904268440","error":""},"_links":{"self":[{"href":"https:\/\/www.europesays.com\/fr\/wp-json\/wp\/v2\/posts\/440110","targetHints":{"allow":["GET"]}}],"collection":[{"href":"https:\/\/www.europesays.com\/fr\/wp-json\/wp\/v2\/posts"}],"about":[{"href":"https:\/\/www.europesays.com\/fr\/wp-json\/wp\/v2\/types\/post"}],"author":[{"embeddable":true,"href":"https:\/\/www.europesays.com\/fr\/wp-json\/wp\/v2\/users\/2"}],"replies":[{"embeddable":true,"href":"https:\/\/www.europesays.com\/fr\/wp-json\/wp\/v2\/comments?post=440110"}],"version-history":[{"count":0,"href":"https:\/\/www.europesays.com\/fr\/wp-json\/wp\/v2\/posts\/440110\/revisions"}],"wp:featuredmedia":[{"embeddable":true,"href":"https:\/\/www.europesays.com\/fr\/wp-json\/wp\/v2\/media\/440111"}],"wp:attachment":[{"href":"https:\/\/www.europesays.com\/fr\/wp-json\/wp\/v2\/media?parent=440110"}],"wp:term":[{"taxonomy":"category","embeddable":true,"href":"https:\/\/www.europesays.com\/fr\/wp-json\/wp\/v2\/categories?post=440110"},{"taxonomy":"post_tag","embeddable":true,"href":"https:\/\/www.europesays.com\/fr\/wp-json\/wp\/v2\/tags?post=440110"}],"curies":[{"name":"wp","href":"https:\/\/api.w.org\/{rel}","templated":true}]}}