{"id":440112,"date":"2025-10-05T05:32:12","date_gmt":"2025-10-05T05:32:12","guid":{"rendered":"https:\/\/www.europesays.com\/fr\/440112\/"},"modified":"2025-10-05T05:32:12","modified_gmt":"2025-10-05T05:32:12","slug":"ce-groupe-investit-35-millions-deuros-pour-agrandir-son-usine","status":"publish","type":"post","link":"https:\/\/www.europesays.com\/fr\/440112\/","title":{"rendered":"ce groupe investit 3,5 millions d&rsquo;euros pour agrandir son usine"},"content":{"rendered":"<p>            Par<br \/>\n        <strong><br \/>\n            <a href=\"https:\/\/actu.fr\/auteur\/redaction-jv\" title=\"Consulter tous les articles de R\u00e9daction Vitr\u00e9\" rel=\"nofollow noopener\" target=\"_blank\">R\u00e9daction Vitr\u00e9<\/a><br \/>\n        <\/strong><\/p>\n<p>        Publi\u00e9 le<\/p>\n<p>            5 oct. 2025 \u00e0 7h16        <\/p>\n<p>Cette inauguration marque le lancement d\u2019un <b>programme d\u2019investissements de 3,5 millions d\u2019euros,<\/b> destin\u00e9 \u00e0 soutenir la forte croissance du site CCPA (sp\u00e9cialis\u00e9 dans la nutrition animale) de <b>Janz\u00e9<\/b> (Ille-et-Vilaine), qui enregistre depuis trois ans une progression annuelle de 10 % de ses volumes de production.<\/p>\n<p>Accompagner la dynamique<\/p>\n<p class=\" wall-content\">L\u2019objectif est clair : automatiser et moderniser les installations pour accompagner la croissance de l\u2019activit\u00e9 et renforcer la s\u00e9curit\u00e9 et l\u2019ergonomie des postes de travail.<\/p>\n<p class=\" wall-content\">\u00ab Ce plan d\u2019investissements r\u00e9pond \u00e0 un double enjeu : accompagner la dynamique industrielle du site et am\u00e9liorer durablement les conditions de production pour nos \u00e9quipes \u00bb, souligne <b>Thierry Le Sausse, directeur industriel du groupe CCPA.<\/b><\/p>\n<p class=\" wall-content\">Les travaux, qui ont d\u00e9but\u00e9 cet \u00e9t\u00e9 et s\u2019\u00e9taleront jusqu\u2019en 2026, comprennent notamment : le remplacement de silos existants et l\u2019ajout de 12 cellules de produits finis pour fluidifier les exp\u00e9ditions, l\u2019installation de microcellules de dosage automatis\u00e9, l\u2019am\u00e9lioration du traitement des poussi\u00e8res, la r\u00e9organisation des zones de stockage et la refonte du plan de circulation des camions.<\/p>\n<p class=\" wall-content\">Ces investissements permettront d\u2019augmenter de <b>20 % la capacit\u00e9 annuelle de production de l\u2019usine.<\/b><\/p>\n<p>Vid\u00e9os : en ce moment sur Actu<\/p>\n<p class=\" wall-content\">\u00ab Ce projet marque une \u00e9tape importante pour le groupe CCPA. Il illustre notre volont\u00e9 de renforcer notre capacit\u00e9 de production afin d\u2019accompagner la croissance de l\u2019activit\u00e9 \u00bb, insiste le directeur.<\/p>\n<p>Votre r\u00e9gion, votre actu !<\/p>\n<p>Recevez chaque jour les infos qui comptent pour vous.<\/p>\n<p>\t<a href=\"https:\/\/actu.fr\/newsletter\" class=\"ac-btn ac-btn--corner ac-btn--medium ac-btn--blue800\" rel=\"nofollow noopener\" target=\"_blank\">S&rsquo;incrire<\/a><br \/>\nUne union de coop\u00e9ratives\u00a0<\/p>\n<p class=\" wall-content\">La c\u00e9r\u00e9monie du 15\u00a0septembre a rassembl\u00e9 les membres du conseil d\u2019administration du groupe.<\/p>\n<p class=\" wall-content\">Pour rappel, le groupe CCPA, bas\u00e9 dans la ZA du Bois de Teillay \u00e0 Janz\u00e9, est une union de coop\u00e9ratives sp\u00e9cialis\u00e9e en nutrition animale depuis <b>pr\u00e8s de 60\u00a0ans<\/b>.<\/p>\n<p class=\" wall-content\">Ses d\u00e9fis majeurs : innover pour am\u00e9liorer la comp\u00e9titivit\u00e9 des fili\u00e8res animales et faire progresser la qualit\u00e9 nutritionnelle et sanitaire de produits animaux. CCPA est l\u2019un des premiers acteurs fran\u00e7ais de la recherche priv\u00e9e en nutrition animale, b\u00e9n\u00e9ficiant d\u2019un r\u00e9seau de quatre laboratoires d\u2019analyses, d\u2019un d\u00e9partement recherche &amp; innovation, de deux stations de recherche monogastrique, d\u2019un r\u00e9seau international de fermes de r\u00e9f\u00e9rences et d\u2019une filiale d\u00e9di\u00e9e \u00e0 la collecte de donn\u00e9es.<\/p>\n<p class=\" wall-content\">Personnalisez votre actualit\u00e9 en ajoutant vos villes et m\u00e9dias en favori avec <a href=\"https:\/\/moncompte.actu.fr\" title=\"D\u00e9couvez Mon Actu\" rel=\"nofollow noopener\" data-trk=\"{&quot;cta&quot;:{&quot;action&quot;:&quot;https:\\\/\\\/moncompte.actu.fr&quot;,&quot;category&quot;:&quot;mon compte&quot;,&quot;from&quot;:&quot;article footer&quot;,&quot;name&quot;:&quot;Mon actu&quot;,&quot;type&quot;:&quot;cta&quot;}}\" target=\"_blank\">Mon Actu<\/a>.<\/p>\n","protected":false},"excerpt":{"rendered":"Par R\u00e9daction Vitr\u00e9 Publi\u00e9 le 5 oct. 2025 \u00e0 7h16 Cette inauguration marque le lancement d\u2019un programme d\u2019investissements&hellip;\n","protected":false},"author":2,"featured_media":440113,"comment_status":"","ping_status":"","sticky":false,"template":"","format":"standard","meta":{"footnotes":""},"categories":[2821],"tags":[1111,11,829,33,1777,674,1011,27,12,584,25,2086],"class_list":{"0":"post-440112","1":"post","2":"type-post","3":"status-publish","4":"format-standard","5":"has-post-thumbnail","7":"category-rennes","8":"tag-actu","9":"tag-actualites","10":"tag-bretagne","11":"tag-economie","12":"tag-eu","13":"tag-europe","14":"tag-fr","15":"tag-france","16":"tag-news","17":"tag-rennes","18":"tag-republique-francaise","19":"tag-travaux"},"share_on_mastodon":{"url":"https:\/\/pubeurope.com\/@fr\/115319927248418941","error":""},"_links":{"self":[{"href":"https:\/\/www.europesays.com\/fr\/wp-json\/wp\/v2\/posts\/440112","targetHints":{"allow":["GET"]}}],"collection":[{"href":"https:\/\/www.europesays.com\/fr\/wp-json\/wp\/v2\/posts"}],"about":[{"href":"https:\/\/www.europesays.com\/fr\/wp-json\/wp\/v2\/types\/post"}],"author":[{"embeddable":true,"href":"https:\/\/www.europesays.com\/fr\/wp-json\/wp\/v2\/users\/2"}],"replies":[{"embeddable":true,"href":"https:\/\/www.europesays.com\/fr\/wp-json\/wp\/v2\/comments?post=440112"}],"version-history":[{"count":0,"href":"https:\/\/www.europesays.com\/fr\/wp-json\/wp\/v2\/posts\/440112\/revisions"}],"wp:featuredmedia":[{"embeddable":true,"href":"https:\/\/www.europesays.com\/fr\/wp-json\/wp\/v2\/media\/440113"}],"wp:attachment":[{"href":"https:\/\/www.europesays.com\/fr\/wp-json\/wp\/v2\/media?parent=440112"}],"wp:term":[{"taxonomy":"category","embeddable":true,"href":"https:\/\/www.europesays.com\/fr\/wp-json\/wp\/v2\/categories?post=440112"},{"taxonomy":"post_tag","embeddable":true,"href":"https:\/\/www.europesays.com\/fr\/wp-json\/wp\/v2\/tags?post=440112"}],"curies":[{"name":"wp","href":"https:\/\/api.w.org\/{rel}","templated":true}]}}