{"id":440114,"date":"2025-10-05T05:33:11","date_gmt":"2025-10-05T05:33:11","guid":{"rendered":"https:\/\/www.europesays.com\/fr\/440114\/"},"modified":"2025-10-05T05:33:11","modified_gmt":"2025-10-05T05:33:11","slug":"vueling-va-desservir-une-nouvelle-destination-ensoleillee-au-depart-de-strasbourg-pour-passer-lhiver-au-chaud","status":"publish","type":"post","link":"https:\/\/www.europesays.com\/fr\/440114\/","title":{"rendered":"Vueling va desservir une nouvelle destination ensoleill\u00e9e au d\u00e9part de Strasbourg pour passer l&rsquo;hiver au chaud"},"content":{"rendered":"<p>            Par<br \/>\n        <strong><br \/>\n            <a href=\"https:\/\/actu.fr\/auteur\/thomas-blanc\" title=\"Consulter tous les articles de Thomas Blanc\" target=\"_blank\" rel=\"noopener\">Thomas Blanc<\/a><br \/>\n        <\/strong><\/p>\n<p>        Publi\u00e9 le<\/p>\n<p>            5 oct. 2025 \u00e0 7h04        <\/p>\n<p>La compagnie a\u00e9rienne espagnole Vueling ouvre une nouvelle liaison directe depuis l\u2019<a href=\"https:\/\/actu.fr\/tag\/aeroport-de-strasbourg\" target=\"_blank\" rel=\"noopener\">a\u00e9roport de Strasbourg<\/a> vers une destination du <strong>sud de l\u2019Europe<\/strong> pour la fin d\u2019ann\u00e9e 2025.<\/p>\n<p>Une ligne directe entre Strasbourg et Barcelone El Prat<\/p>\n<p class=\" wall-content\">Sur une p\u00e9riode r\u00e9duite, <strong>entre le 27\u00a0novembre 2025 et le 5\u00a0janvier 2026<\/strong>, quatre vols hebdomadaires les lundis, jeudis, vendredis et dimanches permettront aux voyageurs alsaciens de <strong>rejoindre<\/strong> Barcelone, en <a href=\"https:\/\/actu.fr\/tag\/espagne\" target=\"_blank\" rel=\"noopener\">Espagne<\/a>,<strong> depuis Strasbourg<\/strong>, afin de profiter de ses traditions festives de fin d\u2019ann\u00e9e, fait savoir la compagnie a\u00e9rienne.<\/p>\n<p class=\" wall-content\">Outre son climat plus doux que celui de l\u2019est de la France, Barcelone attire lors de la p\u00e9riode des f\u00eates gr\u00e2ce \u00e0 son <strong>march\u00e9 de Santa Ll\u00facia<\/strong> et ses d\u00e9corations artisanales.<\/p>\n<p>\u00ab\u2009Un m\u00e9lange unique de traditions et de convivialit\u00e9 m\u00e9diterran\u00e9enne\u2009\u00bb<\/p>\n<p class=\" wall-content\">\u00ab\u2009Cette nouvelle liaison directe offre aux Strasbourgeois est une occasion id\u00e9ale de <strong>vivre les f\u00eates de fin d\u2019ann\u00e9e autrement<\/strong>, en d\u00e9couvrant un m\u00e9lange unique de traditions, de cr\u00e9ativit\u00e9 et de convivialit\u00e9 m\u00e9diterran\u00e9enne\u2009\u00bb, argumente Vueling pour pr\u00e9senter cette nouvelle route.<\/p>\n<p class=\" wall-content\">Le 5\u00a0janvier, dernier jour d\u2019activit\u00e9 pour cette ligne Strasbourg-Barcelone, la <strong>Cavalcade des Rois Mages<\/strong>, un immense d\u00e9fil\u00e9 festif, arpente les rues de la ville, en distribuant des cadeaux aux Espagnols.<\/p>\n<p class=\" wall-content\">Personnalisez votre actualit\u00e9 en ajoutant vos villes et m\u00e9dias en favori avec <a href=\"https:\/\/moncompte.actu.fr\" title=\"D\u00e9couvez Mon Actu\" rel=\"nofollow noopener\" data-trk=\"{&quot;cta&quot;:{&quot;action&quot;:&quot;https:\\\/\\\/moncompte.actu.fr&quot;,&quot;category&quot;:&quot;mon compte&quot;,&quot;from&quot;:&quot;article footer&quot;,&quot;name&quot;:&quot;Mon actu&quot;,&quot;type&quot;:&quot;cta&quot;}}\" target=\"_blank\">Mon Actu<\/a>.<\/p>\n","protected":false},"excerpt":{"rendered":"Par Thomas Blanc Publi\u00e9 le 5 oct. 2025 \u00e0 7h04 La compagnie a\u00e9rienne espagnole Vueling ouvre une nouvelle&hellip;\n","protected":false},"author":2,"featured_media":440115,"comment_status":"","ping_status":"","sticky":false,"template":"","format":"standard","meta":{"footnotes":""},"categories":[2820],"tags":[1111,11,30491,123,1777,674,1011,27,775,1305,12,25,640],"class_list":{"0":"post-440114","1":"post","2":"type-post","3":"status-publish","4":"format-standard","5":"has-post-thumbnail","7":"category-strasbourg","8":"tag-actu","9":"tag-actualites","10":"tag-aeroport-de-strasbourg","11":"tag-espagne","12":"tag-eu","13":"tag-europe","14":"tag-fr","15":"tag-france","16":"tag-grand-est","17":"tag-lifestyle","18":"tag-news","19":"tag-republique-francaise","20":"tag-strasbourg"},"share_on_mastodon":{"url":"https:\/\/pubeurope.com\/@fr\/115319931256587496","error":""},"_links":{"self":[{"href":"https:\/\/www.europesays.com\/fr\/wp-json\/wp\/v2\/posts\/440114","targetHints":{"allow":["GET"]}}],"collection":[{"href":"https:\/\/www.europesays.com\/fr\/wp-json\/wp\/v2\/posts"}],"about":[{"href":"https:\/\/www.europesays.com\/fr\/wp-json\/wp\/v2\/types\/post"}],"author":[{"embeddable":true,"href":"https:\/\/www.europesays.com\/fr\/wp-json\/wp\/v2\/users\/2"}],"replies":[{"embeddable":true,"href":"https:\/\/www.europesays.com\/fr\/wp-json\/wp\/v2\/comments?post=440114"}],"version-history":[{"count":0,"href":"https:\/\/www.europesays.com\/fr\/wp-json\/wp\/v2\/posts\/440114\/revisions"}],"wp:featuredmedia":[{"embeddable":true,"href":"https:\/\/www.europesays.com\/fr\/wp-json\/wp\/v2\/media\/440115"}],"wp:attachment":[{"href":"https:\/\/www.europesays.com\/fr\/wp-json\/wp\/v2\/media?parent=440114"}],"wp:term":[{"taxonomy":"category","embeddable":true,"href":"https:\/\/www.europesays.com\/fr\/wp-json\/wp\/v2\/categories?post=440114"},{"taxonomy":"post_tag","embeddable":true,"href":"https:\/\/www.europesays.com\/fr\/wp-json\/wp\/v2\/tags?post=440114"}],"curies":[{"name":"wp","href":"https:\/\/api.w.org\/{rel}","templated":true}]}}