{"id":440124,"date":"2025-10-05T05:40:25","date_gmt":"2025-10-05T05:40:25","guid":{"rendered":"https:\/\/www.europesays.com\/fr\/440124\/"},"modified":"2025-10-05T05:40:25","modified_gmt":"2025-10-05T05:40:25","slug":"a-bordeaux-la-mairie-sauve-ce-theatre-de-quartier-dun-promoteur","status":"publish","type":"post","link":"https:\/\/www.europesays.com\/fr\/440124\/","title":{"rendered":"\u00e0 Bordeaux, la mairie sauve ce th\u00e9\u00e2tre de quartier d&rsquo;un promoteur"},"content":{"rendered":"<p>            Par<br \/>\n        <strong><br \/>\n            <a href=\"https:\/\/actu.fr\/auteur\/charlotte-lesprit\" title=\"Consulter tous les articles de Charlotte Lesprit\" target=\"_blank\" rel=\"noopener\">Charlotte Lesprit<\/a><br \/>\n        <\/strong><\/p>\n<p>        Publi\u00e9 le<\/p>\n<p>            5 oct. 2025 \u00e0 6h36        <\/p>\n<p>Au nord de Bordeaux, dans le populaire et dynamique <a href=\"https:\/\/actu.fr\/nouvelle-aquitaine\/bordeaux_33063\/on-va-aggraver-un-probleme-a-bordeaux-ils-se-soulevent-contre-le-projet-qui-doit-transformer-leur-rue_63152376.html\" target=\"_blank\" rel=\"noopener\">Bacalan<\/a>, au 7-11, rue Joseph-Brunet, Le Cerisier est plus qu\u2019un th\u00e9\u00e2tre de quartier. V\u00e9ritable <strong>foyer\u00a0pour les artistes<\/strong>, cet espace imagin\u00e9 par le metteur en sc\u00e8ne Henri Bonnithon pour sa compagnie Apsaras a pourtant failli dispara\u00eetre du <a href=\"https:\/\/actu.fr\/nouvelle-aquitaine\/bordeaux_33063\/en-30-ans-cet-ancien-quartier-industriel-s-est-impose-en-haut-lieu-de-la-culture-et-du-tourisme-a-bordeaux_62150269.html\" target=\"_blank\" rel=\"noopener\">paysage culturel bordelais<\/a>. \u00ab\u2009Il y avait un risque non n\u00e9gligeable\u2009\u00bb, affirme Yohan Delmeire, directeur de la cr\u00e9ation artistique et des territoires \u00e0 la mairie de Bordeaux. Une fois l\u2019ombre d\u2019un promoteur immobilier \u00e9cart\u00e9e, place aux projets et\u2026 \u00ab\u2009Au collectif\u2009\u00bb, clament <strong>J\u00fcrgen Genuit<\/strong> et <strong>Soraya B\u00e9nac<\/strong>, respectivement com\u00e9dien et claquettiste-danseuse, mais aussi \u00e0 la direction du th\u00e9\u00e2tre dont ils ont repris les r\u00eanes en septembre\u00a02025.<\/p>\n<p class=\" wall-content\">L\u2019annonce remonte \u00e0 un an et demi, retrace Yohan Delmeire, \u00e9galement \u00e0 la direction g\u00e9n\u00e9rale des affaires culturelles de la Ville, lorsqu\u2019Henri Bonnithon annonce qu\u2019il souhaite <strong>prendre sa retraite<\/strong>. \u00c2g\u00e9 de 65\u00a0ans, le com\u00e9dien, \u00e9galement propri\u00e9taire du th\u00e9\u00e2tre, cherche donc un repreneur pour la structure qu\u2019il a achet\u00e9e avec un cr\u00e9dit.<\/p>\n<blockquote class=\"ac-article-quote wall-content\">\n<p>\u00ab\u2009Il souhaite le vendre avec l\u2019envie de transmettre Le Cerisier mais il y avait un risque potentiel et non n\u00e9gligeable qu\u2019il soit rachet\u00e9 par un promoteur immobilier.\u2009\u00bb<\/p>\n<p>    <strong>Yohan Delmeire<\/strong><br \/>\n        directeur de la cr\u00e9ation artistique et des territoires     <\/p><\/blockquote>\n<p class=\" wall-content\">C\u2019est naturellement que la Ville a d\u00e9cid\u00e9 d\u2019agir\u2009: \u00ab\u2009Il fallait maintenir son existence\u2009\u00bb, insiste Yohan Delmeire. Ancr\u00e9 au c\u0153ur d\u2019un quartier prioritaire de <a href=\"https:\/\/actu.fr\/bordeaux\/\" target=\"_blank\" rel=\"noopener\">Bordeaux<\/a>, \u00ab\u2009il est un lieu o\u00f9 sont pass\u00e9es des dizaines de compagnies\u2009\u00bb.<strong> Entre cr\u00e9ations et rencontres<\/strong>. Si la \u00ab\u2009transmission\u2009\u00bb \u00e9tait au c\u0153ur du projet Henri Bonnithon, elle n\u2019\u00e9tait pas enti\u00e8rement gagn\u00e9e. Jusqu\u2019\u00e0 la rencontre entre la danseuse Soraya B\u00e9nac, \u00ab\u2009chor\u00e9graphe depuis toujours\u2009\u00bb et figure dans le monde des claquettes, et J\u00fcrgen Genuit\u2009: directeur artistique, com\u00e9dien, metteur en sc\u00e8ne et traducteur d\u2019origine allemande.<\/p>\n<p class=\" wall-content\">\u00ab\u2009Il a fallu trouver un accord, se rencontrer et conna\u00eetre les attentes de chacun\u2009\u00bb, compl\u00e8te Yohan Delmeire. \u00ab\u2009Soit plusieurs mois de travail pour r\u00e9fl\u00e9chir \u00e0 un projet avec <strong>des axes communs<\/strong> tout en tenant compte du lieu et de son histoire\u2009\u00bb, reconnaissent les deux artistes. Implant\u00e9s depuis des ann\u00e9es \u00e0 Bordeaux, ils poss\u00e9daient leurs propres compagnies et structures. \u00c0 la mairie donc, de les convainque de quitter leurs studios pour s\u2019implanter au Cerisier et contribuer \u00e0 en r\u00e9inventer le mod\u00e8le.<\/p>\n<p>\u00ab\u2009Assurer un fonctionnement p\u00e9renne\u2009\u00bb<\/p>\n<p class=\" wall-content\">\u00ab\u2009On s\u2019est engag\u00e9 \u00e0 augmenter la subvention que l\u2019on accordait au th\u00e9\u00e2tre pour qu\u2019elle puisse assurer un fonctionnement p\u00e9renne\u2009\u00bb, explique le directeur g\u00e9n\u00e9ral des affaires culturelles. Un partenariat de trois ans. Autrement dit, aligner cette derni\u00e8re sur le montant du loyer annuel qui est de<strong> 20\u2009000\u00a0euros, hors charges<\/strong>. Henri Bonnithon reste donc propri\u00e9taire du lieu.\u00a0<\/p>\n<p class=\" wall-content\">\u00ab\u2009Cette aide nous a \u00e9galement permis de d\u00e9gager des sommes pour financer un poste de gestionnaire\u2009\u00bb, mentionnent les codirecteurs du Cerisier. Jennifer Ladiges-Evan est devenue administratif du collectif. Par ailleurs, les cours dispens\u00e9s par leurs compagnies respectives apportent des ressources suppl\u00e9mentaires.<\/p>\n<p>Votre r\u00e9gion, votre actu !<\/p>\n<p>Recevez chaque jour les infos qui comptent pour vous.<\/p>\n<p>\t<a href=\"https:\/\/actu.fr\/newsletter\" class=\"ac-btn ac-btn--corner ac-btn--medium ac-btn--blue800\" target=\"_blank\" rel=\"noopener\">S&rsquo;incrire<\/a><\/p>\n<p>    <img   decoding=\"async\" loading=\"lazy\" src=\"https:\/\/www.europesays.com\/fr\/wp-content\/uploads\/2025\/10\/image1-960x640.jpeg\" alt=\"L\u2019\u00e9quipe du \" width=\"960\" height=\"640\"\/><br \/>\n    L\u2019\u00e9quipe du \u00ab\u2009Le Cerisier.Collectif\u2009\u00bb avec Jennifer Ladiges-Evan, Soraya B\u00e9nac et J\u00fcrgen Genuit. (\u00a9Aline Carr\u00e8re)<\/p>\n<p class=\" wall-content\">\u00ab\u2009Bacalan est un vivier extraordinaire et un quartier singulier, expose J\u00fcrgen Genuit. Nous avons la chance d\u2019avoir la <a href=\"https:\/\/www.cite-bleue.fr\/\" target=\"_blank\" rel=\"noopener\">Cit\u00e9 bleue<\/a> non loin, avec un mod\u00e8le \u00e9conomique \u00e0 part, et qui est une bonne passerelle pour nous.\u2009\u00bb Par ailleurs, Soraya B\u00e9nac rappelle \u00eatre r\u00e9ceptive<strong> \u00ab\u2009au grand m\u00e9tissage\u2009\u00bb<\/strong> de Bacalan. \u00ab\u2009Nous sommes sensibles \u00e0 l\u2019ancrage concret de nos actions aupr\u00e8s des publics, rel\u00e8ve-t-elle. Nous souhaitons ainsi cr\u00e9er des ponts et se rapprocher des habitants.\u2009\u00bb<\/p>\n<p class=\" wall-content\">\u00ab\u2009Ouvrir le lieu vers l\u2019ext\u00e9rieur\u2009\u00bb passe ainsi par de nombreux projets entre la cr\u00e9ation d<strong>\u2019un caf\u00e9 associatif<\/strong>, des conf\u00e9rences en 2026 ou encore l\u2019installation d\u2019un Groupe d\u2019entraide mutuelle qui est en r\u00e9flexion. L\u2019objectif d\u2019un GEM\u2009: install\u00e9 au Cerisier une structure r\u00e9serv\u00e9e aux publics \u00e9loign\u00e9s de la culture, atteints de maladies ou de handicaps.<\/p>\n<p class=\" wall-content\">Si J\u00fcrgen Genuit et Soraya B\u00e9nac entendent bien \u00ab\u2009d\u00e9cloisonner\u2009\u00bb Le Cerisier, ils rappellent que le th\u00e9\u00e2tre reste bien entendu \u00ab\u2009un lieu de ressources pour les compagnies d\u2019artistes afin qu\u2019elles y organisent des ateliers\u2009et y cr\u00e9ent des r\u00e9sidences\u2009\u00bb. \u00ab\u2009Nous sommes ouverts \u00e0 d\u2019autres rencontres et collaborations artistiques. Les autres nous inspirent aussi\u2009\u00bb, argumente la danseuse chor\u00e9graphe.<\/p>\n<p>Une ann\u00e9e de transition<\/p>\n<p class=\" wall-content\">Les artistes reconnaissent que la saison actuelle est \u00ab\u2009une transition\u2009\u00bb, mais une ann\u00e9e qui n\u2019est pas blanche pour autant car ils proposent des cours au public.<\/p>\n<p class=\" wall-content\">Ainsi, tous les soirs du lundi au jeudi, d\u00e8s 18\u00a0heures, il est possible de <strong>s\u2019initier aux claquettes<\/strong> (des cr\u00e9neaux sont r\u00e9serv\u00e9s aux plus jeunes et d\u00e9butants), avec la compagnie TeMpo TiemPo de Soraya B\u00e9nac, ou encore au th\u00e9\u00e2tre d\u2019interpr\u00e9tation ou d\u2019improvisation avec Th\u00e9\u00e2tr\u2019Action, la compagnie de J\u00fcrgen Genuit. Une fois par mois, le samedi matin, la danseuse propose \u00e9galement des cours de techniques ou chor\u00e9graphiques aux claquettistes plus confirm\u00e9s.<\/p>\n<p>Tarifs annuels pour les cours de th\u00e9\u00e2tre\u2009: 441\u00a0euros plein, 387\u00a0euros r\u00e9duits et 360\u00a0euros pour les moins de 18\u00a0ans (+ 15\u00a0euros d\u2019adh\u00e9sion obligatoire). Tous les stages de claquettes sont disponibles \u00e0 la r\u00e9servation <a href=\"https:\/\/www.helloasso.com\/associations\/du-soleil-dans-les-pieds\/evenements\/stage-tap-dance-improv\" target=\"_blank\" rel=\"noopener\">en ligne<\/a>. Pour les cours, comptez 432\u00a0euros pour 38 s\u00e9ances (1\u2009h\/semaine) et 556\u00a0euros pour 76 s\u00e9ances (2\u2009h\/semaine) et une adh\u00e9sion annuelle obligatoire de 24\u00a0euros.<\/p>\n<p class=\" wall-content\">Personnalisez votre actualit\u00e9 en ajoutant vos villes et m\u00e9dias en favori avec <a href=\"https:\/\/moncompte.actu.fr\" title=\"D\u00e9couvez Mon Actu\" rel=\"nofollow noopener\" data-trk=\"{&quot;cta&quot;:{&quot;action&quot;:&quot;https:\\\/\\\/moncompte.actu.fr&quot;,&quot;category&quot;:&quot;mon compte&quot;,&quot;from&quot;:&quot;article footer&quot;,&quot;name&quot;:&quot;Mon actu&quot;,&quot;type&quot;:&quot;cta&quot;}}\" target=\"_blank\">Mon Actu<\/a>.<\/p>\n","protected":false},"excerpt":{"rendered":"Par Charlotte Lesprit Publi\u00e9 le 5 oct. 2025 \u00e0 6h36 Au nord de Bordeaux, dans le populaire et&hellip;\n","protected":false},"author":2,"featured_media":440125,"comment_status":"","ping_status":"","sticky":false,"template":"","format":"standard","meta":{"footnotes":""},"categories":[2817],"tags":[1111,11,1997,5972,1777,674,1011,27,1652,12,2219,25,1347],"class_list":{"0":"post-440124","1":"post","2":"type-post","3":"status-publish","4":"format-standard","5":"has-post-thumbnail","7":"category-bordeaux","8":"tag-actu","9":"tag-actualites","10":"tag-bordeaux","11":"tag-danse","12":"tag-eu","13":"tag-europe","14":"tag-fr","15":"tag-france","16":"tag-loisirs-culture","17":"tag-news","18":"tag-nouvelle-aquitaine","19":"tag-republique-francaise","20":"tag-theatre"},"share_on_mastodon":{"url":"https:\/\/pubeurope.com\/@fr\/115319959144465463","error":""},"_links":{"self":[{"href":"https:\/\/www.europesays.com\/fr\/wp-json\/wp\/v2\/posts\/440124","targetHints":{"allow":["GET"]}}],"collection":[{"href":"https:\/\/www.europesays.com\/fr\/wp-json\/wp\/v2\/posts"}],"about":[{"href":"https:\/\/www.europesays.com\/fr\/wp-json\/wp\/v2\/types\/post"}],"author":[{"embeddable":true,"href":"https:\/\/www.europesays.com\/fr\/wp-json\/wp\/v2\/users\/2"}],"replies":[{"embeddable":true,"href":"https:\/\/www.europesays.com\/fr\/wp-json\/wp\/v2\/comments?post=440124"}],"version-history":[{"count":0,"href":"https:\/\/www.europesays.com\/fr\/wp-json\/wp\/v2\/posts\/440124\/revisions"}],"wp:featuredmedia":[{"embeddable":true,"href":"https:\/\/www.europesays.com\/fr\/wp-json\/wp\/v2\/media\/440125"}],"wp:attachment":[{"href":"https:\/\/www.europesays.com\/fr\/wp-json\/wp\/v2\/media?parent=440124"}],"wp:term":[{"taxonomy":"category","embeddable":true,"href":"https:\/\/www.europesays.com\/fr\/wp-json\/wp\/v2\/categories?post=440124"},{"taxonomy":"post_tag","embeddable":true,"href":"https:\/\/www.europesays.com\/fr\/wp-json\/wp\/v2\/tags?post=440124"}],"curies":[{"name":"wp","href":"https:\/\/api.w.org\/{rel}","templated":true}]}}