{"id":440140,"date":"2025-10-05T05:49:12","date_gmt":"2025-10-05T05:49:12","guid":{"rendered":"https:\/\/www.europesays.com\/fr\/440140\/"},"modified":"2025-10-05T05:49:12","modified_gmt":"2025-10-05T05:49:12","slug":"deux-jours-de-fete-au-programme","status":"publish","type":"post","link":"https:\/\/www.europesays.com\/fr\/440140\/","title":{"rendered":"deux jours de f\u00eate au programme"},"content":{"rendered":"<p>            Par<br \/>\n        <strong><br \/>\n            <a href=\"https:\/\/actu.fr\/auteur\/ludivine-caporal\" title=\"Consulter tous les articles de Ludivine Caporal\" rel=\"nofollow noopener\" target=\"_blank\">Ludivine Caporal<\/a><br \/>\n        <\/strong><\/p>\n<p>        Publi\u00e9 le<\/p>\n<p>            5 oct. 2025 \u00e0 7h28        <\/p>\n<p>\u00ab\u2009V\u00e9ritable c\u0153ur battant des chineurs et des amoureux d\u2019objets insolites\u2009\u00bb, <a href=\"https:\/\/actu.fr\/auvergne-rhone-alpes\/villeurbanne_69266\/lyon-le-new-york-times-celebre-ce-lieu-surprenant-de-villeurbanne_61945340.html\" rel=\"nofollow noopener\" target=\"_blank\">l\u2019embl\u00e9matique march\u00e9 aux puces de Lyon \u2013 Villeurbanne<\/a> c\u00e9l\u00e8bre ses 30\u00a0ans cette ann\u00e9e.<\/p>\n<p class=\" wall-content\">Pour marquer le coup, les Puces du Canal organisent ainsi un week-end festif les <strong>samedi\u00a011 et dimanche 12\u00a0octobre 2025<\/strong>, de 7h \u00e0 16h. Voici \u00e0 quoi s\u2019attendre.<\/p>\n<p>Musique, ateliers, tombolas\u2026<\/p>\n<p class=\" wall-content\"><strong>200 marchands r\u00e9sidents<\/strong> et jusqu\u2019\u00e0 400 itin\u00e9rants seront pr\u00e9sents sur place, avec, au programme, plusieurs \u00e9v\u00e9nements et animations ainsi que des boutiques \u00e9ph\u00e9m\u00e8res. De nombreuses repr\u00e9sentations musicales, ateliers cr\u00e9atifs, expositions et tombolas auront notamment lieu.<\/p>\n<p class=\" wall-content\">Des clich\u00e9s des Puces \u00e0 leurs d\u00e9buts ainsi que la frise chronologique retra\u00e7ant leurs grandes \u00e9tapes jusqu\u2019\u00e0 aujourd\u2019hui seront expos\u00e9s, pour une plong\u00e9e totale dans l\u2019histoire du march\u00e9.<\/p>\n<p class=\" wall-content\">L\u2019entr\u00e9e est bien \u00e9videmment, et comme toujours, <strong>gratuite<\/strong>. Le programme complet de ce week-end anniversaire est \u00e0 retrouver directement sur le site des Puces du Canal.<\/p>\n<p class=\" wall-content\">Personnalisez votre actualit\u00e9 en ajoutant vos villes et m\u00e9dias en favori avec <a href=\"https:\/\/moncompte.actu.fr\" title=\"D\u00e9couvez Mon Actu\" rel=\"nofollow noopener\" data-trk=\"{&quot;cta&quot;:{&quot;action&quot;:&quot;https:\\\/\\\/moncompte.actu.fr&quot;,&quot;category&quot;:&quot;mon compte&quot;,&quot;from&quot;:&quot;article footer&quot;,&quot;name&quot;:&quot;Mon actu&quot;,&quot;type&quot;:&quot;cta&quot;}}\" target=\"_blank\">Mon Actu<\/a>.<\/p>\n","protected":false},"excerpt":{"rendered":"Par Ludivine Caporal Publi\u00e9 le 5 oct. 2025 \u00e0 7h28 \u00ab\u2009V\u00e9ritable c\u0153ur battant des chineurs et des amoureux&hellip;\n","protected":false},"author":2,"featured_media":440141,"comment_status":"","ping_status":"","sticky":false,"template":"","format":"standard","meta":{"footnotes":""},"categories":[1889],"tags":[1111,11,2430,1777,674,1011,27,1652,2428,2089,12,25],"class_list":{"0":"post-440140","1":"post","2":"type-post","3":"status-publish","4":"format-standard","5":"has-post-thumbnail","7":"category-lyon","8":"tag-actu","9":"tag-actualites","10":"tag-auvergne-rhone-alpes","11":"tag-eu","12":"tag-europe","13":"tag-fr","14":"tag-france","15":"tag-loisirs-culture","16":"tag-lyon","17":"tag-marche","18":"tag-news","19":"tag-republique-francaise"},"share_on_mastodon":{"url":"https:\/\/pubeurope.com\/@fr\/115319993961768598","error":""},"_links":{"self":[{"href":"https:\/\/www.europesays.com\/fr\/wp-json\/wp\/v2\/posts\/440140","targetHints":{"allow":["GET"]}}],"collection":[{"href":"https:\/\/www.europesays.com\/fr\/wp-json\/wp\/v2\/posts"}],"about":[{"href":"https:\/\/www.europesays.com\/fr\/wp-json\/wp\/v2\/types\/post"}],"author":[{"embeddable":true,"href":"https:\/\/www.europesays.com\/fr\/wp-json\/wp\/v2\/users\/2"}],"replies":[{"embeddable":true,"href":"https:\/\/www.europesays.com\/fr\/wp-json\/wp\/v2\/comments?post=440140"}],"version-history":[{"count":0,"href":"https:\/\/www.europesays.com\/fr\/wp-json\/wp\/v2\/posts\/440140\/revisions"}],"wp:featuredmedia":[{"embeddable":true,"href":"https:\/\/www.europesays.com\/fr\/wp-json\/wp\/v2\/media\/440141"}],"wp:attachment":[{"href":"https:\/\/www.europesays.com\/fr\/wp-json\/wp\/v2\/media?parent=440140"}],"wp:term":[{"taxonomy":"category","embeddable":true,"href":"https:\/\/www.europesays.com\/fr\/wp-json\/wp\/v2\/categories?post=440140"},{"taxonomy":"post_tag","embeddable":true,"href":"https:\/\/www.europesays.com\/fr\/wp-json\/wp\/v2\/tags?post=440140"}],"curies":[{"name":"wp","href":"https:\/\/api.w.org\/{rel}","templated":true}]}}