{"id":440142,"date":"2025-10-05T05:54:09","date_gmt":"2025-10-05T05:54:09","guid":{"rendered":"https:\/\/www.europesays.com\/fr\/440142\/"},"modified":"2025-10-05T05:54:09","modified_gmt":"2025-10-05T05:54:09","slug":"les-meilleures-pizzerias-de-la-capitale-se-mobilisent","status":"publish","type":"post","link":"https:\/\/www.europesays.com\/fr\/440142\/","title":{"rendered":"les meilleures pizz\u00e9rias de la capitale se mobilisent"},"content":{"rendered":"<p>            Par<br \/>\n        <strong><br \/>\n            <a href=\"https:\/\/actu.fr\/auteur\/redaction-paris\" title=\"Consulter tous les articles de R\u00e9daction Paris\" rel=\"nofollow noopener\" target=\"_blank\">R\u00e9daction Paris<\/a><br \/>\n        <\/strong><\/p>\n<p>        Publi\u00e9 le<\/p>\n<p>            5 oct. 2025 \u00e0 7h38        <\/p>\n<p>D\u00e9j\u00e0 en vogue depuis quelques ann\u00e9es en Espagne ou en Italie (et en Suisse depuis un an), la premi\u00e8re Pizza Week d\u00e9barque \u00e0 Paris du 7 au 11 octobre 2025. Organis\u00e9s par le 50 TOP<br \/>Pizza et Mammafiore (distributeurs de produits italiens), ces 5 jours sont d\u00e9di\u00e9s \u00e0 la culture<br \/>pizza. Au programme : soir\u00e9es sp\u00e9ciales dans des <a href=\"https:\/\/actu.fr\/tag\/restaurant\" rel=\"nofollow noopener\" target=\"_blank\">restaurants<\/a>, quatre mains exceptionnels avec des chefs europ\u00e9ens, pizzas en \u00e9dition limit\u00e9e\u2026 per tutti.\u00a0<\/p>\n<p>Recettes in\u00e9dites, rencontres, quatre-mains, accords pizza-vins\u2026<\/p>\n<p class=\" wall-content\">\u00ab Paris est une \u00e9tape incontournable pour les amateurs de <a href=\"https:\/\/actu.fr\/tag\/gastronomie\" rel=\"nofollow noopener\" target=\"_blank\">gastronomie<\/a> et nous sommes vraiment ravis d\u2019\u00eatre pr\u00e9sents avec un programme extraordinaire, qui sera \u00e0 la fois une occasion de divertissement et un moment de formation pour tous les participants\u00a0\u00bb, annoncent les organisateurs dans un communiqu\u00e9.\u00a0<\/p>\n<p class=\" wall-content\">Les pizzerias de la capitale fran\u00e7aise pr\u00e9sentes dans le guide et consid\u00e9r\u00e9es par 50 Top Pizza comme les meilleures, des ind\u00e9pendantes aux cha\u00eenes artisanales seront mobilis\u00e9es.\u00a0<br \/>Pendant cinq jours, elles accueilleront le grand public pour une s\u00e9rie d\u2019\u00e9v\u00e9nements : recettes in\u00e9dites, rencontres, quatre-mains, accords pizza-vins\u2026<\/p>\n<p class=\" wall-content\">Le 10 octobre notamment, la Felicit\u00e0, dans le 13e arrondissement,\u00a0 accueillera les \u201cmaestros\u201d du secteur : les Ma\u00eetres Pizzaiolos Ciro Cristiano de Baldoria (Madrid), Ciccio Vitiello de Cambia-Menti di Ciccio Vitiello (Caserte, en Campanie), Jacopo Mercuro de 180 Grammi Pizzeria Romana (Rome) et Diego Vitagliano de Diego Vitagliano Pizzeria (Naples), pour des d\u00e9monstrations exclusives de 14h \u00e0 16h.<\/p>\n<p class=\" wall-content\">Retrouvez le programme complet <a href=\"https:\/\/www.50toppizza.it\/pizza-week-paris-edition-2025\" rel=\"nofollow noopener\" target=\"_blank\">ici<\/a>.\u00a0<\/p>\n<p class=\" wall-content\">Personnalisez votre actualit\u00e9 en ajoutant vos villes et m\u00e9dias en favori avec <a href=\"https:\/\/moncompte.actu.fr\" title=\"D\u00e9couvez Mon Actu\" rel=\"nofollow noopener\" data-trk=\"{&quot;cta&quot;:{&quot;action&quot;:&quot;https:\\\/\\\/moncompte.actu.fr&quot;,&quot;category&quot;:&quot;mon compte&quot;,&quot;from&quot;:&quot;article footer&quot;,&quot;name&quot;:&quot;Mon actu&quot;,&quot;type&quot;:&quot;cta&quot;}}\" target=\"_blank\">Mon Actu<\/a>.<\/p>\n","protected":false},"excerpt":{"rendered":"Par R\u00e9daction Paris Publi\u00e9 le 5 oct. 2025 \u00e0 7h38 D\u00e9j\u00e0 en vogue depuis quelques ann\u00e9es en Espagne&hellip;\n","protected":false},"author":2,"featured_media":440143,"comment_status":"","ping_status":"","sticky":false,"template":"","format":"standard","meta":{"footnotes":""},"categories":[1888],"tags":[1111,1928,11,1927,1777,674,1011,27,1661,1652,12,1926,626,1925,25,1340],"class_list":{"0":"post-440142","1":"post","2":"type-post","3":"status-publish","4":"format-standard","5":"has-post-thumbnail","7":"category-paris","8":"tag-actu","9":"tag-actu-paris","10":"tag-actualites","11":"tag-actualites-paris","12":"tag-eu","13":"tag-europe","14":"tag-fr","15":"tag-france","16":"tag-gastronomie","17":"tag-loisirs-culture","18":"tag-news","19":"tag-news-paris","20":"tag-paris","21":"tag-paris-news","22":"tag-republique-francaise","23":"tag-restaurant"},"share_on_mastodon":{"url":"https:\/\/pubeurope.com\/@fr\/115320013779884221","error":""},"_links":{"self":[{"href":"https:\/\/www.europesays.com\/fr\/wp-json\/wp\/v2\/posts\/440142","targetHints":{"allow":["GET"]}}],"collection":[{"href":"https:\/\/www.europesays.com\/fr\/wp-json\/wp\/v2\/posts"}],"about":[{"href":"https:\/\/www.europesays.com\/fr\/wp-json\/wp\/v2\/types\/post"}],"author":[{"embeddable":true,"href":"https:\/\/www.europesays.com\/fr\/wp-json\/wp\/v2\/users\/2"}],"replies":[{"embeddable":true,"href":"https:\/\/www.europesays.com\/fr\/wp-json\/wp\/v2\/comments?post=440142"}],"version-history":[{"count":0,"href":"https:\/\/www.europesays.com\/fr\/wp-json\/wp\/v2\/posts\/440142\/revisions"}],"wp:featuredmedia":[{"embeddable":true,"href":"https:\/\/www.europesays.com\/fr\/wp-json\/wp\/v2\/media\/440143"}],"wp:attachment":[{"href":"https:\/\/www.europesays.com\/fr\/wp-json\/wp\/v2\/media?parent=440142"}],"wp:term":[{"taxonomy":"category","embeddable":true,"href":"https:\/\/www.europesays.com\/fr\/wp-json\/wp\/v2\/categories?post=440142"},{"taxonomy":"post_tag","embeddable":true,"href":"https:\/\/www.europesays.com\/fr\/wp-json\/wp\/v2\/tags?post=440142"}],"curies":[{"name":"wp","href":"https:\/\/api.w.org\/{rel}","templated":true}]}}