{"id":440144,"date":"2025-10-05T05:55:12","date_gmt":"2025-10-05T05:55:12","guid":{"rendered":"https:\/\/www.europesays.com\/fr\/440144\/"},"modified":"2025-10-05T05:55:12","modified_gmt":"2025-10-05T05:55:12","slug":"a-lunesco-la-rude-bataille-de-deux-candidats-africains-pour-la-direction","status":"publish","type":"post","link":"https:\/\/www.europesays.com\/fr\/440144\/","title":{"rendered":"A l\u2019Unesco, la rude bataille de deux candidats africains pour la direction"},"content":{"rendered":"<p>                         <img loading=\"lazy\" decoding=\"async\" src=\"https:\/\/www.europesays.com\/fr\/wp-content\/uploads\/2025\/10\/ec48fb1_upload-1-shylayg2qkl8-512081.jpg\" alt=\"Le si\u00e8ge de l\u2019Unesco, \u00e0 Paris, en juillet 2025.\"   width=\"664\" height=\"443\"\/>    Le si\u00e8ge de l\u2019Unesco, \u00e0 Paris, en juillet 2025.  THOMAS PADILLA\/AP                 <\/p>\n<p class=\"article__paragraph  \">Lundi 6\u00a0octobre, \u00e0 18\u00a0heures, l\u2019Unesco joue son avenir \u00e0 huis clos. Les 58\u00a0membres du conseil ex\u00e9cutif de l\u2019agence onusienne charg\u00e9e de l\u2019\u00e9ducation, de la culture et des sciences voteront \u00e0 bulletin secret, au si\u00e8ge parisien de l\u2019organisation, pour d\u00e9signer le prochain directeur g\u00e9n\u00e9ral qui succ\u00e9dera \u00e0 <a href=\"https:\/\/www.lemonde.fr\/international\/article\/2021\/11\/09\/audrey-azoulay-reelue-a-la-tete-de-l-unesco_6101545_3210.html\" rel=\"nofollow noopener\" target=\"_blank\">Audrey Azoulay<\/a>. La Mexicaine Gabriela Ramos ayant jet\u00e9 l\u2019\u00e9ponge fin ao\u00fbt, deux candidats africains, Khaled El-Enany, 54\u00a0ans, ancien ministre du tourisme et des antiquit\u00e9s d\u2019Egypte de 2016\u00a0\u00e0 2022, donn\u00e9 archifavori, et le Congolais Firmin Edouard Matoko, 69\u00a0ans, sous-directeur jusqu\u2019en mars pour la priorit\u00e9 Afrique et les relations ext\u00e9rieures de l\u2019Unesco, se disputent les r\u00eanes d\u2019une institution qui a connu des jours meilleurs.<\/p>\n<p>   Lire plus tard  <\/p>\n<p class=\"article__paragraph  \">Deux aspirants seulement, contre huit lors des \u00e9lections de 2017\u00a0: un chiffre r\u00e9v\u00e9lateur de la crise que traverse l\u2019organisation onusienne, fragilis\u00e9e par les assauts r\u00e9p\u00e9t\u00e9s contre le multilat\u00e9ralisme. <a href=\"https:\/\/www.lemonde.fr\/culture\/article\/2025\/07\/22\/les-etats-unis-annoncent-leur-retrait-de-l-unesco_6623002_3246.html#:~:text=Le%20d%C3%A9partement%20d&#039;Etat%20am%C3%A9ricain,la%20science%20et%20la%20culture.&amp;text=Lecture%203%20min.\" rel=\"nofollow noopener\" target=\"_blank\">En juillet, les Etats-Unis ont annonc\u00e9 leur retrait pour 2026<\/a> \u2013 pour la troisi\u00e8me fois depuis l\u2019existence de l\u2019Unesco \u2013, fustigeant un biais anti-Isra\u00ebl et une vision mondialiste contraire au dogme trumpiste \u00ab\u00a0America first\u00a0\u00bb. Une d\u00e9flagration\u00a0: premier contributeur de l\u2019Unesco, Washington prive l\u2019organisation de 75\u00a0millions de dollars (66\u00a0millions d\u2019euros), soit 8\u00a0% de son budget annuel de 900\u00a0millions. S\u2019ajoute \u00e0 cela le coup de sang du Nicaragua, qui, en mai, a claqu\u00e9 la porte apr\u00e8s <a href=\"https:\/\/www.lemonde.fr\/international\/article\/2025\/05\/03\/la-prensa-journal-nicaraguayen-en-exil-recoit-le-prix-de-la-liberte-de-la-presse-de-l-unesco_6602335_3210.html\" rel=\"nofollow noopener\" target=\"_blank\">l\u2019attribution par l\u2019Unesco du Prix mondial de la libert\u00e9 de la presse au quotidien La Prensa<\/a>, salu\u00e9 pour son courage \u00e0 continuer \u00e0 informer sur l\u2019\u00e9tat du pays depuis son exil au Costa Rica.<\/p>\n<p class=\"reading-mode-only \"><strong>Il vous reste 84.62% de cet article \u00e0 lire. La suite est r\u00e9serv\u00e9e aux abonn\u00e9s.<\/strong><\/p>\n","protected":false},"excerpt":{"rendered":"Le si\u00e8ge de l\u2019Unesco, \u00e0 Paris, en juillet 2025. THOMAS PADILLA\/AP Lundi 6\u00a0octobre, \u00e0 18\u00a0heures, l\u2019Unesco joue son&hellip;\n","protected":false},"author":2,"featured_media":440145,"comment_status":"","ping_status":"","sticky":false,"template":"","format":"standard","meta":{"footnotes":""},"categories":[1888],"tags":[1111,1928,11,1927,1777,674,1011,27,12,1926,626,1925,25],"class_list":{"0":"post-440144","1":"post","2":"type-post","3":"status-publish","4":"format-standard","5":"has-post-thumbnail","7":"category-paris","8":"tag-actu","9":"tag-actu-paris","10":"tag-actualites","11":"tag-actualites-paris","12":"tag-eu","13":"tag-europe","14":"tag-fr","15":"tag-france","16":"tag-news","17":"tag-news-paris","18":"tag-paris","19":"tag-paris-news","20":"tag-republique-francaise"},"share_on_mastodon":{"url":"https:\/\/pubeurope.com\/@fr\/115320018107734643","error":""},"_links":{"self":[{"href":"https:\/\/www.europesays.com\/fr\/wp-json\/wp\/v2\/posts\/440144","targetHints":{"allow":["GET"]}}],"collection":[{"href":"https:\/\/www.europesays.com\/fr\/wp-json\/wp\/v2\/posts"}],"about":[{"href":"https:\/\/www.europesays.com\/fr\/wp-json\/wp\/v2\/types\/post"}],"author":[{"embeddable":true,"href":"https:\/\/www.europesays.com\/fr\/wp-json\/wp\/v2\/users\/2"}],"replies":[{"embeddable":true,"href":"https:\/\/www.europesays.com\/fr\/wp-json\/wp\/v2\/comments?post=440144"}],"version-history":[{"count":0,"href":"https:\/\/www.europesays.com\/fr\/wp-json\/wp\/v2\/posts\/440144\/revisions"}],"wp:featuredmedia":[{"embeddable":true,"href":"https:\/\/www.europesays.com\/fr\/wp-json\/wp\/v2\/media\/440145"}],"wp:attachment":[{"href":"https:\/\/www.europesays.com\/fr\/wp-json\/wp\/v2\/media?parent=440144"}],"wp:term":[{"taxonomy":"category","embeddable":true,"href":"https:\/\/www.europesays.com\/fr\/wp-json\/wp\/v2\/categories?post=440144"},{"taxonomy":"post_tag","embeddable":true,"href":"https:\/\/www.europesays.com\/fr\/wp-json\/wp\/v2\/tags?post=440144"}],"curies":[{"name":"wp","href":"https:\/\/api.w.org\/{rel}","templated":true}]}}