{"id":440154,"date":"2025-10-05T06:00:17","date_gmt":"2025-10-05T06:00:17","guid":{"rendered":"https:\/\/www.europesays.com\/fr\/440154\/"},"modified":"2025-10-05T06:00:17","modified_gmt":"2025-10-05T06:00:17","slug":"une-politique-de-donald-trump-sur-les-enfants-migrants-a-ete-bloquee-par-un-juge","status":"publish","type":"post","link":"https:\/\/www.europesays.com\/fr\/440154\/","title":{"rendered":"Une politique de Donald Trump sur les enfants migrants a \u00e9t\u00e9 bloqu\u00e9e par un juge"},"content":{"rendered":"<p>Un juge f\u00e9d\u00e9ral a temporairement bloqu\u00e9 une nouvelle politique de l\u2019administration Trump visant \u00e0 maintenir les enfants migrants en d\u00e9tention apr\u00e8s leurs 18\u00a0ans, intervenant rapidement pour arr\u00eater les transferts vers des \u00e9tablissements pour adultes pr\u00e9vus cette fin de semaine, selon les d\u00e9fenseurs des droits des migrants.<\/p>\n<p>Le juge de district am\u00e9ricain Rudolph Contreras a publi\u00e9 samedi une ordonnance restrictive temporaire \u00e0 l\u2019encontre du Service de l\u2019immigration et des douanes des \u00c9tats-Unis (ICE) interdisant la d\u00e9tention d\u2019enfants arriv\u00e9s seuls et sans autorisation dans les centres de d\u00e9tention pour adultes de l\u2019ICE apr\u00e8s leur majorit\u00e9.<\/p>\n<p>Le juge de Washington D.C. a estim\u00e9 qu\u2019une telle d\u00e9tention automatique violait une ordonnance de justice qu\u2019il avait rendue en 2021 interdisant de telles pratiques.<\/p>\n<p>L\u2019ICE et le minist\u00e8re de la S\u00e9curit\u00e9 int\u00e9rieure des \u00c9tats-Unis n\u2019ont pas imm\u00e9diatement r\u00e9pondu samedi aux courriels sollicitant des commentaires.<\/p>\n<p>La pression exerc\u00e9e pour placer les nouveaux adultes en d\u00e9tention est une nouvelle bataille sur l\u2019un des points les plus sensibles du programme d\u2019immigration radical du pr\u00e9sident Donald Trump: le traitement des enfants qui traversent la fronti\u00e8re sans \u00eatre accompagn\u00e9s d\u2019adultes.<\/p>\n<p>L\u2019Associated Press a rapport\u00e9 vendredi que les autorit\u00e9s offraient 2500\u00a0$\u00a0US aux enfants migrants \u00e2g\u00e9s de 14\u00a0ans et plus pour qu\u2019ils retournent volontairement dans leur pays d\u2019origine. Le mois dernier, une autre juge f\u00e9d\u00e9rale avait bloqu\u00e9 les tentatives d\u2019expulsion imm\u00e9diate d\u2019enfants migrants guat\u00e9malt\u00e8ques arriv\u00e9s seuls aux \u00c9tats-Unis. Certains enfants avaient \u00e9t\u00e9 embarqu\u00e9s \u00e0 bord d\u2019avions lors de cette op\u00e9ration nocturne avant que la juge ne la bloque.<\/p>\n<p>\u00abTout cela fait partie de la m\u00eame politique g\u00e9n\u00e9rale visant \u00e0 contraindre les jeunes immigrants \u00e0 renoncer \u00e0 leur droit de demander la protection des \u00c9tats-Unis\u00bb, a mentionn\u00e9 Michelle Lapointe, avocate du Conseil am\u00e9ricain de l\u2019immigration, l\u2019un des groupes ayant demand\u00e9 au juge Contreras d\u2019intervenir dans une requ\u00eate d\u00e9pos\u00e9e peu apr\u00e8s minuit samedi.<\/p>\n<p>Les enfants non accompagn\u00e9s sont plac\u00e9s dans des refuges g\u00e9r\u00e9s par le Bureau de r\u00e9installation des r\u00e9fugi\u00e9s, sous la responsabilit\u00e9 non pas de l\u2019ICE, mais du minist\u00e8re am\u00e9ricain de la Sant\u00e9 et des Services sociaux.<\/p>\n<p>L\u2019ordonnance de 2021 du juge ordonnait aux autorit\u00e9s f\u00e9d\u00e9rales de lib\u00e9rer les mineurs de 18\u00a0ans de ces refuges vers \u00abl\u2019environnement le moins restrictif possible\u00bb. Il a statu\u00e9 que c\u2019\u00e9tait ce qu\u2019exige la loi f\u00e9d\u00e9rale, tant que le mineur ne repr\u00e9sente pas un danger pour lui-m\u00eame ou pour autrui et ne risque pas de fuir. Les mineurs sont souvent confi\u00e9s \u00e0 la garde d\u2019un proche, voire plac\u00e9s en famille d\u2019accueil.<\/p>\n<p><b>Risque de pr\u00e9judice durable<\/b><\/p>\n<p>Les avocats qui repr\u00e9sentent les mineurs non accompagn\u00e9s ont toutefois appris ces derniers jours que l\u2019ICE informait les refuges que les enfants sur le point d\u2019avoir 18\u00a0ans \u2014 m\u00eame ceux dont le plan de lib\u00e9ration \u00e9tait d\u00e9j\u00e0 approuv\u00e9 \u2014 ne pouvaient plus \u00eatre lib\u00e9r\u00e9s et seraient plut\u00f4t plac\u00e9s en centre de d\u00e9tention, peut-\u00eatre d\u00e8s samedi.<\/p>\n<p>Un courriel de l\u2019ICE affirmait que les nouveaux adultes ne pouvaient \u00eatre lib\u00e9r\u00e9s par l\u2019ICE que dans le cadre de son pouvoir de lib\u00e9ration conditionnelle au cas par cas, pour \u00abraisons humanitaires urgentes\u00bb ou \u00abint\u00e9r\u00eat public important\u00bb. De mars \u00e0 septembre, l\u2019ICE a accord\u00e9 une lib\u00e9ration conditionnelle \u00e0 moins de 500\u00a0personnes au total.<\/p>\n<p>Les plaignants ont fait valoir que \u00abla lib\u00e9ration conditionnelle est quasiment lettre morte\u00bb et que les enfants ayant d\u00e9pass\u00e9 l\u2019\u00e2ge limite de placement en refuge subiraient un pr\u00e9judice durable en raison d\u2019une \u00abd\u00e9tention adulte inutile et inappropri\u00e9e\u00bb dans des prisons potentiellement surpeupl\u00e9es ou situ\u00e9es dans des endroits isol\u00e9s.<\/p>\n<p>Les autorit\u00e9s frontali\u00e8res am\u00e9ricaines ont arr\u00eat\u00e9 plus de 400\u00a0000\u00a0enfants traversant la fronti\u00e8re sans leurs parents depuis octobre\u00a02021. Une loi de 2008 les oblige \u00e0 compara\u00eetre devant un juge de l\u2019immigration avant d\u2019\u00eatre renvoy\u00e9s dans leur pays.<\/p>\n<p>Les enfants passent plus de temps dans les refuges publics depuis que l\u2019administration Trump les a soumis \u00e0 une surveillance plus \u00e9troite avant de les remettre \u00e0 leur famille aux \u00c9tats-Unis pour qu\u2019ils puissent poursuivre leur dossier d\u2019immigration.<\/p>\n<p>Cette surveillance suppl\u00e9mentaire comprend la prise d\u2019empreintes digitales, des tests ADN et des visites \u00e0 domicile par des agents de l\u2019immigration. Au cours de l\u2019\u00e9t\u00e9, des agents de l\u2019immigration ont commenc\u00e9 \u00e0 intervenir et \u00e0 arr\u00eater les parents.<\/p>\n<p>La dur\u00e9e moyenne de s\u00e9jour dans les refuges publics pour les personnes lib\u00e9r\u00e9es aux \u00c9tats-Unis \u00e9tait de 171\u00a0jours en juillet, contre un pic de 217\u00a0jours en avril, mais bien sup\u00e9rieure aux 37\u00a0jours de janvier, ann\u00e9e de l\u2019arriv\u00e9e au pouvoir de Donald Trump.<\/p>\n","protected":false},"excerpt":{"rendered":"Un juge f\u00e9d\u00e9ral a temporairement bloqu\u00e9 une nouvelle politique de l\u2019administration Trump visant \u00e0 maintenir les enfants migrants&hellip;\n","protected":false},"author":2,"featured_media":440155,"comment_status":"","ping_status":"","sticky":false,"template":"","format":"standard","meta":{"footnotes":""},"categories":[1589],"tags":[11,73,1866,11621,1854,20106,4576,15225,12,1864,1865,1863,308],"class_list":{"0":"post-440154","1":"post","2":"type-post","3":"status-publish","4":"format-standard","5":"has-post-thumbnail","7":"category-etats-unis","8":"tag-actualites","9":"tag-etats-unis","10":"tag-etats-unis-damerique","11":"tag-https-lactualite-com-sujet-defense","12":"tag-https-lactualite-com-sujet-international","13":"tag-https-lactualite-com-sujet-justice","14":"tag-https-lactualite-com-sujet-politique","15":"tag-https-lactualite-com-sujet-social","16":"tag-news","17":"tag-united-states","18":"tag-united-states-of-america","19":"tag-us","20":"tag-usa"},"share_on_mastodon":{"url":"https:\/\/pubeurope.com\/@fr\/115320037298278820","error":""},"_links":{"self":[{"href":"https:\/\/www.europesays.com\/fr\/wp-json\/wp\/v2\/posts\/440154","targetHints":{"allow":["GET"]}}],"collection":[{"href":"https:\/\/www.europesays.com\/fr\/wp-json\/wp\/v2\/posts"}],"about":[{"href":"https:\/\/www.europesays.com\/fr\/wp-json\/wp\/v2\/types\/post"}],"author":[{"embeddable":true,"href":"https:\/\/www.europesays.com\/fr\/wp-json\/wp\/v2\/users\/2"}],"replies":[{"embeddable":true,"href":"https:\/\/www.europesays.com\/fr\/wp-json\/wp\/v2\/comments?post=440154"}],"version-history":[{"count":0,"href":"https:\/\/www.europesays.com\/fr\/wp-json\/wp\/v2\/posts\/440154\/revisions"}],"wp:featuredmedia":[{"embeddable":true,"href":"https:\/\/www.europesays.com\/fr\/wp-json\/wp\/v2\/media\/440155"}],"wp:attachment":[{"href":"https:\/\/www.europesays.com\/fr\/wp-json\/wp\/v2\/media?parent=440154"}],"wp:term":[{"taxonomy":"category","embeddable":true,"href":"https:\/\/www.europesays.com\/fr\/wp-json\/wp\/v2\/categories?post=440154"},{"taxonomy":"post_tag","embeddable":true,"href":"https:\/\/www.europesays.com\/fr\/wp-json\/wp\/v2\/tags?post=440154"}],"curies":[{"name":"wp","href":"https:\/\/api.w.org\/{rel}","templated":true}]}}