{"id":440162,"date":"2025-10-05T06:04:28","date_gmt":"2025-10-05T06:04:28","guid":{"rendered":"https:\/\/www.europesays.com\/fr\/440162\/"},"modified":"2025-10-05T06:04:28","modified_gmt":"2025-10-05T06:04:28","slug":"reports-blocages-reculs-lue-detricote-ses-normes-environnementales-et-tergiverse-sur-son-objectif-climatique-a-quelques-semaines-de-la-cop30","status":"publish","type":"post","link":"https:\/\/www.europesays.com\/fr\/440162\/","title":{"rendered":"Reports, blocages, reculs\u2026 L\u2019UE d\u00e9tricote ses normes environnementales et tergiverse sur son objectif climatique \u00e0 quelques semaines de la COP30"},"content":{"rendered":"<p>    R\u00e9sum\u00e9 en 20 secondes<\/p>\n<p>        En savoir plus sur ce type de contenu<\/p>\n<p>Ce r\u00e9sum\u00e9 peut avoir \u00e9t\u00e9 \u00e9crit avec l&rsquo;assistance d\u2019une IA g\u00e9n\u00e9rative. <a href=\"https:\/\/www.letemps.ch\/cyber\/l-usage-de-l-ia-generative-par-les-journalistes-du-temps\" target=\"_blank\" rel=\"noopener\">En savoir plus<\/a><\/p>\n<p class=\"article__abstract-call-to-action\" data-ariato=\"TrackableElement\" data-trackable-element-type=\"article_abstract_cta\" data-trackable-element-location=\"article_header\" data-trackable-element-id=\"507586\">\n        <a data-event=\"click-&gt;clicked\" href=\"https:\/\/www.letemps.ch\/abonnements\" target=\"_blank\" rel=\"noopener\">Abonnez-vous<\/a> pour acc\u00e9der au r\u00e9sum\u00e9 en 20 secondes.\n      <\/p>\n<p>Le monde peut-il vraiment \u00abcompter sur l\u2019UE pour conserver son r\u00f4le de chef de file en mati\u00e8re de climat\u00bb, comme l\u2019a affirm\u00e9 depuis New York la pr\u00e9sidente de la Commission europ\u00e9enne, Ursula von\u00a0der\u00a0Leyen, \u00e0 l\u2019occasion de l\u2019Assembl\u00e9e g\u00e9n\u00e9rale des Nations unies? Pas s\u00fbr. Ou alors sans fougue. Car l\u2019Europe arrivera divis\u00e9e \u00e0 la COP30, la conf\u00e9rence onusienne sur le climat qui se d\u00e9roulera au Br\u00e9sil du 10\u00a0au 21\u00a0novembre. Et m\u00eame si des progr\u00e8s significatifs ont \u00e9t\u00e9 r\u00e9alis\u00e9s par les nations du Vieux-Continent dans la r\u00e9duction des \u00e9missions de gaz \u00e0 effet de serre et de la pollution atmosph\u00e9rique, l\u2019\u00e9tat g\u00e9n\u00e9ral de leur environnement en Europe n\u2019est pas bon, a alert\u00e9 lundi un rapport de l\u2019Agence europ\u00e9enne de l\u2019environnement (AEE).<\/p>\n<p>Surtout, les d\u00e9tricotages des normes environnementales du fameux Pacte vert (Green Deal) sont tr\u00e8s nombreux depuis la pouss\u00e9e de l\u2019extr\u00eame droite aux \u00e9lections europ\u00e9ennes de juin 2024. Plusieurs textes l\u00e9gislatifs importants ont \u00e9t\u00e9 report\u00e9s ou font l\u2019objet de blocages. Dernier exemple en date: la loi contre la d\u00e9forestation. La Commission vient de proposer une nouvelle fois de repousser son entr\u00e9e en vigueur, de fin 2025 \u00e0 fin 2016, au grand dam des organisations environnementales qui d\u00e9noncent un \u00abnouveau coup de tron\u00e7onneuse\u00bb.<\/p>\n","protected":false},"excerpt":{"rendered":"R\u00e9sum\u00e9 en 20 secondes En savoir plus sur ce type de contenu Ce r\u00e9sum\u00e9 peut avoir \u00e9t\u00e9 \u00e9crit&hellip;\n","protected":false},"author":2,"featured_media":440163,"comment_status":"","ping_status":"","sticky":false,"template":"","format":"standard","meta":{"footnotes":""},"categories":[1586],"tags":[11,1129,1777,674,1779,1011,27,12,301,25,1778,364],"class_list":{"0":"post-440162","1":"post","2":"type-post","3":"status-publish","4":"format-standard","5":"has-post-thumbnail","7":"category-europe","8":"tag-actualites","9":"tag-climat","10":"tag-eu","11":"tag-europe","12":"tag-european-union","13":"tag-fr","14":"tag-france","15":"tag-news","16":"tag-premium","17":"tag-republique-francaise","18":"tag-ue","19":"tag-union-europeenne"},"share_on_mastodon":{"url":"https:\/\/pubeurope.com\/@fr\/115320053017680060","error":""},"_links":{"self":[{"href":"https:\/\/www.europesays.com\/fr\/wp-json\/wp\/v2\/posts\/440162","targetHints":{"allow":["GET"]}}],"collection":[{"href":"https:\/\/www.europesays.com\/fr\/wp-json\/wp\/v2\/posts"}],"about":[{"href":"https:\/\/www.europesays.com\/fr\/wp-json\/wp\/v2\/types\/post"}],"author":[{"embeddable":true,"href":"https:\/\/www.europesays.com\/fr\/wp-json\/wp\/v2\/users\/2"}],"replies":[{"embeddable":true,"href":"https:\/\/www.europesays.com\/fr\/wp-json\/wp\/v2\/comments?post=440162"}],"version-history":[{"count":0,"href":"https:\/\/www.europesays.com\/fr\/wp-json\/wp\/v2\/posts\/440162\/revisions"}],"wp:featuredmedia":[{"embeddable":true,"href":"https:\/\/www.europesays.com\/fr\/wp-json\/wp\/v2\/media\/440163"}],"wp:attachment":[{"href":"https:\/\/www.europesays.com\/fr\/wp-json\/wp\/v2\/media?parent=440162"}],"wp:term":[{"taxonomy":"category","embeddable":true,"href":"https:\/\/www.europesays.com\/fr\/wp-json\/wp\/v2\/categories?post=440162"},{"taxonomy":"post_tag","embeddable":true,"href":"https:\/\/www.europesays.com\/fr\/wp-json\/wp\/v2\/tags?post=440162"}],"curies":[{"name":"wp","href":"https:\/\/api.w.org\/{rel}","templated":true}]}}