{"id":440168,"date":"2025-10-05T06:07:10","date_gmt":"2025-10-05T06:07:10","guid":{"rendered":"https:\/\/www.europesays.com\/fr\/440168\/"},"modified":"2025-10-05T06:07:10","modified_gmt":"2025-10-05T06:07:10","slug":"la-nouvelle-biere-favorite-des-americains-est-une-totale-inconnue-en-france","status":"publish","type":"post","link":"https:\/\/www.europesays.com\/fr\/440168\/","title":{"rendered":"La nouvelle bi\u00e8re favorite des Am\u00e9ricains est une totale inconnue en France"},"content":{"rendered":"<p>                             Par Apolline d\u2019Hoop<\/p>\n<p>                Le 5 octobre 2025 \u00e0 08h00<\/p>\n<p>    La Michelob Ultra devient la bi\u00e8re la plus vendue aux \u00c9tats-Unis.<br \/>\n                Steve Cukrov &amp; Louise Shumbris-C<\/p>\n<p>En septembre 2025, la bi\u00e8re Michelob Ultra est devenue la bi\u00e8re la plus vendue aux \u00c9tats-Unis, d\u00e9passant la marque mexicaine Modelo et l\u2019historique Budweiser am\u00e9ricaine.<\/p>\n<p class=\"fig-paragraph\">Si la Michelob Ultra est r\u00e9cemment devenue la\u00a0<a href=\"https:\/\/avis-vin.lefigaro.fr\/biere\" target=\"_blank\" data-fig-type=\"Section\" rel=\"noopener\" data-gtm-custom-categorie=\"navigation\" data-gtm-custom-action=\"crossclick\" data-gtm-custom-label=\"Contextuel\" data-gtm-event=\"customEventSPE\" data-fig-domain=\"AVIS_VIN\">bi\u00e8re<\/a>\u00a0favorite des Am\u00e9ricains \u2013 en tout cas la plus vendue \u2013, elle n\u2019en est pas moins ancienne. Lanc\u00e9e sur le march\u00e9 en 2002, ce n\u2019est que depuis quelques ann\u00e9es que le volume de ses ventes a explos\u00e9, connaissant une croissance de 15%, qui lui a permis de gagner 2% de parts de march\u00e9 au cours des cinq derni\u00e8res ann\u00e9es.<\/p>\n<p class=\"fig-paragraph\">Avant cela, Modelo et Budweiser \u00e9taient en t\u00eate du classement, jusqu\u2019\u00e0 la mise en place d\u2019une\u00a0<a href=\"https:\/\/www.lefigaro.fr\/conjoncture\/la-presidente-mexicaine-annonce-un-accord-avec-donald-trump-pour-suspendre-un-mois-les-droits-de-douane-20250203\" target=\"_blank\" data-fig-type=\"NewsFlash\" rel=\"noopener\" data-gtm-custom-categorie=\"navigation\" data-gtm-custom-action=\"crossclick\" data-gtm-custom-label=\"Contextuel\" data-gtm-event=\"customEventSPE\" data-fig-domain=\"LEFIGARO\">nouvelle taxe douani\u00e8re sur les produits mexicains par Donald Trump<\/a>, \u00e9vin\u00e7ant la Modelo. De son c\u00f4t\u00e9, la Bud Light a fait l\u2019objet d\u2019un boycott en r\u00e9action \u00e0 son partenariat avec l\u2019influenceur transgenre Dylan Mulvaney, rel\u00e9guant la marque am\u00e9ricaine au second plan. \u00c0 noter que Michelob et Budweiser appartiennent au m\u00eame groupe, Anheuser-Busch, qui d\u00e9tient \u00e9galement Corona et Stella Artois.<\/p>\n<p class=\"fig-body-link\">\n            \u00c0 lire aussi<br \/>\n        <a class=\"fig-body-link__link\" href=\"http:\/\/avis-vin.lefigaro.fr\/biere\/les-droits-de-douane-imposes-par-trump-une-mauvaise-nouvelle-aussi-pour-les-brasseurs-americains-20250317\" target=\"_blank\" data-fig-type=\"Article\" rel=\"noopener\" data-gtm-custom-categorie=\"navigation\" data-gtm-custom-action=\"crossclick\" data-gtm-custom-label=\"Contextuel\" data-gtm-event=\"customEventSPE\" data-fig-domain=\"AVIS_VIN\">Les droits de douane impos\u00e9s par Trump, une mauvaise nouvelle aussi pour les brasseurs am\u00e9ricains<br \/>\n    <\/a>\n<\/p>\n<p>                                    <a class=\"fig-a11y-skip a11y-hidden\" href=\"#fig-a11y-skip-main-inarticle\"><br \/>\n        Passer la publicit\u00e9<br \/>\n    <\/a><\/p>\n<p class=\"fig-paragraph\">Si la Michelob s\u2019est octroy\u00e9e une place de choix dans le c\u0153ur des Am\u00e9ricains buveurs de bi\u00e8re, elle n\u2019a jamais \u00e9t\u00e9 massivement distribu\u00e9e en Europe. Elle doit sa popularit\u00e9 aux \u00c9tats-Unis \u00e0 un positionnement historiquement port\u00e9 sur la di\u00e9t\u00e9tique avec une bi\u00e8re l\u00e9g\u00e8re r\u00e9put\u00e9e faible en calories. Ceci depuis sa cr\u00e9ation en 1896 par Adolphus Busch, un grossiste arriv\u00e9 d\u2019Allemagne \u00e0 Saint-Louis en 1857. Ainsi, de juteux contrats ont \u00e9t\u00e9 n\u00e9goci\u00e9s avec des personnalit\u00e9s li\u00e9es au monde du sport, \u00e0 l\u2019instar de Lionel Messi, mais aussi avec des \u00e9v\u00e9nements sportifs. \u00abDepuis plus de vingt ans, Michelob Ultra est au contact de ses fans lors des \u00e9v\u00e9nements qu\u2019ils appr\u00e9cient. La strat\u00e9gie de la marque est simple et implacable\u00a0: investir, apprendre et agir en tant que sponsor officiel lors des \u00e9v\u00e9nements sportifs et les \u00e9v\u00e9nements les plus marquants aux \u00c9tats-Unis\u00bb, explique Kyle Norrington, directeur commercial d\u2019AB InBev dans un communiqu\u00e9. Le groupe s\u2019impose comme le futur partenaire des JO de Los Angeles 2028 tandis qu\u2019elle sera pr\u00e9sente lors de la prochaine Coupe du monde de football en 2026.<\/p>\n","protected":false},"excerpt":{"rendered":"Par Apolline d\u2019Hoop Le 5 octobre 2025 \u00e0 08h00 La Michelob Ultra devient la bi\u00e8re la plus vendue&hellip;\n","protected":false},"author":2,"featured_media":440169,"comment_status":"","ping_status":"","sticky":false,"template":"","format":"standard","meta":{"footnotes":""},"categories":[4],"tags":[11,7722,75,73,1011,27,12,25],"class_list":{"0":"post-440168","1":"post","2":"type-post","3":"status-publish","4":"format-standard","5":"has-post-thumbnail","7":"category-france","8":"tag-actualites","9":"tag-biere","10":"tag-donald-trump","11":"tag-etats-unis","12":"tag-fr","13":"tag-france","14":"tag-news","15":"tag-republique-francaise"},"share_on_mastodon":{"url":"https:\/\/pubeurope.com\/@fr\/115320065052849918","error":""},"_links":{"self":[{"href":"https:\/\/www.europesays.com\/fr\/wp-json\/wp\/v2\/posts\/440168","targetHints":{"allow":["GET"]}}],"collection":[{"href":"https:\/\/www.europesays.com\/fr\/wp-json\/wp\/v2\/posts"}],"about":[{"href":"https:\/\/www.europesays.com\/fr\/wp-json\/wp\/v2\/types\/post"}],"author":[{"embeddable":true,"href":"https:\/\/www.europesays.com\/fr\/wp-json\/wp\/v2\/users\/2"}],"replies":[{"embeddable":true,"href":"https:\/\/www.europesays.com\/fr\/wp-json\/wp\/v2\/comments?post=440168"}],"version-history":[{"count":0,"href":"https:\/\/www.europesays.com\/fr\/wp-json\/wp\/v2\/posts\/440168\/revisions"}],"wp:featuredmedia":[{"embeddable":true,"href":"https:\/\/www.europesays.com\/fr\/wp-json\/wp\/v2\/media\/440169"}],"wp:attachment":[{"href":"https:\/\/www.europesays.com\/fr\/wp-json\/wp\/v2\/media?parent=440168"}],"wp:term":[{"taxonomy":"category","embeddable":true,"href":"https:\/\/www.europesays.com\/fr\/wp-json\/wp\/v2\/categories?post=440168"},{"taxonomy":"post_tag","embeddable":true,"href":"https:\/\/www.europesays.com\/fr\/wp-json\/wp\/v2\/tags?post=440168"}],"curies":[{"name":"wp","href":"https:\/\/api.w.org\/{rel}","templated":true}]}}