{"id":440172,"date":"2025-10-05T06:13:11","date_gmt":"2025-10-05T06:13:11","guid":{"rendered":"https:\/\/www.europesays.com\/fr\/440172\/"},"modified":"2025-10-05T06:13:11","modified_gmt":"2025-10-05T06:13:11","slug":"moto2-indonesie-course-diogo-moreira-simpose-et-prend-de-gros-points-pour-le-championnat","status":"publish","type":"post","link":"https:\/\/www.europesays.com\/fr\/440172\/","title":{"rendered":"Moto2 Indon\u00e9sie Course : Diogo Moreira s&rsquo;impose et prend de gros points pour le championnat"},"content":{"rendered":"<p><strong>Le Moto2 reprend la piste en Indon\u00e9sie et le lutte pour<br \/>\nle titre est toujours aussi serr\u00e9e. Lors des deux derni\u00e8res manches<br \/>\nen date, Diogo Moreira a fait basculer celle-ci. D\u00e9passant Aron<br \/>\nCanet au compteur, il s\u2019est install\u00e9 \u00e0 la deuxi\u00e8me place du<br \/>\nchampionnat, \u00e0 34 points du leader, Manuel Gonzalez. Les pilotes<br \/>\nFantic, Aron Canet et Barry Baltus, \u00e9volue \u00e0 49 et 56 points de<br \/>\nl\u2019Espagnol en marge de la course \u00e0 Mandalika.<\/strong><\/p>\n<tr valign=\"top\">\n<td style=\"color: #ff6600;\" width=\"30%\">\n<p style=\"background-color: #283555;\" align=\"center\"><strong>Moto2\u2122 Indon\u00e9sie,<br \/>\nMandalika<\/strong><\/p>\n<\/td>\n<td style=\"color: #ff6600;\" width=\"30%\">\n<p style=\"background-color: #283555;\" align=\"center\"><strong>2024<\/strong><\/p>\n<\/td>\n<td style=\"color: #ff6600;\" width=\"30%\">\n<p style=\"background-color: #283555;\" align=\"center\"><strong>2025<\/strong><\/p>\n<\/td>\n<\/tr>\n<tr valign=\"top\">\n<td style=\"text-align: center;\" width=\"30%\">FP1<\/td>\n<td style=\"text-align: center;\" width=\"30%\">\n1\u201933.955\u00a0<strong>Fermin Aldeguer<\/strong><\/td>\n<td style=\"text-align: center;\" width=\"30%\">1\u201933.245 Celestino<br \/>\nVietti<\/td>\n<\/tr>\n<tr valign=\"top\">\n<td style=\"text-align: center;\" width=\"30%\">Practice<\/td>\n<td style=\"text-align: center;\" width=\"30%\">\n1\u201933.690\u00a0<strong>Ai Ogura<\/strong><\/td>\n<td style=\"text-align: center;\" width=\"30%\">1\u201932.996 Manuel<br \/>\nGonzalez<\/td>\n<\/tr>\n<tr valign=\"top\">\n<td style=\"text-align: center;\" width=\"30%\">FP2<\/td>\n<td style=\"text-align: center;\" width=\"30%\">\n1\u201933.0777\u00a0<strong>Aron Canet<\/strong><\/td>\n<td style=\"text-align: center;\" width=\"30%\">1\u201932.597 Manuel<br \/>\nGonzalez<\/td>\n<\/tr>\n<tr valign=\"top\">\n<td style=\"text-align: center;\" width=\"30%\">Q1<\/td>\n<td style=\"text-align: center;\" width=\"30%\">\n1\u201933.881\u00a0<strong>Albert Arenas<\/strong><\/td>\n<td style=\"text-align: center;\" width=\"30%\">1\u201932.876 Alex<br \/>\nEscrig<\/td>\n<\/tr>\n<tr valign=\"top\">\n<td style=\"text-align: center;\" width=\"30%\">Q2<\/td>\n<td style=\"text-align: center;\" width=\"30%\">\n1\u201933.434\u00a0<strong>Aron Canet<\/strong><\/td>\n<td style=\"text-align: center;\" width=\"30%\">1\u201932.341 Diogo<br \/>\nMoreira<\/td>\n<\/tr>\n<tr valign=\"top\">\n<td style=\"text-align: center;\" width=\"30%\">Course<\/td>\n<td style=\"text-align: center;\" width=\"30%\"><strong>Canet, Ogura,<br \/>\nLopez<\/strong>\u00a0(<a href=\"https:\/\/www.paddock-gp.com\/moto2-indonesie-course-canet\/\" target=\"_blank\" rel=\"noopener nofollow\"><strong>Voir ici<\/strong><\/a>)<\/td>\n<td style=\"text-align: center;\" width=\"30%\">Moreira, Gonzalez,<br \/>\nGuevara<\/td>\n<\/tr>\n<tr valign=\"top\">\n<td style=\"text-align: center;\" width=\"30%\">Record<\/td>\n<td style=\"text-align: center;\" width=\"30%\">\n1\u201933.0777\u00a0<strong>Aron Canet 2024<\/strong><\/td>\n<td style=\"text-align: center;\" width=\"30%\"\/>\n<\/tr>\n<p>Lors de l\u2019extinction des feux, Izan Guevara prend le meilleur<br \/>\nd\u00e9part, mais se fait rapidement reprendre la t\u00eate par Diogo<br \/>\nMoreira. Le Br\u00e9silien g\u00e8re alors sa premi\u00e8re partie de course, et<br \/>\nemm\u00e8ne Daniel Holgado dans sa roue. Derri\u00e8re, la bataille pour la<br \/>\n3e place s\u2019intensifie entre Izan Guevara et Manuel Gonzalez.<br \/>\nDerri\u00e8re, Aron Canet r\u00e9alise un d\u00e9part spectaculaire, alors que son<br \/>\n\u00e9quipier, Barry Baltus, chute dans la hi\u00e9rarchie.<\/p>\n<p>Les pilotes Fantic vont cependant rapidement remonter aux<br \/>\navant-postes, aid\u00e9s par leur rythme, et par de nombreux incidents.<br \/>\nOn retiendra notamment les chutes des deux pilotes Aspar, David<br \/>\nAlonso et Daniel Holgado, et un incident technique pour Celestino<br \/>\nVietti. Ainsi, apr\u00e8s neuf tours de course, Diogo Moreira m\u00e8ne avec<br \/>\nune seconde d\u2019avance sur Manuel Gonzalez. Aron Canet, parti 21e,<br \/>\nest d\u00e9j\u00e0 4e, tandis que Barry Baltus pointe au 7e rang.<\/p>\n<p>En seconde moiti\u00e9 d\u2019\u00e9preuve, les \u00e9carts sont stables aux<br \/>\navant-postes. Diogo Moreira conserve de la marge par rapport \u00e0<br \/>\nManuel Gonzalez, qui en a 3 sur Izan Guevara. Ce dernier parvient<br \/>\ncependant \u00e0 contenir le retour d\u2019Aron Canet. Une fois la remont\u00e9e<br \/>\ndes pilotes Fantic achev\u00e9e, l\u2019Espagnol pointe \u00e0 deux secondes<br \/>\nd\u2019Izan Guevara, tandis que Barry Baltus pointe \u00e0 1.7 seconde de son<br \/>\n\u00e9quipier, en 4e et 5e positions.<\/p>\n<p>En fin de course, Manuel Gonzalez l\u00e2che prise, et laisse Diogo<br \/>\nMoreira filer vers la victoire du GP d\u2019Indon\u00e9sie de Moto2. Il<br \/>\nempoche la deuxi\u00e8me place, et conc\u00e8de cinq points au Br\u00e9silien pour<br \/>\nle championnat. Malgr\u00e9 le retour des deux hommes derri\u00e8re lui, Izan<br \/>\nGuevara s\u2019accroche \u00e0 son podium. La derni\u00e8re inconnue de cette fin<br \/>\nde course \u00e9tait le duel entre Aron Canet et Barry Baltus pour la 4e<br \/>\nplace. Malgr\u00e9 le retour du Belge \u00e0 quelques dixi\u00e8mes de l\u2019Espagnol,<br \/>\nil manque de temps pour pouvoir tenter quelque chose.<\/p>\n<p><strong>Moto2 Indon\u00e9sie (Mandalika) \u2013 Le classement de la Course<br \/>\n:<\/strong><\/p>\n<p><a href=\"https:\/\/www.paddock-gp.com\/wp-content\/uploads\/2025\/10\/Capture-decran-2025-10-05-a-07.53.03.png\" rel=\"nofollow noopener\" target=\"_blank\"><br \/>\n<img loading=\"lazy\" decoding=\"async\" class=\"aligncenter wp-image-1336377\" src=\"https:\/\/www.europesays.com\/fr\/wp-content\/uploads\/2025\/10\/Capture-decran-2025-10-05-a-07.53.03-285x400.png\" alt=\"\" width=\"400\" height=\"562\"  \/><\/a><\/p>\n<p><strong>Classement : <a href=\"https:\/\/mototiming.live\/stats\" rel=\"nofollow noopener\" target=\"_blank\">MotoGP.com<\/a><\/strong><\/p>\n","protected":false},"excerpt":{"rendered":"Le Moto2 reprend la piste en Indon\u00e9sie et le lutte pour le titre est toujours aussi serr\u00e9e. Lors&hellip;\n","protected":false},"author":2,"featured_media":440173,"comment_status":"","ping_status":"","sticky":false,"template":"","format":"standard","meta":{"footnotes":""},"categories":[1413],"tags":[1011,27,1457,1456,60],"class_list":{"0":"post-440172","1":"post","2":"type-post","3":"status-publish","4":"format-standard","5":"has-post-thumbnail","7":"category-moto","8":"tag-fr","9":"tag-france","10":"tag-moto","11":"tag-motocycle","12":"tag-sports"},"share_on_mastodon":{"url":"https:\/\/pubeurope.com\/@fr\/115320089127822860","error":""},"_links":{"self":[{"href":"https:\/\/www.europesays.com\/fr\/wp-json\/wp\/v2\/posts\/440172","targetHints":{"allow":["GET"]}}],"collection":[{"href":"https:\/\/www.europesays.com\/fr\/wp-json\/wp\/v2\/posts"}],"about":[{"href":"https:\/\/www.europesays.com\/fr\/wp-json\/wp\/v2\/types\/post"}],"author":[{"embeddable":true,"href":"https:\/\/www.europesays.com\/fr\/wp-json\/wp\/v2\/users\/2"}],"replies":[{"embeddable":true,"href":"https:\/\/www.europesays.com\/fr\/wp-json\/wp\/v2\/comments?post=440172"}],"version-history":[{"count":0,"href":"https:\/\/www.europesays.com\/fr\/wp-json\/wp\/v2\/posts\/440172\/revisions"}],"wp:featuredmedia":[{"embeddable":true,"href":"https:\/\/www.europesays.com\/fr\/wp-json\/wp\/v2\/media\/440173"}],"wp:attachment":[{"href":"https:\/\/www.europesays.com\/fr\/wp-json\/wp\/v2\/media?parent=440172"}],"wp:term":[{"taxonomy":"category","embeddable":true,"href":"https:\/\/www.europesays.com\/fr\/wp-json\/wp\/v2\/categories?post=440172"},{"taxonomy":"post_tag","embeddable":true,"href":"https:\/\/www.europesays.com\/fr\/wp-json\/wp\/v2\/tags?post=440172"}],"curies":[{"name":"wp","href":"https:\/\/api.w.org\/{rel}","templated":true}]}}