{"id":440179,"date":"2025-10-05T06:17:12","date_gmt":"2025-10-05T06:17:12","guid":{"rendered":"https:\/\/www.europesays.com\/fr\/440179\/"},"modified":"2025-10-05T06:17:12","modified_gmt":"2025-10-05T06:17:12","slug":"comment-shabillent-les-personnalites-a-la-fashion-week-printemps-ete-2026-de-paris-votez-pour-vos-looks-preferes","status":"publish","type":"post","link":"https:\/\/www.europesays.com\/fr\/440179\/","title":{"rendered":"Comment s&rsquo;habillent les personnalit\u00e9s \u00e0 la Fashion Week printemps-\u00e9t\u00e9 2026 de Paris ? Votez pour vos looks pr\u00e9f\u00e9r\u00e9s !"},"content":{"rendered":"<p>La <a href=\"https:\/\/www.vogue.fr\/dossier\/fashion-week-paris\" target=\"_blank\" rel=\"noopener\">Fashion Week printemps-\u00e9t\u00e9 2026 de Paris<\/a> a enfin d\u00e9but\u00e9, apr\u00e8s celle de Londres, New York et Milan. Les c\u00e9l\u00e9brit\u00e9s r\u00e9pondent toujours pr\u00e9sent lorsqu&rsquo;il s&rsquo;agit de se mettre sur leur trente et un. Et pourquoi le feraient-ils, quand <a href=\"https:\/\/www.vogue.fr\/article\/saint-laurent-printemps-ete-2026\" target=\"_blank\" rel=\"noopener\"><strong>Saint Laurent<\/strong><\/a> illumine la ville d&rsquo;hortensias \u00e0 la Fontaine du Trocad\u00e9ro ? Le reste de la semaine s&rsquo;annonce tout aussi chic, puisque les personnalit\u00e9s de la mode sortiront leurs plus beaux looks preppy chic chez <strong>Dior<\/strong>, et leurs meilleures tenues gothiques chez <strong>Rick Owens<\/strong>. Retour en <a href=\"https:\/\/www.vogue.fr\/dossier\/images\" target=\"_blank\" rel=\"noopener\">images<\/a> sur le meilleur du <a href=\"https:\/\/www.vogue.fr\/galerie\/fashion-week-automne-hiver-2024-2025-milan\" target=\"_blank\" rel=\"noopener\">street style<\/a> de la Fashion Week printemps-\u00e9t\u00e9 2026 \u00e0 Paris.<\/p>\n<p><a href=\"https:\/\/www.vogue.com\/slideshow\/see-phil-ohs-best-street-style-from-the-spring-2026-shows-in-paris\" target=\"_blank\" rel=\"noopener\">Article publi\u00e9 initialement sur Vogue US<\/a><\/p>\n<p><strong>Plus de <a href=\"https:\/\/www.vogue.fr\/dossier\/mode\" target=\"_blank\" rel=\"noopener\">Mode<\/a> sur <a href=\"https:\/\/www.vogue.fr\/\" target=\"_blank\" rel=\"noopener\">Vogue.fr<\/a> :<\/strong><\/p>\n<p>East-West : <a href=\"https:\/\/www.vogue.fr\/article\/tendance-sacs-east-west\" target=\"_blank\" rel=\"noopener\">cette tendance sac va d\u00e9tr\u00f4ner les mini-bags<\/a><br \/><a href=\"https:\/\/www.vogue.fr\/vogue-hommes\/galerie\/louis-jourdan-cliches-vintage\" target=\"_blank\" rel=\"noopener\">Le style de Louis Jourdan<\/a> en 15 clich\u00e9s <a href=\"https:\/\/www.vogue.fr\/dossier\/vintage\" target=\"_blank\" rel=\"noopener\">vintage<\/a><br \/><a href=\"https:\/\/www.vogue.fr\/article\/mode-annees-60\" target=\"_blank\" rel=\"noopener\">La mode des ann\u00e9es 60<\/a> : la mini jupe, les Mods et les hippies<\/p>\n<p>IMAGES : Les meilleurs looks street style de la Fashion Week de Paris printemps-\u00e9t\u00e9 2026 :<\/p>\n","protected":false},"excerpt":{"rendered":"La Fashion Week printemps-\u00e9t\u00e9 2026 de Paris a enfin d\u00e9but\u00e9, apr\u00e8s celle de Londres, New York et Milan.&hellip;\n","protected":false},"author":2,"featured_media":440180,"comment_status":"","ping_status":"","sticky":false,"template":"","format":"standard","meta":{"footnotes":""},"categories":[1359],"tags":[11,58,59,992,34204,1011,27,985,973,35569,18401],"class_list":{"0":"post-440179","1":"post","2":"type-post","3":"status-publish","4":"format-standard","5":"has-post-thumbnail","7":"category-people","8":"tag-actualites","9":"tag-divertissement","10":"tag-entertainment","11":"tag-fashion-week","12":"tag-fashion-week-paris","13":"tag-fr","14":"tag-france","15":"tag-mode","16":"tag-people","17":"tag-street-style","18":"tag-vogue-digital"},"share_on_mastodon":{"url":"https:\/\/pubeurope.com\/@fr\/115320104100114146","error":""},"_links":{"self":[{"href":"https:\/\/www.europesays.com\/fr\/wp-json\/wp\/v2\/posts\/440179","targetHints":{"allow":["GET"]}}],"collection":[{"href":"https:\/\/www.europesays.com\/fr\/wp-json\/wp\/v2\/posts"}],"about":[{"href":"https:\/\/www.europesays.com\/fr\/wp-json\/wp\/v2\/types\/post"}],"author":[{"embeddable":true,"href":"https:\/\/www.europesays.com\/fr\/wp-json\/wp\/v2\/users\/2"}],"replies":[{"embeddable":true,"href":"https:\/\/www.europesays.com\/fr\/wp-json\/wp\/v2\/comments?post=440179"}],"version-history":[{"count":0,"href":"https:\/\/www.europesays.com\/fr\/wp-json\/wp\/v2\/posts\/440179\/revisions"}],"wp:featuredmedia":[{"embeddable":true,"href":"https:\/\/www.europesays.com\/fr\/wp-json\/wp\/v2\/media\/440180"}],"wp:attachment":[{"href":"https:\/\/www.europesays.com\/fr\/wp-json\/wp\/v2\/media?parent=440179"}],"wp:term":[{"taxonomy":"category","embeddable":true,"href":"https:\/\/www.europesays.com\/fr\/wp-json\/wp\/v2\/categories?post=440179"},{"taxonomy":"post_tag","embeddable":true,"href":"https:\/\/www.europesays.com\/fr\/wp-json\/wp\/v2\/tags?post=440179"}],"curies":[{"name":"wp","href":"https:\/\/api.w.org\/{rel}","templated":true}]}}