{"id":440181,"date":"2025-10-05T06:19:14","date_gmt":"2025-10-05T06:19:14","guid":{"rendered":"https:\/\/www.europesays.com\/fr\/440181\/"},"modified":"2025-10-05T06:19:14","modified_gmt":"2025-10-05T06:19:14","slug":"celine-pellouas-autrice-dun-recueil-de-nouvelles-pour-enfants-nous-devoile-ses-lieux-preferes-a-brest","status":"publish","type":"post","link":"https:\/\/www.europesays.com\/fr\/440181\/","title":{"rendered":"C\u00e9line Pellouas, autrice d\u2019un recueil de nouvelles pour enfants, nous d\u00e9voile ses lieux pr\u00e9f\u00e9r\u00e9s \u00e0 Brest"},"content":{"rendered":"<p>            Par<br \/>\n        <strong><br \/>\n            <a href=\"https:\/\/actu.fr\/auteur\/julien-saliou\" title=\"Consulter tous les articles de Julien Saliou\" target=\"_blank\" rel=\"noopener\">Julien Saliou<\/a><br \/>\n        <\/strong><\/p>\n<p>        Publi\u00e9 le<\/p>\n<p>            5 oct. 2025 \u00e0 8h10        <\/p>\n<p>Secr\u00e9taire dans l\u2019automobile, cette habitante de <a href=\"https:\/\/actu.fr\/bretagne\/gouesnou_29061\" target=\"_blank\" rel=\"noopener\">Gouesnou<\/a>, 38\u00a0ans, vient de sortir Diane et p\u00e9pite, un recueil de nouvelles pour enfants. Elle y aborde des th\u00e9matiques comme le recyclage et la confiance en soi. L\u2019occasion de lui demander de participer \u00e0 notre rubrique \u201cC\u2019est chez moi\u201d.<\/p>\n<p>La m\u00e9diath\u00e8que\u00a0Eug\u00e9nie-Le-Bail<br \/>\n    <img   decoding=\"async\" loading=\"lazy\" class=\"size-large\" src=\"https:\/\/www.europesays.com\/fr\/wp-content\/uploads\/2025\/10\/fc140beb4ad86e0240beb4ad8c4240v-960x640.jpg\" alt=\"La m\u00e9diath\u00e8que Eug\u00e9nie Le Bail \u00e0 Gouesnou.\" width=\"960\" height=\"640\"\/><br \/>\n    La m\u00e9diath\u00e8que Eug\u00e9nie-Le-Bail \u00e0 Gouesnou. \u00a9Julien Saliou<\/p>\n<p class=\" wall-content\"><b>Un lieu chaleureux<\/b><\/p>\n<p class=\" wall-content\">J\u2019y suis adh\u00e9rente depuis 2020, date de mon arriv\u00e9e \u00e0 Gouesnou. Mes enfants y empruntent des livres et jeux de soci\u00e9t\u00e9.<\/p>\n<p class=\" wall-content\">J\u2019y ferai ma premi\u00e8re s\u00e9ance de d\u00e9dicaces samedi 11\u00a0octobre, le matin.<\/p>\n<p class=\" wall-content\">5, venelle des Lilas \u00e0 Gouesnou.<\/p>\n<p>L\u2019Arsouille<br \/>\n    <img   decoding=\"async\" loading=\"lazy\" class=\"size-large\" src=\"https:\/\/www.europesays.com\/fr\/wp-content\/uploads\/2025\/10\/8ec374ad11686a2d374ad116876d37v-960x640.jpg\" alt=\"L'Arsouille\" width=\"960\" height=\"640\"\/><br \/>\n    L\u2019Arsouille, dans le quartier des Quatre-Moulins. \u00a9Dominique Cresson<\/p>\n<p class=\" wall-content\"><b>De bons produits<\/b><\/p>\n<p class=\" wall-content\">C\u2019est un <a href=\"https:\/\/actu.fr\/bretagne\/brest_29019\/bar-cave-et-epicerie-fine-larsouille-une-nouvelle-adresse-gourmande-a-brest_62720240.html\" target=\"_blank\" rel=\"noopener\">bar-\u00e9picerie fine<\/a>, avec des produits locaux. Christelle, une amie, a ouvert ce lieu cette ann\u00e9e dans le quartier des Quatre-Moulins.<\/p>\n<p>Vid\u00e9os : en ce moment sur Actu<\/p>\n<p class=\" wall-content\">211, rue Anatole-France \u00e0 Brest.<\/p>\n<p>Le Moulin-Blanc<\/p>\n<p class=\" wall-content\"><b>Me promener et manger<\/b><\/p>\n<p class=\" wall-content\">Plus jeune, j\u2019habitais du c\u00f4t\u00e9 de Land\u00e9da, mais je venais tout de m\u00eame ici faire un tour.<\/p>\n<p>Votre r\u00e9gion, votre actu !<\/p>\n<p>Recevez chaque jour les infos qui comptent pour vous.<\/p>\n<p>\t<a href=\"https:\/\/actu.fr\/newsletter\" class=\"ac-btn ac-btn--corner ac-btn--medium ac-btn--blue800\" target=\"_blank\" rel=\"noopener\">S&rsquo;incrire<\/a><\/p>\n<p class=\" wall-content\">Je m\u2019y rends toujours pour me promener avec mon copain, et j\u2019aime y manger, que ce soit au Trimaran ou \u00e0 La Paillotte.<\/p>\n<p>Le multiplexe Cin\u00e9 Libert\u00e9<br \/>\n    <img   decoding=\"async\" loading=\"lazy\" class=\"size-large\" src=\"https:\/\/www.europesays.com\/fr\/wp-content\/uploads\/2025\/10\/806ec97266536746ec9726653386ecv-960x640.jpg\" alt=\"Avant premi\u00e8re film Plancha d'\u00c9ric Lavaine - Multiplexe Libert\u00e9 - Brest\" width=\"960\" height=\"640\"\/><br \/>\n    Le Multiplexe Libert\u00e9 \u00e0 Brest. \u00a9Dominique Cresson.<\/p>\n<p class=\" wall-content\"><b>Mon cin\u00e9ma<\/b><\/p>\n<p class=\" wall-content\">Je suis tr\u00e8s cin\u00e9phile, je me rends r\u00e9guli\u00e8rement dans ce cin\u00e9ma, notamment pour ses avant-premi\u00e8res. Elles sont souvent organis\u00e9es par C\u00f4te Ouest, une association dont j\u2019ai \u00e9t\u00e9 adh\u00e9rente.<\/p>\n<p class=\" wall-content\">10, avenue Georges-Clemenceau\u00a0\u00e0 Brest.<\/p>\n<p>Diane et p\u00e9pite, <a href=\"https:\/\/www.editions-verone.com\/auteur\/pellouas-celine\/diane-et-pepite\" target=\"_blank\" rel=\"noopener\">\u00c9ditions V\u00e9rone<\/a>, 52 p., 10,50\u00a0euros.\u00a0On peut le trouver au Leclerc de Gouesnou, au bar tabac de la commune, \u00e0 Dialogues\u2026<\/p>\n<p class=\" wall-content\">Personnalisez votre actualit\u00e9 en ajoutant vos villes et m\u00e9dias en favori avec <a href=\"https:\/\/moncompte.actu.fr\" title=\"D\u00e9couvez Mon Actu\" rel=\"nofollow noopener\" data-trk=\"{&quot;cta&quot;:{&quot;action&quot;:&quot;https:\\\/\\\/moncompte.actu.fr&quot;,&quot;category&quot;:&quot;mon compte&quot;,&quot;from&quot;:&quot;article footer&quot;,&quot;name&quot;:&quot;Mon actu&quot;,&quot;type&quot;:&quot;cta&quot;}}\" target=\"_blank\">Mon Actu<\/a>.<\/p>\n","protected":false},"excerpt":{"rendered":"Par Julien Saliou Publi\u00e9 le 5 oct. 2025 \u00e0 8h10 Secr\u00e9taire dans l\u2019automobile, cette habitante de Gouesnou, 38\u00a0ans,&hellip;\n","protected":false},"author":2,"featured_media":440182,"comment_status":"","ping_status":"","sticky":false,"template":"","format":"standard","meta":{"footnotes":""},"categories":[1357],"tags":[1379,58,59,1011,27,1380,104,14946],"class_list":{"0":"post-440181","1":"post","2":"type-post","3":"status-publish","4":"format-standard","5":"has-post-thumbnail","7":"category-livres","8":"tag-books","9":"tag-divertissement","10":"tag-entertainment","11":"tag-fr","12":"tag-france","13":"tag-livres","14":"tag-societe","15":"tag-sortir-a-brest"},"share_on_mastodon":{"url":"https:\/\/pubeurope.com\/@fr\/115320112189680603","error":""},"_links":{"self":[{"href":"https:\/\/www.europesays.com\/fr\/wp-json\/wp\/v2\/posts\/440181","targetHints":{"allow":["GET"]}}],"collection":[{"href":"https:\/\/www.europesays.com\/fr\/wp-json\/wp\/v2\/posts"}],"about":[{"href":"https:\/\/www.europesays.com\/fr\/wp-json\/wp\/v2\/types\/post"}],"author":[{"embeddable":true,"href":"https:\/\/www.europesays.com\/fr\/wp-json\/wp\/v2\/users\/2"}],"replies":[{"embeddable":true,"href":"https:\/\/www.europesays.com\/fr\/wp-json\/wp\/v2\/comments?post=440181"}],"version-history":[{"count":0,"href":"https:\/\/www.europesays.com\/fr\/wp-json\/wp\/v2\/posts\/440181\/revisions"}],"wp:featuredmedia":[{"embeddable":true,"href":"https:\/\/www.europesays.com\/fr\/wp-json\/wp\/v2\/media\/440182"}],"wp:attachment":[{"href":"https:\/\/www.europesays.com\/fr\/wp-json\/wp\/v2\/media?parent=440181"}],"wp:term":[{"taxonomy":"category","embeddable":true,"href":"https:\/\/www.europesays.com\/fr\/wp-json\/wp\/v2\/categories?post=440181"},{"taxonomy":"post_tag","embeddable":true,"href":"https:\/\/www.europesays.com\/fr\/wp-json\/wp\/v2\/tags?post=440181"}],"curies":[{"name":"wp","href":"https:\/\/api.w.org\/{rel}","templated":true}]}}