{"id":440200,"date":"2025-10-05T06:33:25","date_gmt":"2025-10-05T06:33:25","guid":{"rendered":"https:\/\/www.europesays.com\/fr\/440200\/"},"modified":"2025-10-05T06:33:25","modified_gmt":"2025-10-05T06:33:25","slug":"montpellier-asse-0-2-davitashvili-offre-la-victoire-aux-verts","status":"publish","type":"post","link":"https:\/\/www.europesays.com\/fr\/440200\/","title":{"rendered":"Montpellier &#8211; ASSE (0-2) : Davitashvili offre la victoire aux Verts\u00a0"},"content":{"rendered":"<p>Gr\u00e2ce \u00e0 un doubl\u00e9 de Davitashvili, les Verts se sont impos\u00e9s 2-0 ce samedi 4 octobre sur la pelouse de Montpellier lors de la 9eme journ\u00e9e de Ligue 2. Un succ\u00e8s pr\u00e9cieux qui permet \u00e0 l&rsquo;AS Saint-\u00c9tienne de recoller au duo de t\u00eate compos\u00e9 de Troyes et de Pau.<\/p>\n<p>Les St\u00e9phanois ont sign\u00e9 une victoire convaincante ce <b>samedi 4 octobre<\/b> au soir \u00e0 <b>Montpellier<\/b>, en s&rsquo;imposant 2 buts \u00e0 0 gr\u00e2ce \u00e0 une prestation \u00e9tincelante de leur attaquant g\u00e9orgien, <b>Zuriko Davitashvili<\/b>, auteur d&rsquo;un doubl\u00e9 d\u00e9cisif. Un succ\u00e8s qui relance pleinement les hommes d&rsquo;Eirik Horneland dans la course \u00e0 la mont\u00e9e.<\/p>\n<p>Les Verts recollent au duo de t\u00eate du championnat\u00a0<\/p>\n<p>Avec cette performance, l&rsquo;<b>ASSE<\/b> revient \u00e0 hauteur des leaders Troyes et Pau, dans un championnat de Ligue 2 plus disput\u00e9 que jamais.\u00a0<\/p>\n<p>De bon augure avant la tr\u00eave internationale, qui permettra au groupe de recharger les batteries avant un nouveau d\u00e9fi : la r\u00e9ception du Mans au stade Geoffroy-Guichard, le <b>samedi 18 octobre<\/b>.\u00a0<\/p>\n<p><img loading=\"lazy\" decoding=\"async\" src=\"https:\/\/www.europesays.com\/fr\/wp-content\/uploads\/2025\/10\/1759646005_723_img\" width=\"350\" height=\"200\" border=\"0\" title=\"Maxime Bernauer, d\u00c3\u00a9fenseur de l'AS Saint-\u00c3\u0089tienne\"\/><\/p>\n<p>\u25baFootball<\/p>\n<p style=\"font-size: 22px;\"><b>ASSE : lourde sanction pour Maxime Bernauer apr\u00e8s son coup de col\u00e8re face \u00e0 Guingamp<\/b><\/p>\n<p>Le d\u00e9fenseur de l&rsquo;ASSE, Maxime Bernauer, a \u00e9cop\u00e9&#8230;<\/p>\n<p><\/p>\n","protected":false},"excerpt":{"rendered":"Gr\u00e2ce \u00e0 un doubl\u00e9 de Davitashvili, les Verts se sont impos\u00e9s 2-0 ce samedi 4 octobre sur la&hellip;\n","protected":false},"author":2,"featured_media":440201,"comment_status":"","ping_status":"","sticky":false,"template":"","format":"standard","meta":{"footnotes":""},"categories":[9653],"tags":[1111,11,461,2430,3233,19638,1777,674,1011,27,446,2208,12,25,4001,1264],"class_list":{"0":"post-440200","1":"post","2":"type-post","3":"status-publish","4":"format-standard","5":"has-post-thumbnail","7":"category-saint-etienne","8":"tag-actu","9":"tag-actualites","10":"tag-asse","11":"tag-auvergne-rhone-alpes","12":"tag-championnat","13":"tag-davitashvili","14":"tag-eu","15":"tag-europe","16":"tag-fr","17":"tag-france","18":"tag-ligue-2","19":"tag-montpellier","20":"tag-news","21":"tag-republique-francaise","22":"tag-saint-etienne","23":"tag-victoire"},"share_on_mastodon":{"url":"https:\/\/pubeurope.com\/@fr\/115320167408305592","error":""},"_links":{"self":[{"href":"https:\/\/www.europesays.com\/fr\/wp-json\/wp\/v2\/posts\/440200","targetHints":{"allow":["GET"]}}],"collection":[{"href":"https:\/\/www.europesays.com\/fr\/wp-json\/wp\/v2\/posts"}],"about":[{"href":"https:\/\/www.europesays.com\/fr\/wp-json\/wp\/v2\/types\/post"}],"author":[{"embeddable":true,"href":"https:\/\/www.europesays.com\/fr\/wp-json\/wp\/v2\/users\/2"}],"replies":[{"embeddable":true,"href":"https:\/\/www.europesays.com\/fr\/wp-json\/wp\/v2\/comments?post=440200"}],"version-history":[{"count":0,"href":"https:\/\/www.europesays.com\/fr\/wp-json\/wp\/v2\/posts\/440200\/revisions"}],"wp:featuredmedia":[{"embeddable":true,"href":"https:\/\/www.europesays.com\/fr\/wp-json\/wp\/v2\/media\/440201"}],"wp:attachment":[{"href":"https:\/\/www.europesays.com\/fr\/wp-json\/wp\/v2\/media?parent=440200"}],"wp:term":[{"taxonomy":"category","embeddable":true,"href":"https:\/\/www.europesays.com\/fr\/wp-json\/wp\/v2\/categories?post=440200"},{"taxonomy":"post_tag","embeddable":true,"href":"https:\/\/www.europesays.com\/fr\/wp-json\/wp\/v2\/tags?post=440200"}],"curies":[{"name":"wp","href":"https:\/\/api.w.org\/{rel}","templated":true}]}}