{"id":440202,"date":"2025-10-05T06:37:02","date_gmt":"2025-10-05T06:37:02","guid":{"rendered":"https:\/\/www.europesays.com\/fr\/440202\/"},"modified":"2025-10-05T06:37:02","modified_gmt":"2025-10-05T06:37:02","slug":"demandez-le-guide-pratique-de-ledition-2025","status":"publish","type":"post","link":"https:\/\/www.europesays.com\/fr\/440202\/","title":{"rendered":"demandez le guide pratique de l\u2019\u00e9dition 2025"},"content":{"rendered":"<p>  Six lieux de concerts<\/p>\n<p>Six salles vont accueillir les concerts NJP entre le 5 et le 18\u00a0octobre\u00a0: le chapiteau de la P\u00e9pini\u00e8re avec le Magic accol\u00e9, la salle Poirel, L\u2019Autre Canal, le Th\u00e9\u00e2tre de la Manufacture, l\u2019Op\u00e9ra national de Nancy-Lorraine et le Centre culturel Andr\u00e9-Malraux. Les places sont num\u00e9rot\u00e9es uniquement \u00e0 l\u2019Op\u00e9ra et pour lza, la soir\u00e9e du 9 au chapiteau. Les autres salles sont accessibles en placement libre.<\/p>\n<p>  O\u00f9 acheter des places\u00a0?<\/p>\n<p>En dehors des concerts de DeeDee Bridgewater, le 15\u00a0octobre \u00e0 l\u2019op\u00e9ra, et la soir\u00e9e de cl\u00f4ture avec Deluxe, samedi\u00a018 au chapiteau, qui affichent complet, pour les autres soir\u00e9es, il est encore possible d\u2019acheter sa place via\u00a0:<\/p>\n<p>&#8211; la billetterie en ligne\u00a0: https:\/\/nancyjazzpulsations.com\/infos-billetterie\/<\/p>\n<p>&#8211; la boutique du Nancy Jazz Pulsations, situ\u00e9e 106 Grande Rue \u00e0 Nancy<\/p>\n<p>&#8211; les diff\u00e9rents points de ventes habituels et dans les diff\u00e9rentes salles<\/p>\n<p>&#8211; le site de revente officielle\u00a0: <a href=\"https:\/\/www.estrepublicain.fr\/culture-loisirs\/2025\/10\/05\/resell.seetickets.com\/nancyjazzpulsations\" target=\"_blank\" rel=\"noopener\">resell.seetickets.com\/nancyjazzpulsations<\/a><\/p>\n<p>  Comment y aller\u00a0?<\/p>\n<p>Avec le r\u00e9seau Stan, profitez des transports en commun (gratuits le week-end) pour acc\u00e9der \u00e0 toutes les salles. Les lignes T1, T2, T3 et T4 circulent jusqu\u2019\u00e0 00\u00a0h\u00a030.<\/p>\n<p>En train\u00a0: la gare de Nancy se situe \u00e0 15 minutes \u00e0 pied du parc de la P\u00e9pini\u00e8re (Chapiteau et Magic).<\/p>\n<p>  O\u00f9 se garer\u00a0?<\/p>\n<p>Festival engag\u00e9 dans l\u2019\u00e9co-responsabilit\u00e9, NJP augmente temporairement la capacit\u00e9 de stationnement pour v\u00e9los aux abords des salles de concert.<\/p>\n<p>Pour stationner en voiture aux abords du festival, de nombreuses options s\u2019offrent \u00e0 vous\u00a0: les parkings de la place Carnot, L\u00e9opold, Charles-de-Foucauld, Sainte-Catherine, Vaud\u00e9mont, Stanislas\u2026<\/p>\n<p>Un parking PMR est accessible au sein du parc de la P\u00e9pini\u00e8re sur demande (contact\u00a0: romane@nancyjazzpulsations.com, t\u00e9l.\u00a006\u00a051\u00a086\u00a054\u00a063)<\/p>\n<p>  Boire et manger<\/p>\n<p>Chacune des six salles dispose d\u2019un d\u00e9bit de boissons soft et alcool ouvert avant, entre et un peu apr\u00e8s les concerts. Le site du chapiteau lui est dot\u00e9 de plusieurs acc\u00e8s bar et de deux points de restauration, un espace couvert avec tables et chaises d\u2019un c\u00f4t\u00e9 du chapiteau, un snack de l\u2019autre. De part et d\u2019autre, du changement et du renouveau s\u2019annoncent, \u00e0 d\u00e9couvrir sur place donc d\u00e8s jeudi 9\u00a0octobre.<\/p>\n<p>  Cash ou pas cash\u00a0?<\/p>\n<p>Il est toujours possible de r\u00e9gler ses achats en liquide notamment pour les achats souvenirs \u00e0 la boutique. Depuis quelques ann\u00e9es un syst\u00e8me de \u00ab\u00a0cashless\u00a0\u00bb a \u00e9t\u00e9 mis en place permettant de r\u00e9gler ses consommations en monnaie d\u00e9mat\u00e9rialis\u00e9e via une carte que l\u2019on peut se procurer et recharger sur place aux bornes d\u00e9di\u00e9es.<\/p>\n<p>  Un dispositif de lutte contre les violences sexuelles<\/p>\n<p>Depuis 2018, le NJP est engag\u00e9 dans la lutte contre les violences sexuelles, notamment avec la pr\u00e9sence d\u2019une \u00ab\u00a0safe zone\u00a0\u00bb, ou zone de s\u00fbret\u00e9, et d\u2019une \u00e9quipe form\u00e9e, dont les membres sont v\u00eatus d\u2019une chasuble bleue, qui peut \u00eatre sollicit\u00e9e et travaille en lien avec le service de s\u00e9curit\u00e9 du festival. Un questionnaire pour les personnes ayant subi ou \u00e9t\u00e9 t\u00e9moin d\u2019un acte de violence pendant le festival est \u00e9galement accessible depuis le site Internet du NJP.<\/p>\n","protected":false},"excerpt":{"rendered":"Six lieux de concerts Six salles vont accueillir les concerts NJP entre le 5 et le 18\u00a0octobre\u00a0: le&hellip;\n","protected":false},"author":2,"featured_media":440203,"comment_status":"","ping_status":"","sticky":false,"template":"","format":"standard","meta":{"footnotes":""},"categories":[9635],"tags":[1111,11,1687,1707,1704,1706,1705,1777,674,3326,1011,27,775,873,1702,21112,1703,12,25,3140],"class_list":{"0":"post-440202","1":"post","2":"type-post","3":"status-publish","4":"format-standard","5":"has-post-thumbnail","7":"category-nancy","8":"tag-actu","9":"tag-actualites","10":"tag-culture-loisirs","11":"tag-edition-luneville","12":"tag-edition-nancy-et-agglomeration","13":"tag-edition-pont-a-mousson","14":"tag-edition-toul","15":"tag-eu","16":"tag-europe","17":"tag-fete-locale","18":"tag-fr","19":"tag-france","20":"tag-grand-est","21":"tag-musique","22":"tag-nancy","23":"tag-nancy-jazz-pulsations","24":"tag-nancy-ville-54b","25":"tag-news","26":"tag-republique-francaise","27":"tag-spectacle"},"share_on_mastodon":{"url":"https:\/\/pubeurope.com\/@fr\/115320182710342486","error":""},"_links":{"self":[{"href":"https:\/\/www.europesays.com\/fr\/wp-json\/wp\/v2\/posts\/440202","targetHints":{"allow":["GET"]}}],"collection":[{"href":"https:\/\/www.europesays.com\/fr\/wp-json\/wp\/v2\/posts"}],"about":[{"href":"https:\/\/www.europesays.com\/fr\/wp-json\/wp\/v2\/types\/post"}],"author":[{"embeddable":true,"href":"https:\/\/www.europesays.com\/fr\/wp-json\/wp\/v2\/users\/2"}],"replies":[{"embeddable":true,"href":"https:\/\/www.europesays.com\/fr\/wp-json\/wp\/v2\/comments?post=440202"}],"version-history":[{"count":0,"href":"https:\/\/www.europesays.com\/fr\/wp-json\/wp\/v2\/posts\/440202\/revisions"}],"wp:featuredmedia":[{"embeddable":true,"href":"https:\/\/www.europesays.com\/fr\/wp-json\/wp\/v2\/media\/440203"}],"wp:attachment":[{"href":"https:\/\/www.europesays.com\/fr\/wp-json\/wp\/v2\/media?parent=440202"}],"wp:term":[{"taxonomy":"category","embeddable":true,"href":"https:\/\/www.europesays.com\/fr\/wp-json\/wp\/v2\/categories?post=440202"},{"taxonomy":"post_tag","embeddable":true,"href":"https:\/\/www.europesays.com\/fr\/wp-json\/wp\/v2\/tags?post=440202"}],"curies":[{"name":"wp","href":"https:\/\/api.w.org\/{rel}","templated":true}]}}