{"id":440204,"date":"2025-10-05T06:39:14","date_gmt":"2025-10-05T06:39:14","guid":{"rendered":"https:\/\/www.europesays.com\/fr\/440204\/"},"modified":"2025-10-05T06:39:14","modified_gmt":"2025-10-05T06:39:14","slug":"david-ribbans-signe-une-nouvelle-prestation-xxl-face-a-pau","status":"publish","type":"post","link":"https:\/\/www.europesays.com\/fr\/440204\/","title":{"rendered":"David Ribbans signe une nouvelle prestation XXL face \u00e0 Pau"},"content":{"rendered":"<p class=\"fs-5 \">Un leader, un roc, un combattant. Tout ou presque a d\u00e9j\u00e0 \u00e9t\u00e9 \u00e9crit pour qualifier David Ribbans. Et ce n\u2019est pas sa prestation d\u2019hier qui va changer ces descriptifs.<\/p>\n<p class=\"fs-5 \">En deux ans \u00e0 peine, le deuxi\u00e8me ligne a d\u00e9j\u00e0 r\u00e9ussi \u00e0 conqu\u00e9rir les c\u0153urs des supporters toulonnais, qui voient en lui un mod\u00e8le.<\/p>\n<p class=\"fs-5 \">La chaude ovation qu\u2019il a re\u00e7ue \u00e0 sa sortie (68e) ne trompe d\u2019ailleurs pas : le grand blond aux chaussettes rouges fait partie de la famille.<\/p>\n<p>            <img decoding=\"async\" src=\"https:\/\/www.europesays.com\/fr\/wp-content\/uploads\/2025\/10\/d4745f0_upload-1-8pr2xy2vtowy-maxmatinarchtwo161507.jpg\" loading=\"lazy\" alt=\"Le RCT contre Pau ce samedi.\" class=\"img-fluid position-absolute w-100 object-fit-coverrounded-2\" width=\"600\" height=\"400\"\/><\/p>\n<p class=\"fs-5 \">Auteur d\u2019un essai plein de malice (45e), au soutien de celui d\u2019Abadie (29e), d\u00e9cisif par sa monstrueuse perc\u00e9e sur celui de Frisch (41e) et ma\u00eetre du maul pr\u00e9c\u00e9dant celui de Nonu (56e), l\u2019Anglais de 30 ans a mis son \u00e9quipe dans l\u2019avanc\u00e9e.<\/p>\n<p class=\"fs-5 \">Restant, comme toujours, quasi infranchissable en d\u00e9fense. Ce que n\u2019a pas manqu\u00e9 de pointer le manager de Pau, S\u00e9bastien Piqueronies : \u00ab Le RCT a des joueurs exceptionnels, une d\u00e9fense tr\u00e8s dense, un mur au milieu du terrain qui est compact avec des plaquages \u00e0 deux tr\u00e8s consistants, des plaquages hauts. Ils sont efficaces pour bloquer le ballon. \u00bb<\/p>\n<p>                                                                                \u00ab Il a besoin des autres \u00bb<\/p>\n<p class=\"fs-5 \">Difficile de ne pas y voir une sorte d\u2019hommage \u00e0 David Ribbans, toujours prompt \u00e0 plaquer debout, souvent au c\u00f4t\u00e9 de ses intr\u00e9pides fantassins.<\/p>\n<p class=\"fs-5 \">Tant\u00f4t Lewis Ludlam (27 plaquages \u00e0 eux deux pour un seul rat\u00e9), tant\u00f4t son comp\u00e8re de la deuxi\u00e8me ligne Swan Rebbadj (au point qu\u2019on pourrait les appeler Ribbadj et Rebbans), tant\u00f4t un pilier pr\u00eat \u00e0 \u00e9pauler le patron.<\/p>\n<p>            <img decoding=\"async\" src=\"https:\/\/www.europesays.com\/fr\/wp-content\/uploads\/2025\/10\/1759646354_393_362d063_upload-from-url-1-vyyiecaxaoid-data-art-16365800.jpg\" loading=\"lazy\" alt=\"Pour son 13e match avec Toulon, Antoine Frisch a (enfin) d\u00e9bloqu\u00e9 son compteur. \" class=\"img-fluid position-absolute w-100 object-fit-coverrounded-2\" width=\"600\" height=\"400\"\/><\/p>\n<p class=\"fs-5 \">\u00ab David a \u00e9t\u00e9 \u00e0 l\u2019image de ce qu\u2019il fait\u2026 Il a besoin des autres, de sentir la connexion avec ses trois-quarts, parce qu\u2019il ne peut pas tout faire tout seul. C\u2019est important qu\u2019il ait des gar\u00e7ons autour qui lui apportent des solutions car il ne faut pas qu\u2019il s\u2019\u00e9puise \u00e0 en chercher \u00bb, a justement pr\u00e9cis\u00e9 son entra\u00eeneur, Pierre Mignoni, gu\u00e8re surpris par l\u2019implication du bonhomme.<\/p>\n<p class=\"fs-5 \">Jo\u00e9 Quere-Karaba, de neuf ans son cadet, appr\u00e9cie pour sa part le \u00ab leadership incroyable \u00bb du capitaine toulonnais, qui part sur les m\u00eames bases \u00e9lev\u00e9es que la saison pass\u00e9e : 293 minutes de jeu en quatre rencontres de Top 14.<\/p>\n<p class=\"fs-5 \">En m\u00eame temps, comme conclut le jeune troisi\u00e8me ligne : \u00ab On a tous envie de le suivre et d\u2019\u00eatre derri\u00e8re lui. \u00bb Croyez-nous, c\u2019est toujours mieux que d\u2019\u00eatre en face&#8230;<\/p>\n","protected":false},"excerpt":{"rendered":"Un leader, un roc, un combattant. Tout ou presque a d\u00e9j\u00e0 \u00e9t\u00e9 \u00e9crit pour qualifier David Ribbans. Et&hellip;\n","protected":false},"author":2,"featured_media":440205,"comment_status":"","ping_status":"","sticky":false,"template":"","format":"standard","meta":{"footnotes":""},"categories":[9619],"tags":[1111,11,1777,674,1011,27,12,882,25,2310],"class_list":{"0":"post-440204","1":"post","2":"type-post","3":"status-publish","4":"format-standard","5":"has-post-thumbnail","7":"category-toulon","8":"tag-actu","9":"tag-actualites","10":"tag-eu","11":"tag-europe","12":"tag-fr","13":"tag-france","14":"tag-news","15":"tag-provence-alpes-cote-dazur","16":"tag-republique-francaise","17":"tag-toulon"},"share_on_mastodon":{"url":"https:\/\/pubeurope.com\/@fr\/115320191522665265","error":""},"_links":{"self":[{"href":"https:\/\/www.europesays.com\/fr\/wp-json\/wp\/v2\/posts\/440204","targetHints":{"allow":["GET"]}}],"collection":[{"href":"https:\/\/www.europesays.com\/fr\/wp-json\/wp\/v2\/posts"}],"about":[{"href":"https:\/\/www.europesays.com\/fr\/wp-json\/wp\/v2\/types\/post"}],"author":[{"embeddable":true,"href":"https:\/\/www.europesays.com\/fr\/wp-json\/wp\/v2\/users\/2"}],"replies":[{"embeddable":true,"href":"https:\/\/www.europesays.com\/fr\/wp-json\/wp\/v2\/comments?post=440204"}],"version-history":[{"count":0,"href":"https:\/\/www.europesays.com\/fr\/wp-json\/wp\/v2\/posts\/440204\/revisions"}],"wp:featuredmedia":[{"embeddable":true,"href":"https:\/\/www.europesays.com\/fr\/wp-json\/wp\/v2\/media\/440205"}],"wp:attachment":[{"href":"https:\/\/www.europesays.com\/fr\/wp-json\/wp\/v2\/media?parent=440204"}],"wp:term":[{"taxonomy":"category","embeddable":true,"href":"https:\/\/www.europesays.com\/fr\/wp-json\/wp\/v2\/categories?post=440204"},{"taxonomy":"post_tag","embeddable":true,"href":"https:\/\/www.europesays.com\/fr\/wp-json\/wp\/v2\/tags?post=440204"}],"curies":[{"name":"wp","href":"https:\/\/api.w.org\/{rel}","templated":true}]}}