{"id":440212,"date":"2025-10-05T06:44:10","date_gmt":"2025-10-05T06:44:10","guid":{"rendered":"https:\/\/www.europesays.com\/fr\/440212\/"},"modified":"2025-10-05T06:44:10","modified_gmt":"2025-10-05T06:44:10","slug":"ce-qui-va-changer-des-ce-lundi","status":"publish","type":"post","link":"https:\/\/www.europesays.com\/fr\/440212\/","title":{"rendered":"ce qui va changer d\u00e8s ce lundi"},"content":{"rendered":"<p>            Par<br \/>\n        <strong><br \/>\n            <a href=\"https:\/\/actu.fr\/auteur\/redaction-grenoble\" title=\"Consulter tous les articles de R\u00e9daction Grenoble\" rel=\"nofollow noopener\" target=\"_blank\">R\u00e9daction Grenoble<\/a><br \/>\n        <\/strong><\/p>\n<p>        Publi\u00e9 le<\/p>\n<p>            5 oct. 2025 \u00e0 8h16        <\/p>\n<p>Il va y avoir du changement du c\u00f4t\u00e9 du stationnement payant \u00e0 <a href=\"https:\/\/actu.fr\/auvergne-rhone-alpes\/grenoble_38185\" rel=\"nofollow noopener\" target=\"_blank\">Grenoble<\/a>. Et non, on ne parle pas de cr\u00e9ation de places de parking, mais plut\u00f4t de modifications du c\u00f4t\u00e9 des moyens de paiement ou de la grille tarifaire.<\/p>\n<p class=\" wall-content\">Modernisation des outils de stationnement, tarification sp\u00e9ciale : voici ce qu\u2019a annonc\u00e9 la Ville.<\/p>\n<p>Nouveaux horodateurs et nouvelle application<\/p>\n<p class=\" wall-content\">Premier changement, c\u2019est le renouvellement des quelque 850 horodateurs dispatch\u00e9s sur la commune. Ces nouvelles machines autonomes en \u00e9nergie seront toutes \u00e9quip\u00e9es d\u2019un <strong>terminal de paiement par carte bancaire<\/strong>, ce qui n\u2019\u00e9tait pas le cas jusqu\u2019ici.<\/p>\n<p class=\" wall-content\">\u00ab\u00a0La campagne de renouvellement s\u2019ach\u00e8vera d\u2019ici le d\u00e9but d\u2019ann\u00e9e 2026\u00a0\u00bb, indique la Ville de Grenoble dans un communiqu\u00e9.\u00a0\u00a0<\/p>\n<p class=\" wall-content\">Ceux qui sont plut\u00f4t adeptes du paiement du stationnement par t\u00e9l\u00e9phone vont aussi voir du changement : d\u00e8s le lundi 6 octobre, il faudra se rendre sur l\u2019application <strong>Easy Park<\/strong>. C\u00f4t\u00e9 prix, une majoration de 15% est toujours appliqu\u00e9e pour les paiements par l\u2019application, bien qu\u2019un ticket sur deux soit achet\u00e9 par ce biais, selon la Ville.<\/p>\n<p>Tarification sp\u00e9ciale pour les professionnels<\/p>\n<p class=\" wall-content\">En termes de grille tarifaire pour les r\u00e9sidents et les visiteurs, ainsi que pour les <a href=\"https:\/\/actu.fr\/auvergne-rhone-alpes\/grenoble_38185\/grenoble-le-stationnement-devient-payant-dans-ces-quartiers_60227757.html\" rel=\"nofollow noopener\" target=\"_blank\">zones de stationnement<\/a>, rien ne change \u00e0 Grenoble.<\/p>\n<p class=\" wall-content\">En revanche, c\u2019est du c\u00f4t\u00e9 de la tarification sp\u00e9ciale pour les professionnels que des modifications ont \u00e9t\u00e9 apport\u00e9es. Au d\u00e9part uniquement \u00e0 destinations des <strong>m\u00e9tiers de la sant\u00e9 \u00e0 domicile<\/strong>, elle est d\u00e9sormais accessible \u00ab\u00a0aux <strong>artisans<\/strong> r\u00e9alisant des d\u00e9pannages urgents et aux <strong>auxiliaires de vie<\/strong> sous conditions\u00a0\u00bb, pr\u00e9cise la mairie.<\/p>\n<p>Votre r\u00e9gion, votre actu !<\/p>\n<p>Recevez chaque jour les infos qui comptent pour vous.<\/p>\n<p>\t<a href=\"https:\/\/actu.fr\/newsletter\" class=\"ac-btn ac-btn--corner ac-btn--medium ac-btn--blue800\" rel=\"nofollow noopener\" target=\"_blank\">S&rsquo;incrire<\/a><br \/>\n18 900 places payantes<\/p>\n<p class=\" wall-content\">Actuellement, il existe <strong>35 500 places<\/strong> de stationnement \u00e0 Grenoble, dont 13 500 payantes, 18 900 gratuites et 3 100 d\u00e9di\u00e9s \u00e0 des publics sp\u00e9cifiques comme les PMR, livreurs ou les taxis.<\/p>\n<p class=\" wall-content\">La Ville rappelle qu\u2019il existe \u00e9galement des <a href=\"https:\/\/actu.fr\/auvergne-rhone-alpes\/grenoble_38185\/grenoble-des-parkings-vides-malgre-les-besoins-de-stationnement-il-y-a-du-potentiel_62716649.html\" rel=\"nofollow noopener\" target=\"_blank\">parkings en ouvrage<\/a> g\u00e9r\u00e9s par la M\u00e9tropole, \u00e0 privil\u00e9gier pour le stationnement longue dur\u00e9e. Au total, 8 000 places sont ainsi disponibles dans ces parkings couverts payants.<\/p>\n<p class=\" wall-content\">Personnalisez votre actualit\u00e9 en ajoutant vos villes et m\u00e9dias en favori avec <a href=\"https:\/\/moncompte.actu.fr\" title=\"D\u00e9couvez Mon Actu\" rel=\"nofollow noopener\" data-trk=\"{&quot;cta&quot;:{&quot;action&quot;:&quot;https:\\\/\\\/moncompte.actu.fr&quot;,&quot;category&quot;:&quot;mon compte&quot;,&quot;from&quot;:&quot;article footer&quot;,&quot;name&quot;:&quot;Mon actu&quot;,&quot;type&quot;:&quot;cta&quot;}}\" target=\"_blank\">Mon Actu<\/a>.<\/p>\n","protected":false},"excerpt":{"rendered":"Par R\u00e9daction Grenoble Publi\u00e9 le 5 oct. 2025 \u00e0 8h16 Il va y avoir du changement du c\u00f4t\u00e9&hellip;\n","protected":false},"author":2,"featured_media":440213,"comment_status":"","ping_status":"","sticky":false,"template":"","format":"standard","meta":{"footnotes":""},"categories":[9566],"tags":[1111,11,2430,3542,1777,674,1011,27,2731,12,25,104,6173],"class_list":{"0":"post-440212","1":"post","2":"type-post","3":"status-publish","4":"format-standard","5":"has-post-thumbnail","7":"category-grenoble","8":"tag-actu","9":"tag-actualites","10":"tag-auvergne-rhone-alpes","11":"tag-circulation","12":"tag-eu","13":"tag-europe","14":"tag-fr","15":"tag-france","16":"tag-grenoble","17":"tag-news","18":"tag-republique-francaise","19":"tag-societe","20":"tag-stationnement"},"share_on_mastodon":{"url":"https:\/\/pubeurope.com\/@fr\/115320210418143778","error":""},"_links":{"self":[{"href":"https:\/\/www.europesays.com\/fr\/wp-json\/wp\/v2\/posts\/440212","targetHints":{"allow":["GET"]}}],"collection":[{"href":"https:\/\/www.europesays.com\/fr\/wp-json\/wp\/v2\/posts"}],"about":[{"href":"https:\/\/www.europesays.com\/fr\/wp-json\/wp\/v2\/types\/post"}],"author":[{"embeddable":true,"href":"https:\/\/www.europesays.com\/fr\/wp-json\/wp\/v2\/users\/2"}],"replies":[{"embeddable":true,"href":"https:\/\/www.europesays.com\/fr\/wp-json\/wp\/v2\/comments?post=440212"}],"version-history":[{"count":0,"href":"https:\/\/www.europesays.com\/fr\/wp-json\/wp\/v2\/posts\/440212\/revisions"}],"wp:featuredmedia":[{"embeddable":true,"href":"https:\/\/www.europesays.com\/fr\/wp-json\/wp\/v2\/media\/440213"}],"wp:attachment":[{"href":"https:\/\/www.europesays.com\/fr\/wp-json\/wp\/v2\/media?parent=440212"}],"wp:term":[{"taxonomy":"category","embeddable":true,"href":"https:\/\/www.europesays.com\/fr\/wp-json\/wp\/v2\/categories?post=440212"},{"taxonomy":"post_tag","embeddable":true,"href":"https:\/\/www.europesays.com\/fr\/wp-json\/wp\/v2\/tags?post=440212"}],"curies":[{"name":"wp","href":"https:\/\/api.w.org\/{rel}","templated":true}]}}