{"id":440214,"date":"2025-10-05T06:45:15","date_gmt":"2025-10-05T06:45:15","guid":{"rendered":"https:\/\/www.europesays.com\/fr\/440214\/"},"modified":"2025-10-05T06:45:15","modified_gmt":"2025-10-05T06:45:15","slug":"ligue-2-pau-continue-de-surprendre-le-gros-coup-de-grenoble-le-bilan-complet-de-la-neuvieme-journee","status":"publish","type":"post","link":"https:\/\/www.europesays.com\/fr\/440214\/","title":{"rendered":"Ligue 2. Pau continue de surprendre, le gros coup de Grenoble&#8230; le bilan complet de la neuvi\u00e8me journ\u00e9e"},"content":{"rendered":"<p>Retrouvez toutes les stats match par match de cette neuvi\u00e8me\u00a0journ\u00e9e de Ligue 2.<\/p>\n<p>&#13;<br \/>\n              Avec DSAS &#8211; &#13;<br \/>\n        &#13;<br \/>\n          Aujourd&rsquo;hui \u00e0 08:05&#13;<br \/>\n    &#13;<br \/>\n        &#8211; Temps de lecture : &#13;<br \/>\n  &#13;\n<\/p>\n<p>                        &#13;<br \/>\n    &#13;<br \/>\n    &#13;<br \/>\n    <a href=\"https:\/\/cdn-s-www.ledauphine.com\/images\/33ACBEE1-259C-43B7-9803-DB2D9102FD9A\/NW_raw\/pau-occupe-la-troisieme-place-de-ligue-2-les-palois-ont-le-meme-nombre-de-points-(20)-que-les-deux-equipes-devant-eux-troyes-(1er)-et-saint-etienne-photo-pqr-david-le-deodic-1759610923.jpg\" title=\"Pau occupe la troisi\u00e8me place de Ligue 2. Les Palois ont le m\u00eame nombre de points (20) que les deux \u00e9quipes devant eux : Troyes (1er) et Saint-\u00c9tienne. Photo PQR \/ David Le D\u00e9odic\" class=\"chocolat-image GA-tracking\" data-ga_type=\"click\" data-ga_category=\"D\u00e9tail\" data-ga_action=\"zoomer\" data-ga_label=\"aggrandir image\" target=\"_blank\" rel=\"noopener\">&#13;<br \/>\n        <img src=\"https:\/\/www.europesays.com\/fr\/wp-content\/uploads\/2025\/10\/pau-occupe-la-troisieme-place-de-ligue-2-les-palois-ont-le-meme-nombre-de-points-(20)-que-les-deux-e.jpeg\"   alt=\"Pau occupe la troisi\u00e8me place de Ligue 2. Les Palois ont le m\u00eame nombre de points (20) que les deux \u00e9quipes devant eux : Troyes (1er) et Saint-\u00c9tienne. Photo PQR \/ David Le D\u00e9odic\" fetchpriority=\"high\" decoding=\"async\" data-mobile=\"NW_detail_M|1759610923\" data-base=\"NW_detail|1759610923\"\/>&#13;<br \/>\n    <\/a>&#13;<br \/>\n    Pau occupe la troisi\u00e8me place de Ligue 2. Les Palois ont le m\u00eame nombre de points (20) que les deux \u00e9quipes devant eux : Troyes (1er) et Saint-\u00c9tienne. Photo PQR \/ David Le D\u00e9odic<\/p>\n","protected":false},"excerpt":{"rendered":"Retrouvez toutes les stats match par match de cette neuvi\u00e8me\u00a0journ\u00e9e de Ligue 2. &#13; Avec DSAS &#8211; &#13;&hellip;\n","protected":false},"author":2,"featured_media":440215,"comment_status":"","ping_status":"","sticky":false,"template":"","format":"standard","meta":{"footnotes":""},"categories":[9566],"tags":[1111,11,3853,3854,3855,2430,3856,112,1777,674,20116,107,1701,63,1011,27,12637,2731,2732,4638,108,12636,12,25,517],"class_list":{"0":"post-440214","1":"post","2":"type-post","3":"status-publish","4":"format-standard","5":"has-post-thumbnail","7":"category-grenoble","8":"tag-actu","9":"tag-actualites","10":"tag-annecy","11":"tag-annecy-bassin","12":"tag-annecy-region","13":"tag-auvergne-rhone-alpes","14":"tag-edition-annecy-rumilly-les-aravis","15":"tag-edition-grenoble-agglomeration","16":"tag-eu","17":"tag-europe","18":"tag-fc-annecy","19":"tag-fil-info","20":"tag-fil-info-sport","21":"tag-football","22":"tag-fr","23":"tag-france","24":"tag-gf38-grenoble-foot-38","25":"tag-grenoble","26":"tag-grenoble-bassin","27":"tag-haute-savoie","28":"tag-isere","29":"tag-ligue-2-football","30":"tag-news","31":"tag-republique-francaise","32":"tag-sport"},"share_on_mastodon":{"url":"https:\/\/pubeurope.com\/@fr\/115320214651077000","error":""},"_links":{"self":[{"href":"https:\/\/www.europesays.com\/fr\/wp-json\/wp\/v2\/posts\/440214","targetHints":{"allow":["GET"]}}],"collection":[{"href":"https:\/\/www.europesays.com\/fr\/wp-json\/wp\/v2\/posts"}],"about":[{"href":"https:\/\/www.europesays.com\/fr\/wp-json\/wp\/v2\/types\/post"}],"author":[{"embeddable":true,"href":"https:\/\/www.europesays.com\/fr\/wp-json\/wp\/v2\/users\/2"}],"replies":[{"embeddable":true,"href":"https:\/\/www.europesays.com\/fr\/wp-json\/wp\/v2\/comments?post=440214"}],"version-history":[{"count":0,"href":"https:\/\/www.europesays.com\/fr\/wp-json\/wp\/v2\/posts\/440214\/revisions"}],"wp:featuredmedia":[{"embeddable":true,"href":"https:\/\/www.europesays.com\/fr\/wp-json\/wp\/v2\/media\/440215"}],"wp:attachment":[{"href":"https:\/\/www.europesays.com\/fr\/wp-json\/wp\/v2\/media?parent=440214"}],"wp:term":[{"taxonomy":"category","embeddable":true,"href":"https:\/\/www.europesays.com\/fr\/wp-json\/wp\/v2\/categories?post=440214"},{"taxonomy":"post_tag","embeddable":true,"href":"https:\/\/www.europesays.com\/fr\/wp-json\/wp\/v2\/tags?post=440214"}],"curies":[{"name":"wp","href":"https:\/\/api.w.org\/{rel}","templated":true}]}}