{"id":440216,"date":"2025-10-05T06:46:11","date_gmt":"2025-10-05T06:46:11","guid":{"rendered":"https:\/\/www.europesays.com\/fr\/440216\/"},"modified":"2025-10-05T06:46:11","modified_gmt":"2025-10-05T06:46:11","slug":"meteo-en-bretagne-alternance-de-nuages-et-soleil-avec-des-temperatures-jusqua-17-degres-ce-dimanche","status":"publish","type":"post","link":"https:\/\/www.europesays.com\/fr\/440216\/","title":{"rendered":"M\u00e9t\u00e9o en Bretagne\u00a0: alternance de nuages et soleil avec des temp\u00e9ratures jusqu\u2019\u00e0 17 degr\u00e9s ce dimanche"},"content":{"rendered":"<p>Am\u00e9lioration en cours de journ\u00e9e. Tr\u00e8s nuageux le matin, puis les \u00e9claircies deviendront de plus en plus larges. Pas de pr\u00e9cipitations. Les temp\u00e9ratures seront comprises ce matin entre 11 et 14 \u00b0C et entre 15 et 16 \u00b0C l\u2019apr\u00e8s-midi. Le vent sera mod\u00e9r\u00e9.<\/p>\n<p><strong>C\u00f4tes-d\u2019Armor<\/strong><\/p>\n<p>Le temps deviendra plus incertain en cours de journ\u00e9e. Ciel variable \u00e0 tr\u00e8s nuageux. La probabilit\u00e9 d\u2019avoir de la pluie reste faible. Les temp\u00e9ratures seront comprises le matin entre 8 et 13 \u00b0C et entre 15 et 16 \u00b0C l\u2019apr\u00e8s-midi. Le vent sera mod\u00e9r\u00e9.<\/p>\n<p><a href=\"https:\/\/www.letelegramme.fr\/services\/meteo\/\" target=\"_blank\" rel=\"nofollow noopener\">Les pr\u00e9visions de votre commune<\/a><\/p>\n<p><strong>Morbihan<\/strong><\/p>\n<p>Temps ensoleill\u00e9 devenant plus variable dans l\u2019apr\u00e8s-midi. Pas de pr\u00e9cipitations. Les temp\u00e9ratures seront comprises le matin entre 7 et 9 \u00b0C et entre 16 et 17 \u00b0C l\u2019apr\u00e8s-midi. Le vent restera mod\u00e9r\u00e9.<\/p>\n<p><strong>Ille-et-Vilaine<\/strong><\/p>\n<p>L\u2019\u00e9tat du ciel est changeant. Alternance de larges \u00e9claircies et de passages nuageux parfois denses. Pas de pr\u00e9cipitations. Les temp\u00e9ratures seront comprises le matin entre 7 et 14 \u00b0C et entre 16 et 17 \u00b0C l\u2019apr\u00e8s-midi. Le vent sera mod\u00e9r\u00e9.<\/p>\n<p class=\"note\">(Source : la Cha\u00eene m\u00e9t\u00e9o)<\/p>\n","protected":false},"excerpt":{"rendered":"Am\u00e9lioration en cours de journ\u00e9e. Tr\u00e8s nuageux le matin, puis les \u00e9claircies deviendront de plus en plus larges.&hellip;\n","protected":false},"author":2,"featured_media":440217,"comment_status":"","ping_status":"","sticky":false,"template":"","format":"standard","meta":{"footnotes":""},"categories":[2821],"tags":[1111,11,829,2171,765,1777,674,3321,1011,27,848,2487,21570,3729,12,584,25],"class_list":{"0":"post-440216","1":"post","2":"type-post","3":"status-publish","4":"format-standard","5":"has-post-thumbnail","7":"category-rennes","8":"tag-actu","9":"tag-actualites","10":"tag-bretagne","11":"tag-cotes-darmor","12":"tag-en-continu","13":"tag-eu","14":"tag-europe","15":"tag-finistere","16":"tag-fr","17":"tag-france","18":"tag-ille-et-vilaine","19":"tag-meteo","20":"tag-meteo-en-bretagne","21":"tag-morbihan","22":"tag-news","23":"tag-rennes","24":"tag-republique-francaise"},"share_on_mastodon":{"url":"https:\/\/pubeurope.com\/@fr\/115320218159977396","error":""},"_links":{"self":[{"href":"https:\/\/www.europesays.com\/fr\/wp-json\/wp\/v2\/posts\/440216","targetHints":{"allow":["GET"]}}],"collection":[{"href":"https:\/\/www.europesays.com\/fr\/wp-json\/wp\/v2\/posts"}],"about":[{"href":"https:\/\/www.europesays.com\/fr\/wp-json\/wp\/v2\/types\/post"}],"author":[{"embeddable":true,"href":"https:\/\/www.europesays.com\/fr\/wp-json\/wp\/v2\/users\/2"}],"replies":[{"embeddable":true,"href":"https:\/\/www.europesays.com\/fr\/wp-json\/wp\/v2\/comments?post=440216"}],"version-history":[{"count":0,"href":"https:\/\/www.europesays.com\/fr\/wp-json\/wp\/v2\/posts\/440216\/revisions"}],"wp:featuredmedia":[{"embeddable":true,"href":"https:\/\/www.europesays.com\/fr\/wp-json\/wp\/v2\/media\/440217"}],"wp:attachment":[{"href":"https:\/\/www.europesays.com\/fr\/wp-json\/wp\/v2\/media?parent=440216"}],"wp:term":[{"taxonomy":"category","embeddable":true,"href":"https:\/\/www.europesays.com\/fr\/wp-json\/wp\/v2\/categories?post=440216"},{"taxonomy":"post_tag","embeddable":true,"href":"https:\/\/www.europesays.com\/fr\/wp-json\/wp\/v2\/tags?post=440216"}],"curies":[{"name":"wp","href":"https:\/\/api.w.org\/{rel}","templated":true}]}}