{"id":440218,"date":"2025-10-05T06:47:15","date_gmt":"2025-10-05T06:47:15","guid":{"rendered":"https:\/\/www.europesays.com\/fr\/440218\/"},"modified":"2025-10-05T06:47:15","modified_gmt":"2025-10-05T06:47:15","slug":"attention-de-nouvelles-rues-passent-au-stationnement-payant-des-le-13-octobre","status":"publish","type":"post","link":"https:\/\/www.europesays.com\/fr\/440218\/","title":{"rendered":"attention, de nouvelles rues passent au stationnement payant d\u00e8s le 13 octobre"},"content":{"rendered":"<p>            Par<br \/>\n        <strong><br \/>\n            <a href=\"https:\/\/actu.fr\/auteur\/brian-legoff\" title=\"Consulter tous les articles de Brian Le Goff\" rel=\"nofollow noopener\" target=\"_blank\">Brian Le Goff<\/a><br \/>\n        <\/strong><\/p>\n<p>        Publi\u00e9 le<\/p>\n<p>            5 oct. 2025 \u00e0 7h32        <\/p>\n<p>C\u2019est la <strong>deuxi\u00e8me extension du stationnement payant<\/strong> \u00e0 <a href=\"https:\/\/actu.fr\/rennes\/\" rel=\"nofollow noopener\" target=\"_blank\">Rennes<\/a> en 2025 <a href=\"https:\/\/actu.fr\/bretagne\/rennes_35238\/cartes-rennes-le-stationnement-payant-etendu-a-de-nouveaux-quartiers-voici-les-rues-concernees_62417412.html\" rel=\"nofollow noopener\" target=\"_blank\">apr\u00e8s le passage de 700 places en juin dernier<\/a>. D\u00e8s le lundi 13\u00a0octobre, les habitants des <strong>rues d\u2019Antrain, Saint-Martin, du Moulin Saint-Martin et des Tanneurs<\/strong> devront prendre de nouvelles habitudes quand ils se gareront. En effet, la Ville a d\u00e9cid\u00e9 de passer les places de stationnement de ce secteur en payant.<\/p>\n<p>    <img   decoding=\"async\" loading=\"lazy\" src=\"https:\/\/www.europesays.com\/fr\/wp-content\/uploads\/2025\/10\/stationnement-payant-rennes-960x640.png\" alt=\"En vert, les nouvelles rues payantes.\" width=\"960\" height=\"640\"\/><br \/>\n    En vert, les nouvelles rues payantes. (\u00a9Ville de Rennes)<\/p>\n<p data-start=\"1326\" data-end=\"1417\" class=\" wall-content\">Toutes les rues concern\u00e9es passent en\u00a0zone verte, la moins ch\u00e8re du dispositif rennais.<\/p>\n<p data-start=\"1326\" data-end=\"1417\" class=\" wall-content\"><strong data-start=\"1582\" data-end=\"1610\">Pour les non-r\u00e9sidents\u2009:<\/strong><\/p>\n<ul class=\" wall-content\">\n<li data-start=\"1582\" data-end=\"1612\">de 0 \u00e0 3h\u2009: <strong data-start=\"1627\" data-end=\"1645\">0,20 \u20ac \/ 9 min\u2009;<\/strong><\/li>\n<li data-start=\"1582\" data-end=\"1612\">de 3h \u00e0 8h\u2009: <strong data-start=\"1663\" data-end=\"1682\">1,00\u00a0\u20ac \/ 14 min\u2009;<\/strong><\/li>\n<li data-start=\"1582\" data-end=\"1612\">dur\u00e9e maximale\u2009: <strong data-start=\"1702\" data-end=\"1708\">8h<\/strong>, soit un total de\u00a0<strong data-start=\"1727\" data-end=\"1738\">25,40\u00a0\u20ac.<\/strong><\/li>\n<\/ul>\n<p data-start=\"1419\" data-end=\"1445\" class=\" wall-content\"><strong data-start=\"1419\" data-end=\"1443\">Pour les r\u00e9sidents\u2009:<\/strong><\/p>\n<ul class=\" wall-content\">\n<li data-start=\"1419\" data-end=\"1445\">\u00bd journ\u00e9e (5h), <strong data-start=\"1465\" data-end=\"1475\">0,40 \u20ac\u2009;<\/strong><\/li>\n<li data-start=\"1419\" data-end=\"1445\">journ\u00e9e (8h), <strong data-start=\"1495\" data-end=\"1505\">0,80 \u20ac\u2009;<\/strong><\/li>\n<li data-start=\"1419\" data-end=\"1445\">semaine, <strong data-start=\"1520\" data-end=\"1530\">4,60\u00a0\u20ac\u2009;<\/strong><\/li>\n<li data-start=\"1419\" data-end=\"1445\">quinzaine, <strong data-start=\"1547\" data-end=\"1557\">7,70\u00a0\u20ac\u2009;<\/strong><\/li>\n<li data-start=\"1419\" data-end=\"1445\">mois, <strong data-start=\"1569\" data-end=\"1580\">14,40\u00a0\u20ac.<\/strong><\/li>\n<\/ul>\n<p>Des tarifs pr\u00e9f\u00e9rentiels pour les r\u00e9sidents<\/p>\n<p>Bonne nouvelle pour les habitants du quartier : ils peuvent b\u00e9n\u00e9ficier du statut de r\u00e9sident, valable deux ans et r\u00e9serv\u00e9 \u00e0 un seul v\u00e9hicule par logement.<br \/>Pour l\u2019obtenir, il suffit de fournir :<br \/>&#8211; la carte grise du v\u00e9hicule ;<br \/>&#8211; la derni\u00e8re attestation d\u2019assurance habitation (propri\u00e9taire ou locataire).<br \/>La demande se fait directement en ligne sur rennes.e-habitants.com ou, pour ceux qui pr\u00e9f\u00e8rent un accompagnement, sur rendez-vous au bureau du stationnement (\ud83d\udcde 02 23 62 24 15).<\/p>\n<p>Horodateurs ou appli :\u2009\u00e0 vous de choisir<\/p>\n<p class=\" wall-content\">Les conducteurs pourront payer directement sur les horodateurs, ou via les applications mobiles Flowbird et Easypark, disponibles sur Android et iOS.<\/p>\n<p class=\" wall-content\">Elles permettent de payer \u00e0 distance, d\u2019ajuster la dur\u00e9e en temps r\u00e9el et m\u00eame d\u2019\u00eatre alert\u00e9 avant la fin du stationnement.<\/p>\n<p class=\" wall-content\">Personnalisez votre actualit\u00e9 en ajoutant vos villes et m\u00e9dias en favori avec <a href=\"https:\/\/moncompte.actu.fr\" title=\"D\u00e9couvez Mon Actu\" rel=\"nofollow noopener\" data-trk=\"{&quot;cta&quot;:{&quot;action&quot;:&quot;https:\\\/\\\/moncompte.actu.fr&quot;,&quot;category&quot;:&quot;mon compte&quot;,&quot;from&quot;:&quot;article footer&quot;,&quot;name&quot;:&quot;Mon actu&quot;,&quot;type&quot;:&quot;cta&quot;}}\" target=\"_blank\">Mon Actu<\/a>.<\/p>\n","protected":false},"excerpt":{"rendered":"Par Brian Le Goff Publi\u00e9 le 5 oct. 2025 \u00e0 7h32 C\u2019est la deuxi\u00e8me extension du stationnement payant&hellip;\n","protected":false},"author":2,"featured_media":440219,"comment_status":"","ping_status":"","sticky":false,"template":"","format":"standard","meta":{"footnotes":""},"categories":[2821],"tags":[1111,11,829,3542,33,1777,674,1011,27,12,584,25,6173],"class_list":{"0":"post-440218","1":"post","2":"type-post","3":"status-publish","4":"format-standard","5":"has-post-thumbnail","7":"category-rennes","8":"tag-actu","9":"tag-actualites","10":"tag-bretagne","11":"tag-circulation","12":"tag-economie","13":"tag-eu","14":"tag-europe","15":"tag-fr","16":"tag-france","17":"tag-news","18":"tag-rennes","19":"tag-republique-francaise","20":"tag-stationnement"},"share_on_mastodon":{"url":"https:\/\/pubeurope.com\/@fr\/115320222395233955","error":""},"_links":{"self":[{"href":"https:\/\/www.europesays.com\/fr\/wp-json\/wp\/v2\/posts\/440218","targetHints":{"allow":["GET"]}}],"collection":[{"href":"https:\/\/www.europesays.com\/fr\/wp-json\/wp\/v2\/posts"}],"about":[{"href":"https:\/\/www.europesays.com\/fr\/wp-json\/wp\/v2\/types\/post"}],"author":[{"embeddable":true,"href":"https:\/\/www.europesays.com\/fr\/wp-json\/wp\/v2\/users\/2"}],"replies":[{"embeddable":true,"href":"https:\/\/www.europesays.com\/fr\/wp-json\/wp\/v2\/comments?post=440218"}],"version-history":[{"count":0,"href":"https:\/\/www.europesays.com\/fr\/wp-json\/wp\/v2\/posts\/440218\/revisions"}],"wp:featuredmedia":[{"embeddable":true,"href":"https:\/\/www.europesays.com\/fr\/wp-json\/wp\/v2\/media\/440219"}],"wp:attachment":[{"href":"https:\/\/www.europesays.com\/fr\/wp-json\/wp\/v2\/media?parent=440218"}],"wp:term":[{"taxonomy":"category","embeddable":true,"href":"https:\/\/www.europesays.com\/fr\/wp-json\/wp\/v2\/categories?post=440218"},{"taxonomy":"post_tag","embeddable":true,"href":"https:\/\/www.europesays.com\/fr\/wp-json\/wp\/v2\/tags?post=440218"}],"curies":[{"name":"wp","href":"https:\/\/api.w.org\/{rel}","templated":true}]}}