{"id":440222,"date":"2025-10-05T06:49:15","date_gmt":"2025-10-05T06:49:15","guid":{"rendered":"https:\/\/www.europesays.com\/fr\/440222\/"},"modified":"2025-10-05T06:49:15","modified_gmt":"2025-10-05T06:49:15","slug":"lequipe-de-france-a-la-meinau-poulidor-et-le-pmc","status":"publish","type":"post","link":"https:\/\/www.europesays.com\/fr\/440222\/","title":{"rendered":"l\u2019\u00e9quipe de France \u00e0 la Meinau, Poulidor et le PMC"},"content":{"rendered":"<p>Guy Drut, le champion d\u2019athl\u00e9tisme du 110\u00a0m haies qui vient de battre le record du monde \u00e0 Berlin (13\u2019\u20190), est de passage \u00e0 l\u2019hypermarch\u00e9 de Mundolsheim le jeudi 2\u00a0octobre. Du haut de son m\u00e8tre quatre-vingt-dix, il \u00e9merge de la for\u00eat de bras tendus \u00e0 la recherche d\u2019une d\u00e9dicace.<\/p>\n<p>Le dimanche\u00a019, <a href=\"https:\/\/www.dna.fr\/jeux-olympiques\/2024\/06\/12\/le-jour-de-gloire-de-guy-drut-champion-olympique-d-athletisme-le-28-juillet-1976-a-montreal\" target=\"_blank\" rel=\"nofollow noopener\">le champion<\/a> est invit\u00e9 au meeting d\u2019inauguration de la nouvelle piste synth\u00e9tique du stade de Pulversheim. Malheureusement pour le public, l\u2019athl\u00e8te est souffrant et assiste \u00e0 la comp\u00e9tition depuis les tribunes.<\/p>\n<p>Le mardi\u00a07, le stade de la Meinau accueille l\u2019\u00e9quipe de France pour un match amical contre le club de Hambourg (RFA). Plus de 11\u00a0000 spectateurs (recette\u00a0: 233\u00a0004\u00a0F) ont fait le d\u00e9placement pour voir \u00e9voluer les joueurs de Stefan Kovacs.<\/p>\n<p>Pour ce match d\u2019entra\u00eenement en vue de la proche rencontre avec la RDA, le dirigeant avait promis un spectacle de qualit\u00e9, mais pour le public, la d\u00e9ception est grande\u00a0; le score est nul (0 \u2013 0) et la qualit\u00e9 du jeu fran\u00e7ais d\u00e9cevante. En d\u00e9but de&#8230;<\/p>\n","protected":false},"excerpt":{"rendered":"Guy Drut, le champion d\u2019athl\u00e9tisme du 110\u00a0m haies qui vient de battre le record du monde \u00e0 Berlin&hellip;\n","protected":false},"author":2,"featured_media":440223,"comment_status":"","ping_status":"","sticky":false,"template":"","format":"standard","meta":{"footnotes":""},"categories":[2820],"tags":[1111,11,2880,1777,674,107,1011,27,775,937,12,25,104,640,2879],"class_list":{"0":"post-440222","1":"post","2":"type-post","3":"status-publish","4":"format-standard","5":"has-post-thumbnail","7":"category-strasbourg","8":"tag-actu","9":"tag-actualites","10":"tag-edition-strasbourg","11":"tag-eu","12":"tag-europe","13":"tag-fil-info","14":"tag-fr","15":"tag-france","16":"tag-grand-est","17":"tag-histoire","18":"tag-news","19":"tag-republique-francaise","20":"tag-societe","21":"tag-strasbourg","22":"tag-strasbourg-ville"},"share_on_mastodon":{"url":"https:\/\/pubeurope.com\/@fr\/115320229939927151","error":""},"_links":{"self":[{"href":"https:\/\/www.europesays.com\/fr\/wp-json\/wp\/v2\/posts\/440222","targetHints":{"allow":["GET"]}}],"collection":[{"href":"https:\/\/www.europesays.com\/fr\/wp-json\/wp\/v2\/posts"}],"about":[{"href":"https:\/\/www.europesays.com\/fr\/wp-json\/wp\/v2\/types\/post"}],"author":[{"embeddable":true,"href":"https:\/\/www.europesays.com\/fr\/wp-json\/wp\/v2\/users\/2"}],"replies":[{"embeddable":true,"href":"https:\/\/www.europesays.com\/fr\/wp-json\/wp\/v2\/comments?post=440222"}],"version-history":[{"count":0,"href":"https:\/\/www.europesays.com\/fr\/wp-json\/wp\/v2\/posts\/440222\/revisions"}],"wp:featuredmedia":[{"embeddable":true,"href":"https:\/\/www.europesays.com\/fr\/wp-json\/wp\/v2\/media\/440223"}],"wp:attachment":[{"href":"https:\/\/www.europesays.com\/fr\/wp-json\/wp\/v2\/media?parent=440222"}],"wp:term":[{"taxonomy":"category","embeddable":true,"href":"https:\/\/www.europesays.com\/fr\/wp-json\/wp\/v2\/categories?post=440222"},{"taxonomy":"post_tag","embeddable":true,"href":"https:\/\/www.europesays.com\/fr\/wp-json\/wp\/v2\/tags?post=440222"}],"curies":[{"name":"wp","href":"https:\/\/api.w.org\/{rel}","templated":true}]}}