{"id":440224,"date":"2025-10-05T06:50:10","date_gmt":"2025-10-05T06:50:10","guid":{"rendered":"https:\/\/www.europesays.com\/fr\/440224\/"},"modified":"2025-10-05T06:50:10","modified_gmt":"2025-10-05T06:50:10","slug":"un-restaurant-de-plage-de-nice-contraint-devacuer-ses-blocs-rocheux-installes-sans-autorisation","status":"publish","type":"post","link":"https:\/\/www.europesays.com\/fr\/440224\/","title":{"rendered":"Un restaurant de plage de Nice contraint d&rsquo;\u00e9vacuer ses \u00ab\u00a0blocs rocheux\u00a0\u00bb install\u00e9s sans autorisation"},"content":{"rendered":"<p>            Par<br \/>\n        <strong><br \/>\n            <a href=\"https:\/\/actu.fr\/auteur\/redaction-nice\" title=\"Consulter tous les articles de R\u00e9daction Nice\" target=\"_blank\" rel=\"noopener\">R\u00e9daction Nice<\/a><br \/>\n        <\/strong><\/p>\n<p>        Publi\u00e9 le<\/p>\n<p>            5 oct. 2025 \u00e0 8h14        <\/p>\n<p>La cour administrative d\u2019appel de Marseille a confirm\u00e9 la condamnation d\u2019un \u00ab\u2009restaurant m\u00e9diterran\u00e9en\u2009\u00bb de <a href=\"https:\/\/actu.fr\/nice\/\" target=\"_blank\" rel=\"noopener\">Nice<\/a> (<a href=\"https:\/\/actu.fr\/provence-alpes-cote-d-azur\/alpes-maritimes_06\" target=\"_blank\" rel=\"noopener\">Alpes-Maritimes<\/a>) \u00e0 \u00ab\u2009remettre en \u00e9tat\u2009\u00bb la plage sur laquelle il est install\u00e9 et o\u00f9 il avait fait installer des rochers sans autorisation.<\/p>\n<p class=\" wall-content\">Le 30\u00a0octobre 2023, un \u00ab\u2009agent asserment\u00e9\u2009\u00bb de la Direction d\u00e9partementale des territoires (DDT) des Alpes-Maritimes avait en effet constat\u00e9 que des personnes travaillant \u00ab\u2009pour le compte\u2009\u00bb de la <strong>soci\u00e9t\u00e9 Castel Plage<\/strong> qui exploite le restaurant du m\u00eame nom au 8 quai des \u00c9tats-Unis r\u00e9alisaient \u00ab\u2009des travaux portant manipulation de blocs rocheux de grosse taille\u2009\u00bb \u00e0 l\u2019aide d\u2019une \u00ab\u2009pelle m\u00e9canique\u2009\u00bb.<\/p>\n<p>    <a href=\"https:\/\/www.google.com\/maps\/embed?pb=!1m18!1m12!1m3!1d9202.622047689561!2d7.271968055142404!3d43.69657814018817!2m3!1f0!2f0!3f0!3m2!1i1024!2i768!4f13.1!3m3!1m2!1s0x12cddaa2ea2a3fab%3A0x2d31db319fa7b940!2sCastel%20Plage!5e0!3m2!1sfr!2sfr!4v1759492826685!5m2!1sfr!2sfr\" title=\"Ouvrie le lien\" target=\"_blank\" rel=\"noopener\">Cliquez ici pour visualiser le contenu<\/a><\/p>\n<p>Le pr\u00e9fet avait saisi le tribunal administratif<\/p>\n<p class=\" wall-content\">Ces \u00ab\u2009blocs\u2009\u00bb avaient \u00e9t\u00e9 dispos\u00e9s \u00ab\u2009sur une longueur de 83\u00a0m\u00e8tres\u2009\u00bb \u00e0 \u00ab\u2009trois m\u00e8tres au-del\u00e0 de la limite de la concession\u2009\u00bb. L\u2019espace entre cet \u00ab\u2009enrochement\u2009\u00bb et le restaurant avait, lui, \u00e9t\u00e9 combl\u00e9 \u00ab\u2009par des galets [\u2026] sur une surface d\u2019environ 60 m\u00b2\u00bb.<\/p>\n<p class=\" wall-content\">Le pr\u00e9fet des Alpes-Maritimes avait alors saisi le tribunal administratif de <a href=\"https:\/\/actu.fr\/nice\/\" target=\"_blank\" rel=\"noopener\">Nice<\/a> pour qu\u2019une \u00ab\u2009amende\u2009\u00bb vienne <strong>sanctionner cette contravention de grande voirie<\/strong> (CGV). Le repr\u00e9sentant de l\u2019\u00c9tat r\u00e9clamait en outre \u00ab\u2009la remise en \u00e9tat du rivage\u2009\u00bb.<\/p>\n<p>Le Castel plage condamn\u00e9 en 2024<\/p>\n<p class=\" wall-content\">En novembre\u00a02024, un juge avait ainsi effectivement condamn\u00e9 le Castel Plage \u00e0 une <strong>amende de 1\u2009000\u00a0\u20ac<\/strong> et surtout \u00e0 la \u00ab\u2009remise en \u00e9tat des lieux\u2009\u00bb sous \u00ab\u2009six mois\u2009\u00bb. \u00ab\u2009Il est constant que cette soci\u00e9t\u00e9 n\u2019a pas \u00e9t\u00e9 autoris\u00e9e \u00e0 proc\u00e9der \u00e0 ces travaux\u2009\u00bb, avaient estim\u00e9 les magistrats.<\/p>\n<p class=\" wall-content\">Mais les \u00ab\u2009enrochements [\u2026] sont pr\u00e9sents de longue date, ant\u00e9rieurement \u00e0 2014\u2009\u00bb, se d\u00e9fendait ce restaurant de 1\u2009900 m\u00b2 qui \u00ab\u2009ne dispose <strong>pas de la garde de la plage<\/strong> durant toute l\u2019ann\u00e9e\u2009\u00bb, et leur maintien avait \u00e9t\u00e9 \u00ab\u2009pr\u00e9conis\u00e9\u2009\u00bb.<\/p>\n<p>Votre r\u00e9gion, votre actu !<\/p>\n<p>Recevez chaque jour les infos qui comptent pour vous.<\/p>\n<p>\t<a href=\"https:\/\/actu.fr\/newsletter\" class=\"ac-btn ac-btn--corner ac-btn--medium ac-btn--blue800\" target=\"_blank\" rel=\"noopener\">S&rsquo;incrire<\/a><\/p>\n<p class=\" wall-content\">En octobre\u00a02023, il n\u2019avait fait que \u00ab\u2009<strong>repositionner\u2009<\/strong>\u00bb les rochers \u00ab\u2009en pr\u00e9vision d\u2019une temp\u00eate\u2009\u00bb \u00e0 la suite de leur \u00ab\u2009d\u00e9placement naturel\u2009\u00bb. Une \u00ab\u2009remise en \u00e9tat\u2009\u00bb avait au demeurant d\u00e9j\u00e0 \u00e9t\u00e9 effectu\u00e9e par la m\u00e9tropole de Nice en mars\u00a02024 dans le cadre du \u00ab\u2009r\u00e9-engraissement\u2009\u00bb des plages.<\/p>\n<p>\u00ab\u2009Sept blocs rocheux\u2009\u00bb sont toujours en place<\/p>\n<p class=\" wall-content\">La soci\u00e9t\u00e9 avait donc <strong>saisi la cour administrative d\u2019appel<\/strong> de Marseille pour contester cette d\u00e9cision. Reste qu\u2019il \u00ab\u2009ne peut \u00eatre port\u00e9 atteinte \u00e0 l\u2019\u00e9tat naturel du rivage de la mer, notamment par [\u2026] enrochement [\u2026], sauf pour des ouvrages [\u2026] li\u00e9s \u00e0 l\u2019exercice d\u2019un service public ou l\u2019ex\u00e9cution d\u2019un travail public\u2009\u00bb, selon la loi.<\/p>\n<p class=\" wall-content\">En l\u2019occurrence, les \u00ab\u2009travaux\u2009\u00bb accomplis par le restaurant de plage ne rel\u00e8vent pas \u00ab\u2009d\u2019une des exceptions aux interdictions pos\u00e9es\u2009\u00bb par la loi, objecte la cour administrative d\u2019appel de Marseille dans un arr\u00eat en date du 24\u00a0juillet 2025 qui vient d\u2019\u00eatre rendu public. Le Castel Plage a donc \u00ab\u2009r\u00e9alis\u00e9 des am\u00e9nagements interdits et r\u00e9prim\u00e9s\u2009\u00bb par la loi.<\/p>\n<p class=\" wall-content\">\u00ab\u2009Il ne r\u00e9sulte pas de l\u2019instruction que les blocs manipul\u00e9s [\u2026] auraient \u00e9t\u00e9 pr\u00e9sents ant\u00e9rieurement\u2009\u00bb, soulignent les juges. \u00ab\u2009Les photos [\u2026] illustrent au contraire [\u2026] l\u2019absence de tout enrochement \u00e0 la fin de l\u2019ann\u00e9e 2017 sur le reste du rivage, la <strong>pr\u00e9sence de quelques blocs<\/strong> \u00e0 partir de l\u2019ann\u00e9e 2019, puis une extension progressive [\u2026] \u00e0 partir de 2020.\u2009\u00bb<\/p>\n<p>Des blocs apport\u00e9s par l\u2019entreprise<\/p>\n<p class=\" wall-content\">\u00ab\u2009L\u2019un des pr\u00e9pos\u00e9s de l\u2019entreprise a indiqu\u00e9 spontan\u00e9ment [\u2026] que les blocs avaient \u00e9t\u00e9 <strong>apport\u00e9s par les soins de l\u2019entreprise<\/strong> et par camion et que cet apport aurait en r\u00e9alit\u00e9 \u00e9t\u00e9 le fait des services de la m\u00e9tropole Nice C\u00f4te d\u2019Azur\u2009\u00bb, ajoute la cour.<\/p>\n<p class=\" wall-content\">\u00ab\u2009Alors m\u00eame qu\u2019une \u00e9tude hydrodynamique \u00e9tablie pour [\u2026] la requ\u00e9rante dans la perspective d\u2019une demande de permis de construire a pr\u00e9conis\u00e9 le maintien desdits enrochements, cette derni\u00e8re n\u2019est pas fond\u00e9e \u00e0 soutenir que c\u2019est \u00e0 tort que le magistrat [\u2026] l\u2019a [\u2026] <strong>reconnue coupable<\/strong>.\u2009\u00bb<\/p>\n<p class=\" wall-content\">\u00ab\u2009Si [\u2026] un certain nombre de blocs [\u2026] ont \u00e9t\u00e9 retir\u00e9s au [\u2026] printemps 2024 [\u2026], sept [\u2026] <strong>demeuraient visibles<\/strong> [\u2026] le 18\u00a0novembre 2024, sans que ne puisse \u00eatre exclu le fait que d\u2019autres [\u2026] soient dissimul\u00e9s sous les galets\u2009\u00bb, soulignent les juges pour conclure au rejet de la requ\u00eate.<\/p>\n<p class=\" wall-content\"><strong>MJ et GF (PressPepper)<\/strong><\/p>\n<p class=\" wall-content\">Personnalisez votre actualit\u00e9 en ajoutant vos villes et m\u00e9dias en favori avec <a href=\"https:\/\/moncompte.actu.fr\" title=\"D\u00e9couvez Mon Actu\" rel=\"nofollow noopener\" data-trk=\"{&quot;cta&quot;:{&quot;action&quot;:&quot;https:\\\/\\\/moncompte.actu.fr&quot;,&quot;category&quot;:&quot;mon compte&quot;,&quot;from&quot;:&quot;article footer&quot;,&quot;name&quot;:&quot;Mon actu&quot;,&quot;type&quot;:&quot;cta&quot;}}\" target=\"_blank\">Mon Actu<\/a>.<\/p>\n","protected":false},"excerpt":{"rendered":"Par R\u00e9daction Nice Publi\u00e9 le 5 oct. 2025 \u00e0 8h14 La cour administrative d\u2019appel de Marseille a confirm\u00e9&hellip;\n","protected":false},"author":2,"featured_media":440225,"comment_status":"","ping_status":"","sticky":false,"template":"","format":"standard","meta":{"footnotes":""},"categories":[2819],"tags":[1111,11,1777,674,1011,27,303,12,2401,8302,882,25,1340,104],"class_list":{"0":"post-440224","1":"post","2":"type-post","3":"status-publish","4":"format-standard","5":"has-post-thumbnail","7":"category-nice","8":"tag-actu","9":"tag-actualites","10":"tag-eu","11":"tag-europe","12":"tag-fr","13":"tag-france","14":"tag-justice","15":"tag-news","16":"tag-nice","17":"tag-plages","18":"tag-provence-alpes-cote-dazur","19":"tag-republique-francaise","20":"tag-restaurant","21":"tag-societe"},"share_on_mastodon":{"url":"https:\/\/pubeurope.com\/@fr\/115320234142778093","error":""},"_links":{"self":[{"href":"https:\/\/www.europesays.com\/fr\/wp-json\/wp\/v2\/posts\/440224","targetHints":{"allow":["GET"]}}],"collection":[{"href":"https:\/\/www.europesays.com\/fr\/wp-json\/wp\/v2\/posts"}],"about":[{"href":"https:\/\/www.europesays.com\/fr\/wp-json\/wp\/v2\/types\/post"}],"author":[{"embeddable":true,"href":"https:\/\/www.europesays.com\/fr\/wp-json\/wp\/v2\/users\/2"}],"replies":[{"embeddable":true,"href":"https:\/\/www.europesays.com\/fr\/wp-json\/wp\/v2\/comments?post=440224"}],"version-history":[{"count":0,"href":"https:\/\/www.europesays.com\/fr\/wp-json\/wp\/v2\/posts\/440224\/revisions"}],"wp:featuredmedia":[{"embeddable":true,"href":"https:\/\/www.europesays.com\/fr\/wp-json\/wp\/v2\/media\/440225"}],"wp:attachment":[{"href":"https:\/\/www.europesays.com\/fr\/wp-json\/wp\/v2\/media?parent=440224"}],"wp:term":[{"taxonomy":"category","embeddable":true,"href":"https:\/\/www.europesays.com\/fr\/wp-json\/wp\/v2\/categories?post=440224"},{"taxonomy":"post_tag","embeddable":true,"href":"https:\/\/www.europesays.com\/fr\/wp-json\/wp\/v2\/tags?post=440224"}],"curies":[{"name":"wp","href":"https:\/\/api.w.org\/{rel}","templated":true}]}}