{"id":440226,"date":"2025-10-05T06:51:16","date_gmt":"2025-10-05T06:51:16","guid":{"rendered":"https:\/\/www.europesays.com\/fr\/440226\/"},"modified":"2025-10-05T06:51:16","modified_gmt":"2025-10-05T06:51:16","slug":"monaco-nice-a-quelle-heure-et-sur-quelle-chaine-tv-suivre-le-match-de-la-7e-journee-de-ligue-1","status":"publish","type":"post","link":"https:\/\/www.europesays.com\/fr\/440226\/","title":{"rendered":"Monaco-Nice : \u00e0 quelle heure et sur quelle cha\u00eene TV suivre le match de la 7e journ\u00e9e de Ligue 1 ?"},"content":{"rendered":"<p class=\"paragraph text_align_left lp-f-body-02\">Apr\u00e8s un <a href=\"https:\/\/www.leparisien.fr\/sports\/football\/ligue-des-champions\/monaco-manchester-city-2-2-un-penalty-deric-dier-sauve-les-monegasques-malgre-un-double-dhaaland-01-10-2025-S4J3GBAL4NEGDKPXTQCJD4N7DI.php\" target=\"_self\" rel=\"nofollow noopener\">match nul pr\u00e9cieux<\/a> obtenu face \u00e0 Manchester City ce mercredi en Ligue des champions (2-2), l\u2019AS Monaco tentera de poursuivre sur sa lanc\u00e9e en Championnat en accueillant l\u2019OGC Nice ce dimanche 5 octobre. <\/p>\n<p class=\"paragraph text_align_left lp-f-body-02\">Quatri\u00e8mes de <a href=\"https:\/\/www.leparisien.fr\/sports\/football\/ligue-1\/\" target=\"_self\" rel=\"nofollow noopener\">Ligue 1<\/a> apr\u00e8s six journ\u00e9es \u00e0 trois points du leader, le <a href=\"https:\/\/www.leparisien.fr\/sports\/football\/psg\/\" target=\"_self\" rel=\"nofollow noopener\">PSG<\/a>, les co\u00e9quipiers de <a href=\"https:\/\/www.leparisien.fr\/sports\/football\/coupe-du-monde\/donner-la-meilleure-version-de-moi-meme-les-ambitions-de-maghnes-akliouche-pour-sa-premiere-convocation-03-09-2025-547VZ77VQFB2PFWU5L3B62W6XU.php\" target=\"_self\" rel=\"nofollow noopener\">Maghnes Akliouche<\/a> auront \u00e0 c\u0153ur de l\u2019emporter dans le cadre du \u00ab derby de la C\u00f4te d\u2019Azur \u00bb face \u00e0 leurs rivaux ni\u00e7ois, douzi\u00e8mes du <a href=\"https:\/\/www.leparisien.fr\/sports\/football\/ligue-1\/classement\/\" target=\"_self\" rel=\"nofollow noopener\">classement<\/a> en Championnat. Une rencontre \u00e0 laquelle n\u2019assisteront pas la Populaire Sud, principal groupe ultra du club azur\u00e9en qui a annonc\u00e9 lundi qu\u2019il boycotterait le d\u00e9placement \u00e0 Monaco pour protester contre la r\u00e9duction de son quota de places \u00e0 l\u2019Allianz Riviera de Nice. <\/p>\n<p class=\"paragraph text_align_left lp-f-body-02\">En Ligue 1, les Mon\u00e9gasques restent sur une d\u00e9faite samedi dernier face \u00e0 de surprenants Lorientais, guid\u00e9s par un <a href=\"https:\/\/www.leparisien.fr\/sports\/football\/ligue-1\/lorient-monaco-3-1-le-double-magique-de-pablo-pagis-fils-de-mickael-qui-offre-la-victoire-aux-merlus-27-09-2025-QU6ULG4TC5GR5LW7JBT4F6Y4IY.php\" target=\"_self\" rel=\"nofollow noopener\">doubl\u00e9 magistral de Pabo Pagis<\/a> dans le cadre de la sixi\u00e8me journ\u00e9e (1-3). <\/p>\n<p class=\"paragraph text_align_left lp-f-body-02\"><b>Le coup d\u2019envoi de Monaco-Nice est pr\u00e9vu ce dimanche 5 octobre \u00e0 17h15. La rencontre sera \u00e0 suivre en direct sur Ligue 1 +.<\/b><\/p>\n","protected":false},"excerpt":{"rendered":"Apr\u00e8s un match nul pr\u00e9cieux obtenu face \u00e0 Manchester City ce mercredi en Ligue des champions (2-2), l\u2019AS&hellip;\n","protected":false},"author":2,"featured_media":440227,"comment_status":"","ping_status":"","sticky":false,"template":"","format":"standard","meta":{"footnotes":""},"categories":[2819],"tags":[1111,11,1777,674,63,1011,27,66,12,2401,882,25,60],"class_list":{"0":"post-440226","1":"post","2":"type-post","3":"status-publish","4":"format-standard","5":"has-post-thumbnail","7":"category-nice","8":"tag-actu","9":"tag-actualites","10":"tag-eu","11":"tag-europe","12":"tag-football","13":"tag-fr","14":"tag-france","15":"tag-ligue-1","16":"tag-news","17":"tag-nice","18":"tag-provence-alpes-cote-dazur","19":"tag-republique-francaise","20":"tag-sports"},"share_on_mastodon":{"url":"https:\/\/pubeurope.com\/@fr\/115320237829392446","error":""},"_links":{"self":[{"href":"https:\/\/www.europesays.com\/fr\/wp-json\/wp\/v2\/posts\/440226","targetHints":{"allow":["GET"]}}],"collection":[{"href":"https:\/\/www.europesays.com\/fr\/wp-json\/wp\/v2\/posts"}],"about":[{"href":"https:\/\/www.europesays.com\/fr\/wp-json\/wp\/v2\/types\/post"}],"author":[{"embeddable":true,"href":"https:\/\/www.europesays.com\/fr\/wp-json\/wp\/v2\/users\/2"}],"replies":[{"embeddable":true,"href":"https:\/\/www.europesays.com\/fr\/wp-json\/wp\/v2\/comments?post=440226"}],"version-history":[{"count":0,"href":"https:\/\/www.europesays.com\/fr\/wp-json\/wp\/v2\/posts\/440226\/revisions"}],"wp:featuredmedia":[{"embeddable":true,"href":"https:\/\/www.europesays.com\/fr\/wp-json\/wp\/v2\/media\/440227"}],"wp:attachment":[{"href":"https:\/\/www.europesays.com\/fr\/wp-json\/wp\/v2\/media?parent=440226"}],"wp:term":[{"taxonomy":"category","embeddable":true,"href":"https:\/\/www.europesays.com\/fr\/wp-json\/wp\/v2\/categories?post=440226"},{"taxonomy":"post_tag","embeddable":true,"href":"https:\/\/www.europesays.com\/fr\/wp-json\/wp\/v2\/tags?post=440226"}],"curies":[{"name":"wp","href":"https:\/\/api.w.org\/{rel}","templated":true}]}}