{"id":440230,"date":"2025-10-05T06:53:18","date_gmt":"2025-10-05T06:53:18","guid":{"rendered":"https:\/\/www.europesays.com\/fr\/440230\/"},"modified":"2025-10-05T06:53:18","modified_gmt":"2025-10-05T06:53:18","slug":"larcher-repond-a-kanner-el-hairy-renonce-a-nantes-un-premier-livre-pour-xavier-bertrand-nos-informations-confidentielles","status":"publish","type":"post","link":"https:\/\/www.europesays.com\/fr\/440230\/","title":{"rendered":"Larcher r\u00e9pond \u00e0 Kanner, El\u202fHa\u00efry renonce \u00e0 Nantes, un premier livre pour Xavier Bertrand&#8230; Nos informations confidentielles."},"content":{"rendered":"<p>G\u00e9rard Larcher n\u2019a pas appr\u00e9ci\u00e9 la mise en cause que lui a adress\u00e9e Patrick Kanner, le patron des s\u00e9nateurs PS, qui dans un courrier lui a reproch\u00e9 d\u2019avoir \u00ab\u202fengag\u00e9 le S\u00e9nat dans une d\u00e9marche [\u2026] regrettable\u202f\u00bb, <a href=\"https:\/\/www.latribune.fr\/article\/la-tribune-dimanche\/politique\/78995758261505\/pascal-perrineau-politologue-pour-le-rn-la-condamnation-de-nicolas-sarkozy-cest-du-pain-benit\" target=\"_blank\" rel=\"noopener\">apr\u00e8s la condamnation de Nicolas Sarkozy<\/a> \u00e0 cinq ans de prison avec ex\u00e9cution provisoire dans l\u2019affaire des soup\u00e7ons de financement libyen de sa campagne de 2007. Le pr\u00e9sident du S\u00e9nat avait en effet publiquement \u00e9mis des r\u00e9serves sur la d\u00e9cision du tribunal d\u2019incarc\u00e9rer l\u2019ex-chef de l\u2019\u00c9tat sans attendre l\u2019appel.<\/p>\n<p>\u00ab\u202fL\u2019interrogation sur la mani\u00e8re dont la loi pr\u00e9voit l\u2019ex\u00e9cution provisoire et sur la mani\u00e8re dont elle peut \u00eatre comprise est l\u00e9gitime, a donc r\u00e9pliqu\u00e9 G\u00e9rard Larcher dans un courrier adress\u00e9 le 2\u202foctobre au s\u00e9nateur PS du Nord, dont La Tribune Dimanche a eu connaissance. S\u2019interroger sur les normes applicables et sur les motivations \u00e9nonc\u00e9es par le tribunal correctionnel pour prendre une d\u00e9cision n\u2019a rien de choquant et participe au d\u00e9bat public.\u202f\u00bb<\/p>\n","protected":false},"excerpt":{"rendered":"G\u00e9rard Larcher n\u2019a pas appr\u00e9ci\u00e9 la mise en cause que lui a adress\u00e9e Patrick Kanner, le patron des&hellip;\n","protected":false},"author":2,"featured_media":440231,"comment_status":"","ping_status":"","sticky":false,"template":"","format":"standard","meta":{"footnotes":""},"categories":[2818],"tags":[17,1111,11,56714,1777,674,1011,27,56713,3102,41158,766,12,2636,7910,27701,5957,25],"class_list":{"0":"post-440230","1":"post","2":"type-post","3":"status-publish","4":"format-standard","5":"has-post-thumbnail","7":"category-nantes","8":"tag-17","9":"tag-actu","10":"tag-actualites","11":"tag-el-hairy","12":"tag-eu","13":"tag-europe","14":"tag-fr","15":"tag-france","16":"tag-kanner","17":"tag-la-tribune-dimanche","18":"tag-larcher","19":"tag-nantes","20":"tag-news","21":"tag-pays-de-la-loire","22":"tag-premier","23":"tag-renonce","24":"tag-repond","25":"tag-republique-francaise"},"share_on_mastodon":{"url":"https:\/\/pubeurope.com\/@fr\/115320245763435905","error":""},"_links":{"self":[{"href":"https:\/\/www.europesays.com\/fr\/wp-json\/wp\/v2\/posts\/440230","targetHints":{"allow":["GET"]}}],"collection":[{"href":"https:\/\/www.europesays.com\/fr\/wp-json\/wp\/v2\/posts"}],"about":[{"href":"https:\/\/www.europesays.com\/fr\/wp-json\/wp\/v2\/types\/post"}],"author":[{"embeddable":true,"href":"https:\/\/www.europesays.com\/fr\/wp-json\/wp\/v2\/users\/2"}],"replies":[{"embeddable":true,"href":"https:\/\/www.europesays.com\/fr\/wp-json\/wp\/v2\/comments?post=440230"}],"version-history":[{"count":0,"href":"https:\/\/www.europesays.com\/fr\/wp-json\/wp\/v2\/posts\/440230\/revisions"}],"wp:featuredmedia":[{"embeddable":true,"href":"https:\/\/www.europesays.com\/fr\/wp-json\/wp\/v2\/media\/440231"}],"wp:attachment":[{"href":"https:\/\/www.europesays.com\/fr\/wp-json\/wp\/v2\/media?parent=440230"}],"wp:term":[{"taxonomy":"category","embeddable":true,"href":"https:\/\/www.europesays.com\/fr\/wp-json\/wp\/v2\/categories?post=440230"},{"taxonomy":"post_tag","embeddable":true,"href":"https:\/\/www.europesays.com\/fr\/wp-json\/wp\/v2\/tags?post=440230"}],"curies":[{"name":"wp","href":"https:\/\/api.w.org\/{rel}","templated":true}]}}