{"id":44024,"date":"2025-04-22T13:15:10","date_gmt":"2025-04-22T13:15:10","guid":{"rendered":"https:\/\/www.europesays.com\/fr\/44024\/"},"modified":"2025-04-22T13:15:10","modified_gmt":"2025-04-22T13:15:10","slug":"sports-mecaniques-a-16-ans-seulement-david-da-costa-rhodanien-dans-la-couveuse-des-grands-prix-moto","status":"publish","type":"post","link":"https:\/\/www.europesays.com\/fr\/44024\/","title":{"rendered":"Sports m\u00e9caniques. \u00c0 16 ans seulement, David Da Costa, Rhodanien dans la couveuse des Grands Prix moto"},"content":{"rendered":"<p>\u00c2g\u00e9 de 16 ans, David Da Costa n\u2019est plus scolaris\u00e9 depuis la fin de son ann\u00e9e de seconde. \u00ab L\u2019\u00e9cole n\u2019est pas mon fort \u00bb, affirme-t-il. Sur les circuits motos, en revanche, il excelle et pas qu\u2019un peu ! Ce natif de V\u00e9nissieux, qui r\u00e9side depuis tout petit \u00e0 Solaize, a \u00e9t\u00e9 choisi parmi les 26 prodiges, de 15 \u00e0 18 ans, qui se battront pour l\u2019\u00e9dition 2025 de la Red Bull Moto GP Rookies Cup.<\/p>\n<p>Dans cette comp\u00e9tition disput\u00e9e sur une KTM RC250 GP, et consid\u00e9r\u00e9e comme \u00ab le plus gros tremplin \u00bb vers les championnats du monde de vitesse (Moto 3, Moto 2, Moto GP), le prospect rhodanien r\u00eave de rouler sur les traces de <a href=\"https:\/\/www.leprogres.fr\/p\/johann-zarco\" target=\"_blank\" rel=\"nofollow noopener\">Johann Zarko (34 ans)<\/a>. Apr\u00e8s avoir \u00e9t\u00e9 le premier laur\u00e9at de cette \u00e9preuve lanc\u00e9e en 2007, le&#8230;<\/p>\n","protected":false},"excerpt":{"rendered":"\u00c2g\u00e9 de 16 ans, David Da Costa n\u2019est plus scolaris\u00e9 depuis la fin de son ann\u00e9e de seconde.&hellip;\n","protected":false},"author":2,"featured_media":44025,"comment_status":"","ping_status":"","sticky":false,"template":"","format":"standard","meta":{"footnotes":""},"categories":[1413],"tags":[1976,3152,1011,27,1457,1456,2429,3151,13170,517,60,4375],"class_list":{"0":"post-44024","1":"post","2":"type-post","3":"status-publish","4":"format-standard","5":"has-post-thumbnail","7":"category-moto","8":"tag-auto-moto","9":"tag-edition-est-lyonnais","10":"tag-fr","11":"tag-france","12":"tag-moto","13":"tag-motocycle","14":"tag-rhone","15":"tag-selection-de-la-redaction-69","16":"tag-solaize","17":"tag-sport","18":"tag-sports","19":"tag-venissieux"},"share_on_mastodon":{"url":"https:\/\/pubeurope.com\/@fr\/114381804844988975","error":""},"_links":{"self":[{"href":"https:\/\/www.europesays.com\/fr\/wp-json\/wp\/v2\/posts\/44024","targetHints":{"allow":["GET"]}}],"collection":[{"href":"https:\/\/www.europesays.com\/fr\/wp-json\/wp\/v2\/posts"}],"about":[{"href":"https:\/\/www.europesays.com\/fr\/wp-json\/wp\/v2\/types\/post"}],"author":[{"embeddable":true,"href":"https:\/\/www.europesays.com\/fr\/wp-json\/wp\/v2\/users\/2"}],"replies":[{"embeddable":true,"href":"https:\/\/www.europesays.com\/fr\/wp-json\/wp\/v2\/comments?post=44024"}],"version-history":[{"count":0,"href":"https:\/\/www.europesays.com\/fr\/wp-json\/wp\/v2\/posts\/44024\/revisions"}],"wp:featuredmedia":[{"embeddable":true,"href":"https:\/\/www.europesays.com\/fr\/wp-json\/wp\/v2\/media\/44025"}],"wp:attachment":[{"href":"https:\/\/www.europesays.com\/fr\/wp-json\/wp\/v2\/media?parent=44024"}],"wp:term":[{"taxonomy":"category","embeddable":true,"href":"https:\/\/www.europesays.com\/fr\/wp-json\/wp\/v2\/categories?post=44024"},{"taxonomy":"post_tag","embeddable":true,"href":"https:\/\/www.europesays.com\/fr\/wp-json\/wp\/v2\/tags?post=44024"}],"curies":[{"name":"wp","href":"https:\/\/api.w.org\/{rel}","templated":true}]}}