{"id":440240,"date":"2025-10-05T06:58:10","date_gmt":"2025-10-05T06:58:10","guid":{"rendered":"https:\/\/www.europesays.com\/fr\/440240\/"},"modified":"2025-10-05T06:58:10","modified_gmt":"2025-10-05T06:58:10","slug":"les-cours-pris-dassaut-a-lille","status":"publish","type":"post","link":"https:\/\/www.europesays.com\/fr\/440240\/","title":{"rendered":"les cours pris d\u2019assaut \u00e0 Lille"},"content":{"rendered":"<p>            Par<br \/>\n        <strong><br \/>\n            <a href=\"https:\/\/actu.fr\/auteur\/amandine-vachez\" title=\"Consulter tous les articles de Amandine Vachez\" target=\"_blank\" rel=\"noopener\">Amandine Vachez<\/a><br \/>\n        <\/strong><\/p>\n<p>        Publi\u00e9 le<\/p>\n<p>            5 oct. 2025 \u00e0 8h04        <\/p>\n<p>La demande \u00e9tait forte. Preuve en est que la jauge est remplie. Le Palais des Beaux-arts de <a href=\"https:\/\/actu.fr\/lille\/\" target=\"_blank\" rel=\"noopener\">Lille<\/a> (Nord) accueille l<b>\u2019\u00c9cole du Louvre<\/b>, d\u00e8s d\u00e9but <b>octobre 2025. <\/b>Tout un programme d\u2019initiation \u00e0 l\u2019Histoire de l\u2019art a \u00e9t\u00e9 construit <b>sur une p\u00e9riode de 3\u00a0ans.<\/b> Elle sera enseign\u00e9e par des sp\u00e9cialistes de diverses p\u00e9riodes, allant<b> de la Pr\u00e9histoire \u00e0 l\u2019\u00c9poque contemporaine.<\/b> Un bon moyen de mettre dans le m\u00eame temps en lumi\u00e8re la richesse des collections du mus\u00e9e\u2009!<\/p>\n<p>Des cours hors-les-murs, pens\u00e9s sur-mesure pour Lille<\/p>\n<p class=\" wall-content\">Au mus\u00e9e, on le constatait depuis un moment\u2009: il y avait une forte demande du grand public d\u2019avoir acc\u00e8s \u00e0 des cours d\u2019<b>Histoire de l\u2019art.<\/b> L\u2019\u00c9cole du Louvre, en parall\u00e8le, s\u2019invite depuis des ann\u00e9es hors de ses murs pour proposer ses formations renomm\u00e9es.<\/p>\n<p class=\" wall-content\">Un programme a \u00e9t\u00e9 construit avec le mus\u00e9e de Lille pour proposer \u00ab\u2009des cours accessibles, dans une forme classique, en lien avec les collections que nous avons ici, allant de la Pr\u00e9histoire au XXe\u00a0si\u00e8cle\u2009\u00bb, pr\u00e9sente Alice Fleury, directrice des collections du mus\u00e9e lillois.<\/p>\n<p>Un programme de 3\u00a0ans, assur\u00e9 par des sp\u00e9cialistes<\/p>\n<p class=\" wall-content\">Le jeudi 2 octobre 2025, le cycle a \u00e9t\u00e9 lanc\u00e9, pour une <b>p\u00e9riode de 3 ans<\/b>, au rythme de <b>deux cours par mois le jeudi midi<\/b>, <a href=\"https:\/\/actu.fr\/tag\/vacances-scolaires\" target=\"_blank\" rel=\"noopener\">hors vacances scolaires<\/a>. 12 cours au total se d\u00e9clinent pour la premi\u00e8re ann\u00e9e (octobre 2025 \u2013 juin 2026), \u00e9voquant tant\u00f4t \u00ab\u00a0l\u2019art des chasseurs de la Pr\u00e9histoire\u00a0\u00bb, tant\u00f4t \u00ab\u00a0Le rayonnement du mod\u00e8le grec\u00a0\u00bb, ou encore \u00ab\u00a0L\u2019art gothique\u00a0\u00bb, sous divers angles choisis.<\/p>\n<p class=\" wall-content\">Cette ann\u00e9e, les cours courront <b>de la Pr\u00e9histoire au Moyen-\u00c2ge<\/b>. \u00ab\u2009\u00c0 chaque fois, ce sont des pontes de chaque domaine, des sp\u00e9cialistes des p\u00e9riodes qui assurent les cours, dans notre auditorium.\u2009\u00bb Des cours qui se pr\u00e9sentent sur le <b>format magistral<\/b>, et permettront aux quelque <b>190 inscrits<\/b> d\u2019avoir des connaissances de base sur chaque p\u00e9riode.<\/p>\n<p class=\" wall-content\">Pour Alice Fleury, le succ\u00e8s de cette proposition in\u00e9dite repose sur plusieurs \u00e9l\u00e9ments\u2009: la r\u00e9putation de l\u2019\u00c9cole du Louvre pour sa formation, le fait que ce soit au Palais des Beaux-arts aussi, et pens\u00e9 en lien avec des collections du mus\u00e9e. De quoi ouvrir les horizons des participants et leur permettre de voir, demain, les \u0153uvres avec un tout autre regard.<\/p>\n<p class=\" wall-content\">Personnalisez votre actualit\u00e9 en ajoutant vos villes et m\u00e9dias en favori avec <a href=\"https:\/\/moncompte.actu.fr\" title=\"D\u00e9couvez Mon Actu\" rel=\"nofollow noopener\" data-trk=\"{&quot;cta&quot;:{&quot;action&quot;:&quot;https:\\\/\\\/moncompte.actu.fr&quot;,&quot;category&quot;:&quot;mon compte&quot;,&quot;from&quot;:&quot;article footer&quot;,&quot;name&quot;:&quot;Mon actu&quot;,&quot;type&quot;:&quot;cta&quot;}}\" target=\"_blank\">Mon Actu<\/a>.<\/p>\n","protected":false},"excerpt":{"rendered":"Par Amandine Vachez Publi\u00e9 le 5 oct. 2025 \u00e0 8h04 La demande \u00e9tait forte. Preuve en est que&hellip;\n","protected":false},"author":2,"featured_media":440241,"comment_status":"","ping_status":"","sticky":false,"template":"","format":"standard","meta":{"footnotes":""},"categories":[2815],"tags":[1111,11,1777,674,1011,27,811,1307,1652,11274,12,3182,25],"class_list":{"0":"post-440240","1":"post","2":"type-post","3":"status-publish","4":"format-standard","5":"has-post-thumbnail","7":"category-lille","8":"tag-actu","9":"tag-actualites","10":"tag-eu","11":"tag-europe","12":"tag-fr","13":"tag-france","14":"tag-hauts-de-france","15":"tag-lille","16":"tag-loisirs-culture","17":"tag-louvre","18":"tag-news","19":"tag-palais-des-beaux-arts","20":"tag-republique-francaise"},"share_on_mastodon":{"url":"https:\/\/pubeurope.com\/@fr\/115320265358065842","error":""},"_links":{"self":[{"href":"https:\/\/www.europesays.com\/fr\/wp-json\/wp\/v2\/posts\/440240","targetHints":{"allow":["GET"]}}],"collection":[{"href":"https:\/\/www.europesays.com\/fr\/wp-json\/wp\/v2\/posts"}],"about":[{"href":"https:\/\/www.europesays.com\/fr\/wp-json\/wp\/v2\/types\/post"}],"author":[{"embeddable":true,"href":"https:\/\/www.europesays.com\/fr\/wp-json\/wp\/v2\/users\/2"}],"replies":[{"embeddable":true,"href":"https:\/\/www.europesays.com\/fr\/wp-json\/wp\/v2\/comments?post=440240"}],"version-history":[{"count":0,"href":"https:\/\/www.europesays.com\/fr\/wp-json\/wp\/v2\/posts\/440240\/revisions"}],"wp:featuredmedia":[{"embeddable":true,"href":"https:\/\/www.europesays.com\/fr\/wp-json\/wp\/v2\/media\/440241"}],"wp:attachment":[{"href":"https:\/\/www.europesays.com\/fr\/wp-json\/wp\/v2\/media?parent=440240"}],"wp:term":[{"taxonomy":"category","embeddable":true,"href":"https:\/\/www.europesays.com\/fr\/wp-json\/wp\/v2\/categories?post=440240"},{"taxonomy":"post_tag","embeddable":true,"href":"https:\/\/www.europesays.com\/fr\/wp-json\/wp\/v2\/tags?post=440240"}],"curies":[{"name":"wp","href":"https:\/\/api.w.org\/{rel}","templated":true}]}}