{"id":440242,"date":"2025-10-05T06:59:22","date_gmt":"2025-10-05T06:59:22","guid":{"rendered":"https:\/\/www.europesays.com\/fr\/440242\/"},"modified":"2025-10-05T06:59:22","modified_gmt":"2025-10-05T06:59:22","slug":"diffusion-lille-psg-a-quelle-heure-et-sur-quelle-chaine-voir-le-match-en-direct-et-en-streaming","status":"publish","type":"post","link":"https:\/\/www.europesays.com\/fr\/440242\/","title":{"rendered":"Diffusion Lille \u2013 PSG : \u00e0 quelle heure et sur quelle cha\u00eene voir le match en direct et en streaming ?"},"content":{"rendered":"<p class=\"paragraph text_align_left lp-f-body-02\">\u00c0 l\u2019issue de la sixi\u00e8me journ\u00e9e de championnat, Lille prend la sixi\u00e8me place du classement, avec dix points au compteur. Apr\u00e8s avoir d\u00e9croch\u00e9 trois victoires cons\u00e9cutives, les Dogues ont subi deux d\u00e9faites contre Lens (3-0) et Lyon (0-1). Cette semaine, les hommes de Bruno Genesio n\u2019ont pas d\u2019autre choix que de remporter la confrontation au risque de chuter dans le tableau. De son c\u00f4t\u00e9, le PSG se maintient sur la plus haute marche du podium avec quinze points. Jusqu\u2019\u00e0 pr\u00e9sent, les champions d\u2019Europe totalisent cinq victoires et une d\u00e9faite (Marseille). Face \u00e0 Lille, les Rouge et Bleu doivent imp\u00e9rativement s\u2019imposer pour conserver la t\u00eate du championnat. En parall\u00e8le, le PSG s\u2019est rendu \u00e0 Barcelone pour la deuxi\u00e8me journ\u00e9e de l\u2019UEFA Champions League. Dans ces lignes on vous dit \u00e0 quelle heure et sur quelle cha\u00eene voir le match Lille \u2013 PSG en direct et en streaming ce dimanche soir.<\/p>\n<p>Diffusion Lille \u2013 PSG en direct : sur quelle cha\u00eene regarder le match ?<\/p>\n<p class=\"paragraph text_align_left lp-f-body-02\"><b>Le match qui oppose Lille et le PSG est diffus\u00e9 ce dimanche 5 octobre <\/b><a href=\"https:\/\/dazn.prf.hn\/click\/camref:1011lSfUI\" target=\"_blank\" rel=\"sponsored nofollow noopener\"><b>en direct et en streaming sur Ligue 1+, disponible sur DAZN<\/b><\/a><b>. Le coup d\u2019envoi de la rencontre est pr\u00e9vu \u00e0 20h45 au stade Pierre Mauroy. <\/b>Vous pouvez regarder le match en souscrivant l\u2019offre DAZN &amp; Ligue 1+ disponible au prix de 16,99 euros par mois (pendant 12 mois). Gr\u00e2ce \u00e0 cet abonnement, vous pourrez \u00e9galement profiter de 100 % des matchs de la Ligue 1 McDonald\u2019s, dont huit rencontres en direct. Vous aurez \u00e9galement acc\u00e8s \u00e0 d\u2019autres championnats, comme la SERIE A, la Coppa Italia et la Supercoppa Italiana, l\u2019Eredivisie et la Jupiler Pro League. Si vous aimez les sports de combat, vous pourrez \u00e9galement voir les rencontres de la PFL et de la RWS Muay Tha\u00ef.<\/p>\n<p class=\"paragraph text_align_left lp-f-body-02\"><b>Cliquez ici pour <\/b><a href=\"https:\/\/dazn.prf.hn\/click\/camref:1011lSfUI\" target=\"_blank\" rel=\"sponsored nofollow noopener\"><b>regarder le match sur Ligue 1+<\/b><\/a><\/p>\n","protected":false},"excerpt":{"rendered":"\u00c0 l\u2019issue de la sixi\u00e8me journ\u00e9e de championnat, Lille prend la sixi\u00e8me place du classement, avec dix points&hellip;\n","protected":false},"author":2,"featured_media":440243,"comment_status":"","ping_status":"","sticky":false,"template":"","format":"standard","meta":{"footnotes":""},"categories":[2815],"tags":[1111,11,1777,674,63,1011,27,749,811,1307,12,22391,25,6718],"class_list":{"0":"post-440242","1":"post","2":"type-post","3":"status-publish","4":"format-standard","5":"has-post-thumbnail","7":"category-lille","8":"tag-actu","9":"tag-actualites","10":"tag-eu","11":"tag-europe","12":"tag-football","13":"tag-fr","14":"tag-france","15":"tag-guide-shopping","16":"tag-hauts-de-france","17":"tag-lille","18":"tag-news","19":"tag-ol-psg","20":"tag-republique-francaise","21":"tag-tv-streaming"},"share_on_mastodon":{"url":"https:\/\/pubeurope.com\/@fr\/115320269351140226","error":""},"_links":{"self":[{"href":"https:\/\/www.europesays.com\/fr\/wp-json\/wp\/v2\/posts\/440242","targetHints":{"allow":["GET"]}}],"collection":[{"href":"https:\/\/www.europesays.com\/fr\/wp-json\/wp\/v2\/posts"}],"about":[{"href":"https:\/\/www.europesays.com\/fr\/wp-json\/wp\/v2\/types\/post"}],"author":[{"embeddable":true,"href":"https:\/\/www.europesays.com\/fr\/wp-json\/wp\/v2\/users\/2"}],"replies":[{"embeddable":true,"href":"https:\/\/www.europesays.com\/fr\/wp-json\/wp\/v2\/comments?post=440242"}],"version-history":[{"count":0,"href":"https:\/\/www.europesays.com\/fr\/wp-json\/wp\/v2\/posts\/440242\/revisions"}],"wp:featuredmedia":[{"embeddable":true,"href":"https:\/\/www.europesays.com\/fr\/wp-json\/wp\/v2\/media\/440243"}],"wp:attachment":[{"href":"https:\/\/www.europesays.com\/fr\/wp-json\/wp\/v2\/media?parent=440242"}],"wp:term":[{"taxonomy":"category","embeddable":true,"href":"https:\/\/www.europesays.com\/fr\/wp-json\/wp\/v2\/categories?post=440242"},{"taxonomy":"post_tag","embeddable":true,"href":"https:\/\/www.europesays.com\/fr\/wp-json\/wp\/v2\/tags?post=440242"}],"curies":[{"name":"wp","href":"https:\/\/api.w.org\/{rel}","templated":true}]}}