{"id":440250,"date":"2025-10-05T07:03:13","date_gmt":"2025-10-05T07:03:13","guid":{"rendered":"https:\/\/www.europesays.com\/fr\/440250\/"},"modified":"2025-10-05T07:03:13","modified_gmt":"2025-10-05T07:03:13","slug":"au-ptit-zinc-ce-bar-emblematique-de-lyon-qui-risque-de-disparaitre-pour-des-verres-trop-bien-servis-et-des-tournees-offertes","status":"publish","type":"post","link":"https:\/\/www.europesays.com\/fr\/440250\/","title":{"rendered":"Au P\u2019tit Zinc, ce bar embl\u00e9matique de Lyon qui risque de dispara\u00eetre pour \u00abdes verres trop bien servis\u00bb et \u00abdes tourn\u00e9es offertes\u00bb"},"content":{"rendered":"<p>V\u00e9ritable institution des quais de Sa\u00f4ne depuis 33 ans, le bar restaurant Au P\u2019tit Zinc est menac\u00e9 de dispara\u00eetre apr\u00e8s un contr\u00f4le fiscal. Le patron d\u00e9fend des \u00abverres trop bien servis\u00bb. Une cagnotte a \u00e9t\u00e9 ouverte pour aider ce lieu historique \u00e0 poursuivre son activit\u00e9.<\/p>\n<p class=\"fig-paragraph\">C\u2019est un petit bout de patrimoine lyonnais qui pourrait dispara\u00eetre. Install\u00e9 sur les\u00a0<a href=\"http:\/\/www.lefigaro.fr\/voyages\/l-escapade-de-la-semaine-ambiance-festive-sur-les-bords-de-la-saone-avec-le-kraken-de-lyon-20220621\" data-fig-type=\"Article\" data-gtm-custom-categorie=\"navigation\" data-gtm-custom-action=\"crossclick\" data-gtm-custom-label=\"Contextuel\" data-gtm-event=\"customEventSPE\" data-fig-domain=\"LEFIGARO\" rel=\"nofollow noopener\" target=\"_blank\">bords de Sa\u00f4ne<\/a>, le bar restaurant Au P\u2019tit Zinc risque une liquidation judiciaire apr\u00e8s un contr\u00f4le. En cause des verres non d\u00e9clar\u00e9s selon l\u2019administration qui l\u2019ont conduit \u00e0 r\u00e9clamer 120.000\u20ac, une premi\u00e8re en 33 ans. Mais pour Laurent, patron des lieux depuis 1992, aucune malice de sa part, simplement des \u00abverres trop bien servis et des tourn\u00e9es offertes aux clients\u00bb.<\/p>\n<p class=\"fig-paragraph\">Car le P\u2019tit Zinc est un lieu anachronique. Les murs en bois et des bibelots install\u00e9s de fa\u00e7on anarchique dans le d\u00e9cor t\u00e9moignent encore d\u2019une \u00e9poque o\u00f9 le Quai Pierre-Scize \u00e9tait l\u2019\u00e9picentre des festivit\u00e9s lyonnaises. Un \u00abrefuge\u00bb pour les noctambules o\u00f9 l\u2019on pouvait manger un bout jusqu\u2019\u00e0 deux heures du matin et trinquer jusqu\u2019\u00e0 quatre.<\/p>\n<p class=\"fig-body-link\">\n            \u00c0 lire aussi<br \/>\n        <a class=\"fig-body-link__link fig-premium-mark\" href=\"http:\/\/www.lefigaro.fr\/lyon\/tacos-kfc-lyon-capitale-de-la-gastronomie-est-elle-devenue-celle-de-la-malbouffe-20241201\" data-fig-type=\"NewsFlash\" data-gtm-custom-categorie=\"navigation\" data-gtm-custom-action=\"crossclick\" data-gtm-custom-label=\"Contextuel\" data-gtm-event=\"customEventSPE\" data-fig-domain=\"LEFIGARO\" rel=\"nofollow noopener\" target=\"_blank\">Tacos, KFC&#8230; Lyon, capitale de la gastronomie, est-elle devenue celle de la malbouffe\u00a0?<br \/>\n    <\/a>\n<\/p>\n<blockquote class=\"fig-quote&#10;    \">\n<p class=\"fig-quote__text\">\u00ab Ici le patron a toujours \u00e9t\u00e9 g\u00e9n\u00e9reux avec tout le monde\u00a0\u00bb<\/p>\n<p>            Sandra et Charlotte, deux habitu\u00e9es\n    <\/p><\/blockquote>\n<p>                                    <a class=\"fig-a11y-skip a11y-hidden\" href=\"#fig-a11y-skip-main-inarticle\"><br \/>\n        Passer la publicit\u00e9<br \/>\n    <\/a><\/p>\n<p class=\"fig-paragraph\">En 2025 la recette n\u2019a pas chang\u00e9 mais le monde peut-\u00eatre un peu, et son fonctionnement \u00e0 l\u2019ancienne est en d\u00e9calage avec les cases de l\u2019administration. Laurent, lui, continue de faire la f\u00eate au milieu des habitu\u00e9s. Ce vendredi, Sandra et Charlotte sont venues pour un d\u00e9jeuner m\u00e8re-fille. \u00c7a faisait cinq ans qu\u2019elle n\u2019y avait plus mis les pieds. \u00abQuand on a entendu qu\u2019ils avaient des soucis, on a d\u00e9cid\u00e9 de venir manger pour les soutenir parce que l\u2019on a pass\u00e9 de tr\u00e8s beaux moments ici. C\u2019est un rep\u00e8re d\u2019\u00e9picuriens. En endroit mythique comme le Moulin rouge \u00e0 Paris. Quand tout se ressemble aujourd\u2019hui, le Petit zinc est un endroit hors du temps\u00bb, racontent-elles. Quant \u00e0 Laurent, sa r\u00e9putation n\u2019est pas usurp\u00e9e assurent Sandra et Charlotte\u00a0: \u00abIci le patron a toujours \u00e9t\u00e9 g\u00e9n\u00e9reux avec tout le monde\u00bb.<\/p>\n<p class=\"fig-body-link\">\n            \u00c0 lire aussi<br \/>\n        <a class=\"fig-body-link__link\" href=\"http:\/\/www.lefigaro.fr\/lyon\/lyon-dans-la-capitale-de-la-gastronomie-le-fait-maison-fait-debat-20250225\" data-fig-type=\"NewsFlash\" data-gtm-custom-categorie=\"navigation\" data-gtm-custom-action=\"crossclick\" data-gtm-custom-label=\"Contextuel\" data-gtm-event=\"customEventSPE\" data-fig-domain=\"LEFIGARO\" rel=\"nofollow noopener\" target=\"_blank\">Lyon\u00a0: dans les restaurants de la capitale de la gastronomie, le \u00abfait maison\u00bb fait d\u00e9bat<br \/>\n    <\/a>\n<\/p>\n<p>Une cagnotte et beaucoup de t\u00e9moignages de soutien<\/p>\n<p class=\"fig-paragraph\">\u00c0 61 ans, Laurent vit mal son redressement. \u00abOn a un peu l\u2019impression d\u2019\u00eatre un voleur quand on vit \u00e7a, alors que je travaille sept jours sur sept que je n\u2019ai pas de patrimoine, pas d\u2019objets de valeur\u00bb. Il attend d\u00e9sormais la d\u00e9cision du tribunal de commerce de Lyon, qui doit \u00eatre rendue ce mardi, et esp\u00e8re un\u00a0<a href=\"https:\/\/video.lefigaro.fr\/figaro\/economie\/la-marque-francaise-de-vetements-ikks-est-placee-en-redressement-judiciaire-20251003\" data-fig-type=\"Video\" data-gtm-custom-categorie=\"navigation\" data-gtm-custom-action=\"crossclick\" data-gtm-custom-label=\"Contextuel\" data-gtm-event=\"customEventSPE\" data-fig-domain=\"LEFIGARO\" rel=\"nofollow noopener\" target=\"_blank\">redressement judiciaire<\/a>\u00a0plut\u00f4t qu\u2019une liquidation\u00a0: \u00abUn redressement sur dix ans serait supportable pour nous\u00bb.<\/p>\n<p class=\"fig-paragraph\"><a href=\"https:\/\/www.leetchi.com\/fr\/c\/sauvetage-du-ptit-zinc-1117391\" target=\"_blank\" rel=\"nofollow noopener\" data-gtm-custom-categorie=\"navigation\" data-gtm-custom-action=\"crossclick\" data-gtm-custom-label=\"Contextuel\" data-gtm-event=\"customEventSPE\">Une cagnotte a \u00e9t\u00e9 lanc\u00e9e mi-septembre<\/a>\u00a0pour lui venir en aide. Et les dons &#8211; plus de 13.500\u20ac ont \u00e9t\u00e9 r\u00e9colt\u00e9s \u00e0 ce jour &#8211; ont afflu\u00e9 aussi rapidement que les t\u00e9moignages de soutiens et les habitu\u00e9s, en souvenir des moments pass\u00e9s au P\u2019tit zinc. \u00abBeaucoup disent que les meilleures soir\u00e9es de leur vie ont eu lieu ici\u00bb, d\u00e9fendent Sandra et Charlotte. Et aux quelques commentaires n\u00e9gatifs re\u00e7us sur les r\u00e9seaux sociaux, ce sont les clients eux-m\u00eames qui se chargent de leur r\u00e9pondre. Laurent est particuli\u00e8rement \u00e9mu quand il doit parler de ces t\u00e9moignages. \u00abUn baume au c\u0153ur\u00bb, qui l\u2019aide \u00e0 retourner derri\u00e8re les fourneaux midi et soir. Avec l\u2019espoir de voir de nouveaux clients passer sa porte pour ajouter un peu d\u2019histoire \u00e0 celle de ce vieux zinc des quais de Sa\u00f4ne.<\/p>\n","protected":false},"excerpt":{"rendered":"V\u00e9ritable institution des quais de Sa\u00f4ne depuis 33 ans, le bar restaurant Au P\u2019tit Zinc est menac\u00e9 de&hellip;\n","protected":false},"author":2,"featured_media":440251,"comment_status":"","ping_status":"","sticky":false,"template":"","format":"standard","meta":{"footnotes":""},"categories":[1889],"tags":[1111,11,2430,9732,1262,44226,1777,674,1011,27,2428,12,25],"class_list":{"0":"post-440250","1":"post","2":"type-post","3":"status-publish","4":"format-standard","5":"has-post-thumbnail","7":"category-lyon","8":"tag-actu","9":"tag-actualites","10":"tag-auvergne-rhone-alpes","11":"tag-bar","12":"tag-cagnotte","13":"tag-controle-fiscal","14":"tag-eu","15":"tag-europe","16":"tag-fr","17":"tag-france","18":"tag-lyon","19":"tag-news","20":"tag-republique-francaise"},"share_on_mastodon":{"url":"https:\/\/pubeurope.com\/@fr\/115320284982186191","error":""},"_links":{"self":[{"href":"https:\/\/www.europesays.com\/fr\/wp-json\/wp\/v2\/posts\/440250","targetHints":{"allow":["GET"]}}],"collection":[{"href":"https:\/\/www.europesays.com\/fr\/wp-json\/wp\/v2\/posts"}],"about":[{"href":"https:\/\/www.europesays.com\/fr\/wp-json\/wp\/v2\/types\/post"}],"author":[{"embeddable":true,"href":"https:\/\/www.europesays.com\/fr\/wp-json\/wp\/v2\/users\/2"}],"replies":[{"embeddable":true,"href":"https:\/\/www.europesays.com\/fr\/wp-json\/wp\/v2\/comments?post=440250"}],"version-history":[{"count":0,"href":"https:\/\/www.europesays.com\/fr\/wp-json\/wp\/v2\/posts\/440250\/revisions"}],"wp:featuredmedia":[{"embeddable":true,"href":"https:\/\/www.europesays.com\/fr\/wp-json\/wp\/v2\/media\/440251"}],"wp:attachment":[{"href":"https:\/\/www.europesays.com\/fr\/wp-json\/wp\/v2\/media?parent=440250"}],"wp:term":[{"taxonomy":"category","embeddable":true,"href":"https:\/\/www.europesays.com\/fr\/wp-json\/wp\/v2\/categories?post=440250"},{"taxonomy":"post_tag","embeddable":true,"href":"https:\/\/www.europesays.com\/fr\/wp-json\/wp\/v2\/tags?post=440250"}],"curies":[{"name":"wp","href":"https:\/\/api.w.org\/{rel}","templated":true}]}}