{"id":440252,"date":"2025-10-05T07:06:13","date_gmt":"2025-10-05T07:06:13","guid":{"rendered":"https:\/\/www.europesays.com\/fr\/440252\/"},"modified":"2025-10-05T07:06:13","modified_gmt":"2025-10-05T07:06:13","slug":"laeroport-lituanien-de-vilnius-brievement-ferme-apres-une-alerte-aux-ballons-suspects","status":"publish","type":"post","link":"https:\/\/www.europesays.com\/fr\/440252\/","title":{"rendered":"L&rsquo;a\u00e9roport lituanien de Vilnius bri\u00e8vement ferm\u00e9 apr\u00e8s une alerte aux \u00ab\u00a0ballons\u00a0\u00bb suspects"},"content":{"rendered":"\n<p class=\"c-chapo \">\n  Cette interruption du trafic a\u00e9rien \u00e0 Vilnius intervient apr\u00e8s un cas similaire en Allemagne, \u00e0 Munich, o\u00f9 l&rsquo;a\u00e9roport a \u00e9t\u00e9 ferm\u00e9 jeudi et vendredi soirs \u00e0 cause d&rsquo;alertes aux drones.\n<\/p>\n<p>      lire plus tard<\/p>\n<p id=\"dialog__title\" class=\"dialog__title\">Pour sauvegarder cet article, connectez-vous ou cr\u00e9ez un compte franceinfo<\/p>\n<p class=\"dialog__description\">Sans paiement. Sans abonnement.<\/p>\n<p>        Fermer la fen\u00eatre d\u2019activation des notifications France Info<\/p>\n<p>      cr\u00e9er votre compte<\/p>\n<p>      se connecter<\/p>\n<p>        Fermer la fen\u00eatre de pr\u00e9sentation<\/p>\n<p>    <img loading=\"lazy\" decoding=\"async\" class=\"signature__image lazyload\" width=\"100\" height=\"100\" data- alt=\"\" src=\"https:\/\/www.europesays.com\/fr\/wp-content\/uploads\/2025\/05\/64a68815cd1a7_placeholder-36b69ec8.png\"\/><\/p>\n<p>    Publi\u00e9 le 05\/10\/2025 08:30<\/p>\n<p>        Temps de lecture : 1min<\/p>\n<p>    <img decoding=\"async\"  alt=\"Un avion sur le tarmac de l'a\u00e9roport de Vilnius, en Lituanie, le 23 mai 2021. (EPA \/ AFP)\" width=\"432\" height=\"243\" src=\"https:\/\/www.europesays.com\/fr\/wp-content\/uploads\/2025\/10\/epalivefive512571-68e20f086870a441905424.jpg\" fetchpriority=\"high\"\/><\/p>\n<p>      Un avion sur le tarmac de l&rsquo;a\u00e9roport de Vilnius, en Lituanie, le 23 mai 2021. (EPA \/ AFP)<\/p>\n<p>L&rsquo;a\u00e9roport de Vilnius, la capitale lituanienne, a bri\u00e8vement ferm\u00e9 dans la nuit du samedi 4 au dimanche 5 octobre, en raison d&rsquo;une alerte concernant des \u00ab\u00a0ballons\u00a0\u00bb suspects. Le site a rouvert a rouvert \u00e0 4h50 locales, une vingtaine de minutes apr\u00e8s l&rsquo;heure pr\u00e9vue initialement.<\/p>\n<p>L&rsquo;a\u00e9roport avait \u00e9t\u00e9 notifi\u00e9 \u00e0 22h16 de la fermeture de son espace a\u00e9rien par l&rsquo;agence de surveillance Oro Navigajica, en raison d&rsquo;une \u00ab\u00a0possible s\u00e9rie de ballons en approche\u00a0\u00bb, avait-il expliqu\u00e9 dans un message sur Facebook. Des avions cens\u00e9s atterrir dans la capitale ont \u00e9t\u00e9 d\u00e9rout\u00e9s vers Kaunas, dans le centre de la Lituationue, vers la Lettonie, la Pologne ou ont fait demi-tour, tandis qu&rsquo;un vol \u00e0 destination d&rsquo;Helsinki a \u00e9t\u00e9 annul\u00e9.<\/p>\n<p>Cette interruption du trafic a\u00e9rien \u00e0 Vilnius intervient apr\u00e8s <a href=\"https:\/\/www.franceinfo.fr\/monde\/europe\/allemagne\/l-aeroport-allemand-de-munich-est-de-nouveau-ferme-apres-le-signalement-de-drones_7530136.html\" rel=\"nofollow noopener\" target=\"_blank\">un cas similaire en Allemagne, \u00e0 Munich<\/a>, o\u00f9 l&rsquo;a\u00e9roport a \u00e9t\u00e9 ferm\u00e9 jeudi et vendredi soirs \u00e0 cause d&rsquo;alertes aux drones, avant de rouvrir samedi matin. Ces incidents se multiplient dans toute l&rsquo;Europe, les membres de l&rsquo;UE soup\u00e7onnant la Russie d&rsquo;\u00eatre \u00e0 l&rsquo;origine de survols de sites sensibles depuis l&rsquo;incursion d&rsquo;au moins 19 drones dans le ciel polonais d\u00e9but septembre.<\/p>\n","protected":false},"excerpt":{"rendered":"Cette interruption du trafic a\u00e9rien \u00e0 Vilnius intervient apr\u00e8s un cas similaire en Allemagne, \u00e0 Munich, o\u00f9 l&rsquo;a\u00e9roport&hellip;\n","protected":false},"author":2,"featured_media":440253,"comment_status":"","ping_status":"","sticky":false,"template":"","format":"standard","meta":{"footnotes":""},"categories":[1888],"tags":[1111,1928,11,1927,1777,674,1011,27,12,1926,626,1925,25],"class_list":{"0":"post-440252","1":"post","2":"type-post","3":"status-publish","4":"format-standard","5":"has-post-thumbnail","7":"category-paris","8":"tag-actu","9":"tag-actu-paris","10":"tag-actualites","11":"tag-actualites-paris","12":"tag-eu","13":"tag-europe","14":"tag-fr","15":"tag-france","16":"tag-news","17":"tag-news-paris","18":"tag-paris","19":"tag-paris-news","20":"tag-republique-francaise"},"share_on_mastodon":{"url":"https:\/\/pubeurope.com\/@fr\/115320297916822828","error":""},"_links":{"self":[{"href":"https:\/\/www.europesays.com\/fr\/wp-json\/wp\/v2\/posts\/440252","targetHints":{"allow":["GET"]}}],"collection":[{"href":"https:\/\/www.europesays.com\/fr\/wp-json\/wp\/v2\/posts"}],"about":[{"href":"https:\/\/www.europesays.com\/fr\/wp-json\/wp\/v2\/types\/post"}],"author":[{"embeddable":true,"href":"https:\/\/www.europesays.com\/fr\/wp-json\/wp\/v2\/users\/2"}],"replies":[{"embeddable":true,"href":"https:\/\/www.europesays.com\/fr\/wp-json\/wp\/v2\/comments?post=440252"}],"version-history":[{"count":0,"href":"https:\/\/www.europesays.com\/fr\/wp-json\/wp\/v2\/posts\/440252\/revisions"}],"wp:featuredmedia":[{"embeddable":true,"href":"https:\/\/www.europesays.com\/fr\/wp-json\/wp\/v2\/media\/440253"}],"wp:attachment":[{"href":"https:\/\/www.europesays.com\/fr\/wp-json\/wp\/v2\/media?parent=440252"}],"wp:term":[{"taxonomy":"category","embeddable":true,"href":"https:\/\/www.europesays.com\/fr\/wp-json\/wp\/v2\/categories?post=440252"},{"taxonomy":"post_tag","embeddable":true,"href":"https:\/\/www.europesays.com\/fr\/wp-json\/wp\/v2\/tags?post=440252"}],"curies":[{"name":"wp","href":"https:\/\/api.w.org\/{rel}","templated":true}]}}