{"id":440257,"date":"2025-10-05T07:09:10","date_gmt":"2025-10-05T07:09:10","guid":{"rendered":"https:\/\/www.europesays.com\/fr\/440257\/"},"modified":"2025-10-05T07:09:10","modified_gmt":"2025-10-05T07:09:10","slug":"a-paris-la-maire-du-8e-assume-ses-35-000-euros-de-frais-de-representation","status":"publish","type":"post","link":"https:\/\/www.europesays.com\/fr\/440257\/","title":{"rendered":"\u00e0 Paris, la maire du 8e assume ses 35.000 euros de frais de repr\u00e9sentation"},"content":{"rendered":"<p>Invit\u00e9e de BFM TV, la maire du VIIIe arrondissement en a profit\u00e9 pour remercier \u00ables concitoyens qui travaillent\u00bb et lui permettent, dit-elle, \u00abd\u2019avoir ces indemnit\u00e9s\u00bb.<\/p>\n<p class=\"fig-paragraph\">\u00abJ\u2019ai pr\u00e9f\u00e9r\u00e9 acheter des fringues pour \u00eatre bien sap\u00e9e.\u00bb Invit\u00e9e de BFM TV le samedi 4 octobre dans la soir\u00e9e,\u00a0<a href=\"https:\/\/www.lefigaro.fr\/politique\/le-scan\/coulisses\/2016\/02\/16\/25006-20160216ARTFIG00173-paris-taxee-d-incompetence-la-maire-lr-du-viiie-ciblee-par-son-propre-camp.php\" data-fig-type=\"Article\" data-gtm-custom-categorie=\"navigation\" data-gtm-custom-action=\"crossclick\" data-gtm-custom-label=\"Contextuel\" data-gtm-event=\"customEventSPE\" data-fig-domain=\"LEFIGARO\" target=\"_blank\" rel=\"noopener\">Jeanne d\u2019Hauteserre<\/a>, 72 ans, maire (LR) du VIIIe arrondissement de Paris, a assum\u00e9 sans d\u00e9tour ses d\u00e9penses de repr\u00e9sentation. Soit plus de 35.000 euros en cinq ans, en grande partie pour des tenues.<\/p>\n<p class=\"fig-paragraph\">\u00abJ\u2019ai cette image de maire toujours bien sap\u00e9e, toujours \u00e9l\u00e9gante. Je suis quand m\u00eame dans le VIIIe arrondissement, donc j\u2019ai pr\u00e9f\u00e9r\u00e9 acheter des v\u00eatements pour \u00eatre bien habill\u00e9e\u00bb, a-t-elle justifi\u00e9 sur\u00a0<a href=\"https:\/\/www.bfmtv.com\/politique\/video-notes-de-frais-jeanne-d-hauteserre-maire-du-8e-arrondissement-de-paris-detaille-ses-depenses_VN-202510040299.html\" target=\"_blank\" rel=\"sponsored noopener\" data-gtm-custom-categorie=\"navigation\" data-gtm-custom-action=\"crossclick\" data-gtm-custom-label=\"Contextuel\" data-gtm-event=\"customEventSPE\">BMT TV<\/a>.<\/p>\n<p>                                    <a class=\"fig-a11y-skip a11y-hidden\" href=\"#fig-a11y-skip-main-inarticle\"><br \/>\n        Passer la publicit\u00e9<br \/>\n    <\/a><\/p>\n<p>Une enveloppe de 990 euros par mois<\/p>\n<p class=\"fig-paragraph\">Chaque maire d\u2019arrondissement dispose d\u2019une enveloppe de 990 euros par mois pour ses frais de repr\u00e9sentation. Libre \u00e0 chacun d\u2019en faire l\u2019usage qu\u2019il souhaite, rappelle l\u2019\u00e9lue LR. Lorsque la journaliste la questionne sur les marques achet\u00e9es &#8211; The Kooples, Maje, Eric Bompard&#8230;- la maire r\u00e9pond\u00a0: \u00abJ\u2019ai choisi d\u2019acheter des produits fran\u00e7ais de bonne qualit\u00e9. La preuve, en 2024, je n\u2019ai pas d\u00e9pens\u00e9 toute mon enveloppe et j\u2019ai m\u00eame rembours\u00e9 la moiti\u00e9 de mes frais\u00bb, a-t-elle pr\u00e9cis\u00e9.<\/p>\n<blockquote class=\"fig-quote&#10;    \">\n<p class=\"fig-quote__text\">Oui, je comprends tout \u00e0 fait qu\u2019une personne qui gagne 1200 euros par mois puisse \u00eatre choqu\u00e9e(&#8230;). Et donc je profite de l\u2019occasion pour remercier tous nos concitoyens et concitoyennes qui travaillent et qui nous permettent d\u2019avoir ces indemnit\u00e9s.<\/p>\n<p>            Jeanne d\u2019Hauteserre, maire du VIIIe arrondissement de Paris, sur BFM\n    <\/p><\/blockquote>\n<p class=\"fig-paragraph\">Interrog\u00e9e sur le caract\u00e8re choquant de ces d\u00e9penses, alors que les Parisiens subissent\u00a0<a href=\"http:\/\/www.lefigaro.fr\/conjoncture\/jusqu-a-800-euros-de-plus-pour-un-70-m2-comment-la-taxe-fonciere-a-augmente-dans-votre-ville-depuis-les-dernieres-municipales-20251004\" data-fig-type=\"Article\" data-gtm-custom-categorie=\"navigation\" data-gtm-custom-action=\"crossclick\" data-gtm-custom-label=\"Contextuel\" data-gtm-event=\"customEventSPE\" data-fig-domain=\"LEFIGARO\" target=\"_blank\" rel=\"noopener\">une forte hausse de la taxe fonci\u00e8re<\/a>, Jeanne d\u2019Hauteserre dit comprendre la r\u00e9action\u00a0: \u00abOui, une personne qui gagne 1200 euros par mois peut \u00eatre choqu\u00e9e que nous, \u00e9lus, disposions de 990 euros de frais de repr\u00e9sentation.\u00bb Avant d\u2019ajouter, sans sourciller\u00a0: \u00abJe profite de l\u2019occasion pour remercier tous nos concitoyens et concitoyennes qui travaillent et qui nous permettent d\u2019avoir ces indemnit\u00e9s.\u00bb<\/p>\n<p class=\"fig-paragraph\">\u00abMalheureusement, nous ne sommes pas les seuls, a-t-elle poursuivi. Il y a les d\u00e9put\u00e9s, les maires&#8230; Aujourd\u2019hui, on demande aux citoyens de faire des efforts. Il faut supprimer tous ces privil\u00e8ges.\u00bb On pourrait lui reprocher d\u2019\u00eatre d\u00e9pensi\u00e8re, mais pas d\u2019\u00eatre franche.<\/p>\n","protected":false},"excerpt":{"rendered":"Invit\u00e9e de BFM TV, la maire du VIIIe arrondissement en a profit\u00e9 pour remercier \u00ables concitoyens qui travaillent\u00bb&hellip;\n","protected":false},"author":2,"featured_media":440258,"comment_status":"","ping_status":"","sticky":false,"template":"","format":"standard","meta":{"footnotes":""},"categories":[1888],"tags":[11,1777,674,1011,27,6793,12,626,25],"class_list":{"0":"post-440257","1":"post","2":"type-post","3":"status-publish","4":"format-standard","5":"has-post-thumbnail","7":"category-paris","8":"tag-actualites","9":"tag-eu","10":"tag-europe","11":"tag-fr","12":"tag-france","13":"tag-maires","14":"tag-news","15":"tag-paris","16":"tag-republique-francaise"},"share_on_mastodon":{"url":"https:\/\/pubeurope.com\/@fr\/115320308606208974","error":""},"_links":{"self":[{"href":"https:\/\/www.europesays.com\/fr\/wp-json\/wp\/v2\/posts\/440257","targetHints":{"allow":["GET"]}}],"collection":[{"href":"https:\/\/www.europesays.com\/fr\/wp-json\/wp\/v2\/posts"}],"about":[{"href":"https:\/\/www.europesays.com\/fr\/wp-json\/wp\/v2\/types\/post"}],"author":[{"embeddable":true,"href":"https:\/\/www.europesays.com\/fr\/wp-json\/wp\/v2\/users\/2"}],"replies":[{"embeddable":true,"href":"https:\/\/www.europesays.com\/fr\/wp-json\/wp\/v2\/comments?post=440257"}],"version-history":[{"count":0,"href":"https:\/\/www.europesays.com\/fr\/wp-json\/wp\/v2\/posts\/440257\/revisions"}],"wp:featuredmedia":[{"embeddable":true,"href":"https:\/\/www.europesays.com\/fr\/wp-json\/wp\/v2\/media\/440258"}],"wp:attachment":[{"href":"https:\/\/www.europesays.com\/fr\/wp-json\/wp\/v2\/media?parent=440257"}],"wp:term":[{"taxonomy":"category","embeddable":true,"href":"https:\/\/www.europesays.com\/fr\/wp-json\/wp\/v2\/categories?post=440257"},{"taxonomy":"post_tag","embeddable":true,"href":"https:\/\/www.europesays.com\/fr\/wp-json\/wp\/v2\/tags?post=440257"}],"curies":[{"name":"wp","href":"https:\/\/api.w.org\/{rel}","templated":true}]}}