{"id":440268,"date":"2025-10-05T07:15:11","date_gmt":"2025-10-05T07:15:11","guid":{"rendered":"https:\/\/www.europesays.com\/fr\/440268\/"},"modified":"2025-10-05T07:15:11","modified_gmt":"2025-10-05T07:15:11","slug":"vu-dailleurs-n169-guerre-des-nerfs-dans-le-ciel-europeen","status":"publish","type":"post","link":"https:\/\/www.europesays.com\/fr\/440268\/","title":{"rendered":"\u00abVu d\u2019Ailleurs\u00bb N\u00b0169 &#8211; Guerre des nerfs dans le ciel europ\u00e9en"},"content":{"rendered":"<p><strong>LETTRE EXCLUSIVE ABONN\u00c9S &#8211;\u00a0<\/strong>La revue de presse europ\u00e9enne, par \u00c9douard de Mareschal.<\/p>\n<p class=\"fig-paragraph\">Chers abonn\u00e9s,<\/p>\n<p class=\"fig-paragraph\">Dans la nuit de vendredi \u00e0 samedi, l\u2019espace a\u00e9rien de Munich a \u00e9t\u00e9 ferm\u00e9 pendant plusieurs heures \u00e0 la suite d\u2019une nouvelle alerte aux drones non identifi\u00e9s. Trafic interrompu, vols d\u00e9rout\u00e9s, passagers install\u00e9s sur des lits de camp&#8230; L\u2019intrusion a provoqu\u00e9 un chaos qui rappelle des \u00e9pisodes similaires au Danemark, en Norv\u00e8ge ou en Pologne. L\u2019Europe est prise dans une guerre des nerfs face \u00e0 un ennemi invisible, m\u00eame si tous les regards se tournent vers la Russie qui nie toute implication la main sur le c\u0153ur. Vladimir Poutine pr\u00e9f\u00e8re en rire, promettant de \u00abne plus survoler le Danemark\u00bb avec ses drones.<\/p>\n<p class=\"fig-paragraph\">Cette s\u00e9rie d\u2019incidents r\u00e9v\u00e8le la r\u00e9elle vuln\u00e9rabilit\u00e9 des infrastructures europ\u00e9ennes face \u00e0 cette nouvelle menace qui vient du ciel. Les Europ\u00e9ens tentent de trouver la parade, d\u2019autant que \u00abnous ne sommes pas \u00e0 l\u2019acm\u00e9 de la crise\u00bb, comme le souligne dans nos colonnes Etienne Marcuz, chercheur associ\u00e9 \u00e0 la Fondation pour la Recherche Strat\u00e9gique (FRS) et sp\u00e9cialiste des armements\u2026<\/p>\n<p class=\"fig-premium-paywall__infos\">\n        Cet article est r\u00e9serv\u00e9 aux abonn\u00e9s.        Il vous reste 84% \u00e0 d\u00e9couvrir.\n    <\/p>\n<p>                <img  data- alt=\"Le Figaro\" class=\"fig-img--complete fig-img\"\/><\/p>\n<p class=\"fig-premium-paywall__title\">Vous avez envie de lire la suite ?<\/p>\n<p class=\"fig-premium-paywall__subtitle\">D\u00e9bloquez tous les articles imm\u00e9diatement.<\/p>\n<p class=\"fig-premium-paywall__connect\">\n                D\u00e9j\u00e0 abonn\u00e9\u00a0?                <a class=\"fig-premium-paywall__connect-link\" href=\"https:\/\/connect.lefigaro.fr\/login?client=horizon_web&amp;type=main&amp;redirect_uri=https%3A%2F%2Fwww.lefigaro.fr%2Finternational%2Fvu-d-ailleurs-n0169-guerre-des-nerfs-dans-le-ciel-europeen-20251005\" data-js-gtm=\"{&quot;customCategorie&quot;: &quot;conversion&quot;, &quot;customAction&quot;: &quot;before_Landing_Connexion_paywall_auto&quot;, &quot;customLabel&quot;: &quot;bGVmaWdhcm8uZnJfXzFmMGEwM2VjLTU3ZGItNjlmMC04OWNhLWU3NTBmNTcyNTczYV9fQXJ0aWNsZQ==_\u00abVu d\u2019Ailleurs\u00bb N\u00b0169 - Guerre des nerfs dans le ciel europ\u00e9en_375&quot;, &quot;customIDSPE&quot;: &quot;bGVmaWdhcm8uZnJfXzFmMGEwM2VjLTU3ZGItNjlmMC04OWNhLWU3NTBmNTcyNTczYV9fQXJ0aWNsZQ==&quot;, &quot;event&quot;: &quot;customEventSPE&quot;}\" rel=\"nofollow noopener\" target=\"_blank\"><br \/>\n                    Connectez-vous<br \/>\n                <\/a>\n            <\/p>\n","protected":false},"excerpt":{"rendered":"LETTRE EXCLUSIVE ABONN\u00c9S &#8211;\u00a0La revue de presse europ\u00e9enne, par \u00c9douard de Mareschal. Chers abonn\u00e9s, Dans la nuit de&hellip;\n","protected":false},"author":2,"featured_media":440269,"comment_status":"","ping_status":"","sticky":false,"template":"","format":"standard","meta":{"footnotes":""},"categories":[1586],"tags":[11,1777,674,1011,27,22398,22397,12,25,13125],"class_list":{"0":"post-440268","1":"post","2":"type-post","3":"status-publish","4":"format-standard","5":"has-post-thumbnail","7":"category-europe","8":"tag-actualites","9":"tag-eu","10":"tag-europe","11":"tag-fr","12":"tag-france","13":"tag-lena","14":"tag-les-lettres-des-journalistes","15":"tag-news","16":"tag-republique-francaise","17":"tag-revue-de-presse"},"share_on_mastodon":{"url":"https:\/\/pubeurope.com\/@fr\/115320332276283893","error":""},"_links":{"self":[{"href":"https:\/\/www.europesays.com\/fr\/wp-json\/wp\/v2\/posts\/440268","targetHints":{"allow":["GET"]}}],"collection":[{"href":"https:\/\/www.europesays.com\/fr\/wp-json\/wp\/v2\/posts"}],"about":[{"href":"https:\/\/www.europesays.com\/fr\/wp-json\/wp\/v2\/types\/post"}],"author":[{"embeddable":true,"href":"https:\/\/www.europesays.com\/fr\/wp-json\/wp\/v2\/users\/2"}],"replies":[{"embeddable":true,"href":"https:\/\/www.europesays.com\/fr\/wp-json\/wp\/v2\/comments?post=440268"}],"version-history":[{"count":0,"href":"https:\/\/www.europesays.com\/fr\/wp-json\/wp\/v2\/posts\/440268\/revisions"}],"wp:featuredmedia":[{"embeddable":true,"href":"https:\/\/www.europesays.com\/fr\/wp-json\/wp\/v2\/media\/440269"}],"wp:attachment":[{"href":"https:\/\/www.europesays.com\/fr\/wp-json\/wp\/v2\/media?parent=440268"}],"wp:term":[{"taxonomy":"category","embeddable":true,"href":"https:\/\/www.europesays.com\/fr\/wp-json\/wp\/v2\/categories?post=440268"},{"taxonomy":"post_tag","embeddable":true,"href":"https:\/\/www.europesays.com\/fr\/wp-json\/wp\/v2\/tags?post=440268"}],"curies":[{"name":"wp","href":"https:\/\/api.w.org\/{rel}","templated":true}]}}