{"id":440272,"date":"2025-10-05T07:17:12","date_gmt":"2025-10-05T07:17:12","guid":{"rendered":"https:\/\/www.europesays.com\/fr\/440272\/"},"modified":"2025-10-05T07:17:12","modified_gmt":"2025-10-05T07:17:12","slug":"la-pdg-de-radio-france-tres-remontee-contre-le-discours-des-medias-bollore","status":"publish","type":"post","link":"https:\/\/www.europesays.com\/fr\/440272\/","title":{"rendered":"La PDG de Radio France tr\u00e8s remont\u00e9e contre le discours des m\u00e9dias Bollor\u00e9"},"content":{"rendered":"<p>Le discours tenu par les m\u00e9dias de la galaxie Bollor\u00e9 inqui\u00e8te Sibyle Veil. Dans une interview \u00e0 <a href=\"https:\/\/www.latribune.fr\/article\/la-tribune-dimanche\/culture-lifestyle\/cinema-ecrans\/94723138406802\/sibyle-veil-pdg-de-radio-france-ces-attaques-de-concurrents-sont-tout-sauf-desinteressees\" target=\"_blank\" class=\"c-link c-link--is-underlined\" rel=\"noopener\">La Tribune Dimanche<\/a>, la <a href=\"https:\/\/www.20minutes.fr\/medias\/4015589-20221220-radio-france-sibyle-veil-reconduite-cinq-ans-presidente-groupe-public\" target=\"_blank\" class=\"c-link c-link--is-underlined\" rel=\"noopener\">PDG de Radio France Sibyle Veil<\/a> d\u00e9nonce ainsi le \u00ab\u00a0d\u00e9nigrement permanent\u00a0\u00bb dont fait l\u2019objet l\u2019audiovisuel public de la part de ces m\u00e9dias.<\/p>\n<p>\u00ab\u00a0Nous ne pouvons pas accepter ce d\u00e9nigrement permanent et, plus fondamentalement, on ne doit pas importer en France la violence et la polarisation <a href=\"https:\/\/www.20minutes.fr\/arts-stars\/people\/4174078-20250919-barack-obama-denonce-derive-dangereuse-administration-trump-apres-eviction-jimmy-kimmel\" target=\"_blank\" class=\"c-link c-link--is-underlined\" rel=\"noopener\">qu\u2019on a vues na\u00eetre aux \u00c9tats-Unis<\/a>\u00a0\u00bb, d\u00e9plore la pr\u00e9sidente de Radio France, dont le groupe a \u00e9t\u00e9 secou\u00e9 par <a href=\"https:\/\/www.20minutes.fr\/arts-stars\/medias\/4172821-20250912-affaire-legrand-cohen-patrick-cohen-faute-selon-comite-ethique-france-televisions\" target=\"_blank\" class=\"c-link c-link--is-underlined\" rel=\"noopener\">l\u2019affaire Legrand-Cohen<\/a>. \u00ab\u00a0La semaine o\u00f9 le pays changeait de Premier ministre, au c\u0153ur de manifestations sociales et d\u2019instabilit\u00e9s internationales, CNews a r\u00e9ussi \u00e0 consacrer jusqu\u2019\u00e0 80\u00a0% de son temps d\u2019antenne \u00e0 nous matraquer\u00a0\u00bb, souligne-t-elle.<\/p>\n<p>Des attaques \u00ab\u00a0tout sauf d\u00e9sint\u00e9ress\u00e9es et impartiales\u00a0\u00bb<\/p>\n<p>La diffusion d\u2019une vid\u00e9o d\u00e9but septembre par le m\u00e9dia conservateur L\u2019Incorrect a d\u00e9clench\u00e9 une vive pol\u00e9mique politico-m\u00e9diatique et un affrontement in\u00e9dit entre les m\u00e9dias priv\u00e9s dans le giron du milliardaire Vincent Bollor\u00e9 et l\u2019audiovisuel public. On y voit les journalistes Thomas Legrand et Patrick Cohen, collaborateurs r\u00e9guliers de France Inter et France 5, \u00e9changer avec des responsables du PS, suscitant des accusations de connivence, que les deux int\u00e9ress\u00e9s ont contest\u00e9es.<\/p>\n<\/p>\n<p>\u00ab\u00a0Je n\u2019ai jamais formul\u00e9 d\u2019attaques, mais il est normal de d\u00e9fendre un service public de la nation quand des campagnes virulentes sont men\u00e9es contre lui\u00a0\u00bb, insiste Sibyle Veil. \u00ab\u00a0Ces attaques de concurrents sont tout sauf d\u00e9sint\u00e9ress\u00e9es et impartiales. Leur objectif est de d\u00e9l\u00e9gitimer l\u2019audiovisuel public et d\u2019obtenir sa destruction.\u00a0\u00bb<\/p>\n<p>Bras de fer sur l\u2019existence d\u2019un audiovisuel public<\/p>\n<p>En revanche, elle se refuse \u00e0 qualifier CNews de cha\u00eene d\u2019extr\u00eame droite comme l\u2019a fait la pr\u00e9sidente de France T\u00e9l\u00e9visions Delphine Ernotte Cunci.<\/p>\n<p><a href=\"https:\/\/www.20minutes.fr\/dossier\/vincent_bollore\" target=\"_blank\" class=\"c-link c-btn c-btn--primary\" rel=\"noopener\">Notre dossier sur Vincent Bollor\u00e9<\/a><\/p>\n<p>La patronne du groupe public d\u00e9fend \u00e9galement l\u2019existence d\u2019un audiovisuel public fort, alors que des responsables \u00e0 droite et \u00e0 l\u2019extr\u00eame droite appellent \u00e0 sa privatisation\u00a0: \u00ab\u00a0que veut-on pour notre pays, avoir des m\u00e9dias souverains et solides qui informent de mani\u00e8re fiable ou bien uniquement des m\u00e9dias d\u2019opinion et des r\u00e9seaux sociaux qui vampirisent le d\u00e9bat\u00a0?\u00a0\u00bb. Et concernant le travail sur l\u2019impartialit\u00e9 du service public lanc\u00e9 par l\u2019Arcom, le r\u00e9gulateur de l\u2019audiovisuel, Sibyle Veil qui doit \u00eatre entendue par le S\u00e9nat mercredi, se dit \u00ab\u00a0tr\u00e8s sereine\u00a0\u00bb.<\/p>\n","protected":false},"excerpt":{"rendered":"Le discours tenu par les m\u00e9dias de la galaxie Bollor\u00e9 inqui\u00e8te Sibyle Veil. Dans une interview \u00e0 La&hellip;\n","protected":false},"author":2,"featured_media":440273,"comment_status":"","ping_status":"","sticky":false,"template":"","format":"standard","meta":{"footnotes":""},"categories":[2],"tags":[11,46891,6586,9722,58,1011,27,500,12,316,10316,25,133,1022],"class_list":{"0":"post-440272","1":"post","2":"type-post","3":"status-publish","4":"format-standard","5":"has-post-thumbnail","7":"category-actualites","8":"tag-actualites","9":"tag-arcom-ex-csa","10":"tag-audiovisuel-public","11":"tag-cnews","12":"tag-divertissement","13":"tag-fr","14":"tag-france","15":"tag-medias","16":"tag-news","17":"tag-politique","18":"tag-radio-france","19":"tag-republique-francaise","20":"tag-video","21":"tag-vincent-bollore"},"share_on_mastodon":{"url":"https:\/\/pubeurope.com\/@fr\/115320340041755201","error":""},"_links":{"self":[{"href":"https:\/\/www.europesays.com\/fr\/wp-json\/wp\/v2\/posts\/440272","targetHints":{"allow":["GET"]}}],"collection":[{"href":"https:\/\/www.europesays.com\/fr\/wp-json\/wp\/v2\/posts"}],"about":[{"href":"https:\/\/www.europesays.com\/fr\/wp-json\/wp\/v2\/types\/post"}],"author":[{"embeddable":true,"href":"https:\/\/www.europesays.com\/fr\/wp-json\/wp\/v2\/users\/2"}],"replies":[{"embeddable":true,"href":"https:\/\/www.europesays.com\/fr\/wp-json\/wp\/v2\/comments?post=440272"}],"version-history":[{"count":0,"href":"https:\/\/www.europesays.com\/fr\/wp-json\/wp\/v2\/posts\/440272\/revisions"}],"wp:featuredmedia":[{"embeddable":true,"href":"https:\/\/www.europesays.com\/fr\/wp-json\/wp\/v2\/media\/440273"}],"wp:attachment":[{"href":"https:\/\/www.europesays.com\/fr\/wp-json\/wp\/v2\/media?parent=440272"}],"wp:term":[{"taxonomy":"category","embeddable":true,"href":"https:\/\/www.europesays.com\/fr\/wp-json\/wp\/v2\/categories?post=440272"},{"taxonomy":"post_tag","embeddable":true,"href":"https:\/\/www.europesays.com\/fr\/wp-json\/wp\/v2\/tags?post=440272"}],"curies":[{"name":"wp","href":"https:\/\/api.w.org\/{rel}","templated":true}]}}