{"id":440276,"date":"2025-10-05T07:19:09","date_gmt":"2025-10-05T07:19:09","guid":{"rendered":"https:\/\/www.europesays.com\/fr\/440276\/"},"modified":"2025-10-05T07:19:09","modified_gmt":"2025-10-05T07:19:09","slug":"une-journee-portes-ouvertes-de-la-maison-france-service-de-brou","status":"publish","type":"post","link":"https:\/\/www.europesays.com\/fr\/440276\/","title":{"rendered":"une journ\u00e9e portes ouvertes de la Maison France Service de Brou"},"content":{"rendered":"<p>            Par<br \/>\n        <strong><br \/>\n            <a href=\"https:\/\/actu.fr\/auteur\/mathis-launay\" title=\"Consulter tous les articles de Mathis Launay\" target=\"_blank\" rel=\"noopener\">Mathis Launay<\/a><br \/>\n        <\/strong><\/p>\n<p>        Publi\u00e9 le<\/p>\n<p>            5 oct. 2025 \u00e0 9h08        <\/p>\n<p data-end=\"338\">Depuis le 1er septembre 2025, la Maison France Services de <a href=\"https:\/\/actu.fr\/centre-val-de-loire\/brou_28061\" target=\"_blank\" rel=\"noopener\">Brou<\/a> (Eure-et-Loir) a <a href=\"https:\/\/actu.fr\/centre-val-de-loire\/brou_28061\/france-services-elargit-ses-horaires-et-ouvre-un-nouveau-service-a-brou_63115423.html\" target=\"_blank\" rel=\"noopener\">\u00e9largi ses horaires<\/a> d\u2019accueil et propose d\u00e9sormais un nouveau service \u00e0 destination des jeunes.<\/p>\n<p data-end=\"338\" class=\" wall-content\">Afin de renforcer la visibilit\u00e9 de son offre et aller \u00e0 la rencontre des habitants, l\u2019\u00e9quipe organise une <b>matin\u00e9e portes ouvertes<\/b>, mercredi 8 octobre 2025, de 9\u2009h \u00e0 12\u2009h, dans le Passage au Fil de l\u2019eau. Un temps \u00e0 la fois convivial et informatif<\/p>\n<p>La Maison France Service accompagne dans les d\u00e9marches du quotidien<\/p>\n<p data-end=\"960\" class=\" wall-content\">Situ\u00e9e le long de la rue de la Chevalerie, la Maison France Services accompagne les usagers dans un large \u00e9ventail de <b>d\u00e9marches administratives<\/b>\u2009: fiscalit\u00e9, sant\u00e9, emploi, retraite, famille, et bien d\u2019autres encore.<\/p>\n<p data-end=\"960\" class=\" wall-content\">Et sur place, les conseillers accueillent, orientent et guident chacun selon ses besoins. Le jour J, plus d\u2019une <b>vingtaine de partenaires<\/b> nationaux et locaux seront pr\u00e9sents tout au long de la matin\u00e9e.<\/p>\n<p>Une journ\u00e9e de rencontre pour cr\u00e9er du lien<\/p>\n<p data-end=\"1367\" class=\" wall-content\">\u00c0 travers des stands, un truck, et des rendez-vous individuels, ils vont pr\u00e9senter leurs missions et <b>r\u00e9pondront aux questions<\/b> des visiteurs. Un panorama complet des actions men\u00e9es.<\/p>\n<p>Vid\u00e9os : en ce moment sur Actu<\/p>\n<p data-end=\"1367\" class=\" wall-content\">\u00ab\u2009C\u2019est aussi l\u2019occasion pour les partenaires de se rencontrer et cr\u00e9er du lien\u2009\u00bb, glisse Aur\u00e9lie Renou, adjointe d\u00e9l\u00e9gu\u00e9e \u00e0 la Maison France Service<\/p>\n<p data-end=\"1586\" class=\" wall-content\">Cette matin\u00e9e s\u2019inscrit \u00ab\u2009dans une d\u00e9marche \u2018d\u2019aller-vers\u2019 les usagers et de recherche continue d\u2019am\u00e9lioration de la qualit\u00e9 de service\u2009\u00bb, explique la municipalit\u00e9.<\/p>\n<p>Votre r\u00e9gion, votre actu !<\/p>\n<p>Recevez chaque jour les infos qui comptent pour vous.<\/p>\n<p>\t<a href=\"https:\/\/actu.fr\/newsletter\" class=\"ac-btn ac-btn--corner ac-btn--medium ac-btn--blue800\" target=\"_blank\" rel=\"noopener\">S&rsquo;incrire<\/a><\/p>\n<p>Pratique\u2009: portes ouvertes de la Maison France Services, le 8\u00a0octobre, de 9\u2009h \u00e0 12\u2009h, 20 rue de la Chevalerie, \u00e0 Brou. Contact\u2009: 02.37.47.87.90.<\/p>\n<p class=\" wall-content\">Personnalisez votre actualit\u00e9 en ajoutant vos villes et m\u00e9dias en favori avec <a href=\"https:\/\/moncompte.actu.fr\" title=\"D\u00e9couvez Mon Actu\" rel=\"nofollow noopener\" data-trk=\"{&quot;cta&quot;:{&quot;action&quot;:&quot;https:\\\/\\\/moncompte.actu.fr&quot;,&quot;category&quot;:&quot;mon compte&quot;,&quot;from&quot;:&quot;article footer&quot;,&quot;name&quot;:&quot;Mon actu&quot;,&quot;type&quot;:&quot;cta&quot;}}\" target=\"_blank\">Mon Actu<\/a>.<\/p>\n","protected":false},"excerpt":{"rendered":"Par Mathis Launay Publi\u00e9 le 5 oct. 2025 \u00e0 9h08 Depuis le 1er septembre 2025, la Maison France&hellip;\n","protected":false},"author":2,"featured_media":440277,"comment_status":"","ping_status":"","sticky":false,"template":"","format":"standard","meta":{"footnotes":""},"categories":[4],"tags":[11,341,3696,1011,27,12,25,137,71],"class_list":{"0":"post-440276","1":"post","2":"type-post","3":"status-publish","4":"format-standard","5":"has-post-thumbnail","7":"category-france","8":"tag-actualites","9":"tag-emploi","10":"tag-evenements","11":"tag-fr","12":"tag-france","13":"tag-news","14":"tag-republique-francaise","15":"tag-retraite","16":"tag-sante"},"share_on_mastodon":{"url":"https:\/\/pubeurope.com\/@fr\/115320347888244786","error":""},"_links":{"self":[{"href":"https:\/\/www.europesays.com\/fr\/wp-json\/wp\/v2\/posts\/440276","targetHints":{"allow":["GET"]}}],"collection":[{"href":"https:\/\/www.europesays.com\/fr\/wp-json\/wp\/v2\/posts"}],"about":[{"href":"https:\/\/www.europesays.com\/fr\/wp-json\/wp\/v2\/types\/post"}],"author":[{"embeddable":true,"href":"https:\/\/www.europesays.com\/fr\/wp-json\/wp\/v2\/users\/2"}],"replies":[{"embeddable":true,"href":"https:\/\/www.europesays.com\/fr\/wp-json\/wp\/v2\/comments?post=440276"}],"version-history":[{"count":0,"href":"https:\/\/www.europesays.com\/fr\/wp-json\/wp\/v2\/posts\/440276\/revisions"}],"wp:featuredmedia":[{"embeddable":true,"href":"https:\/\/www.europesays.com\/fr\/wp-json\/wp\/v2\/media\/440277"}],"wp:attachment":[{"href":"https:\/\/www.europesays.com\/fr\/wp-json\/wp\/v2\/media?parent=440276"}],"wp:term":[{"taxonomy":"category","embeddable":true,"href":"https:\/\/www.europesays.com\/fr\/wp-json\/wp\/v2\/categories?post=440276"},{"taxonomy":"post_tag","embeddable":true,"href":"https:\/\/www.europesays.com\/fr\/wp-json\/wp\/v2\/tags?post=440276"}],"curies":[{"name":"wp","href":"https:\/\/api.w.org\/{rel}","templated":true}]}}