{"id":440278,"date":"2025-10-05T07:22:14","date_gmt":"2025-10-05T07:22:14","guid":{"rendered":"https:\/\/www.europesays.com\/fr\/440278\/"},"modified":"2025-10-05T07:22:14","modified_gmt":"2025-10-05T07:22:14","slug":"super-xiii-christopher-hellec-le-choix-de-limoux-sest-fait-assez-vite-rugby-a-xiii","status":"publish","type":"post","link":"https:\/\/www.europesays.com\/fr\/440278\/","title":{"rendered":"Super XIII &#8211; Christopher Hellec : \u00ab\u00a0Le choix de Limoux s\u2019est fait assez vite\u00a0\u00bb &#8211; Rugby \u00e0 XIII"},"content":{"rendered":"<p style=\"text-align: justify;\"><strong>Christopher Hellec, nouvelle recrue du XIII Limouxin, revient sur son passage en Angleterre et \u00e9voque ses ambitions pour cette saison.<\/strong><\/p>\n<p style=\"text-align: justify;\"><strong>Que retiens-tu de ton passage \u00e0 Londres ?<\/strong><\/p>\n<p style=\"text-align: justify;\">Honn\u00eatement, une exp\u00e9rience incroyable, sur tous les aspects : la vie de tous les jours, le rugby, la pr\u00e9paration des matchs\u2026 J\u2019ai pu vivre quelque chose de diff\u00e9rent et c\u2019\u00e9tait g\u00e9nial.<\/p>\n<p style=\"text-align: justify;\"><strong>Quelles diff\u00e9rences vois-tu entre le Championship et le Super XIII ?<\/strong><\/p>\n<p style=\"text-align: justify;\">Globalement, je dirais que c\u2019est le rythme la principale diff\u00e9rence, ainsi que les blocs du milieu qui cognent vraiment tr\u00e8s fort.<\/p>\n<p style=\"text-align: justify;\"><strong>Pourquoi revenir en France, et au XIII Limouxin plus particuli\u00e8rement ?<\/strong><\/p>\n<p style=\"text-align: justify;\">J\u2019avais pr\u00e9vu d\u00e8s le d\u00e9part de ne faire qu\u2019une saison en Angleterre. Je r\u00eavais de vivre une telle opportunit\u00e9, mais ma vie est en France. Ma femme n\u2019a pas pu venir avec moi \u00e0 cause de son m\u00e9tier, et maintenant, \u00e0 30 ans, mes priorit\u00e9s sont diff\u00e9rentes. Le choix de Limoux s\u2019est fait assez vite : Maxime Gr\u00e9s\u00e8que m\u2019a contact\u00e9, on a \u00e9chang\u00e9, et en quelques jours, j\u2019\u00e9tais Limouxin.<\/p>\n<p style=\"text-align: justify;\"><strong>As-tu eu d\u2019autres propositions en France ou en Angleterre ?<\/strong><\/p>\n<p style=\"text-align: justify;\">En Angleterre, quelques clubs ont pris des renseignements, mais j\u2019avais d\u00e9j\u00e0 dit que je rentrerais en France, donc rien de vraiment concret. En France, j\u2019ai \u00e9chang\u00e9 avec plusieurs clubs \u00e0 diff\u00e9rents moments de l\u2019intersaison, sans que cela se concr\u00e9tise.<\/p>\n<p style=\"text-align: justify;\"><strong>Quels sont tes objectifs pour la saison \u00e0 venir ?<\/strong><\/p>\n<p style=\"text-align: justify;\">Mes objectifs sont d\u2019apporter ma pierre \u00e0 l\u2019\u00e9difice dans cette \u00e9quipe, qui reste sur un titre et deux demi-finales lors des trois derni\u00e8res saisons en championnat. Collectivement, l\u2019objectif est clair : jouer les premiers r\u00f4les dans ce championnat toujours plus relev\u00e9.<\/p>\n","protected":false},"excerpt":{"rendered":"Christopher Hellec, nouvelle recrue du XIII Limouxin, revient sur son passage en Angleterre et \u00e9voque ses ambitions pour&hellip;\n","protected":false},"author":2,"featured_media":440279,"comment_status":"","ping_status":"","sticky":false,"template":"","format":"standard","meta":{"footnotes":""},"categories":[1416],"tags":[56716,1011,27,14147,479,2228,1468,2229,60,2231],"class_list":{"0":"post-440278","1":"post","2":"type-post","3":"status-publish","4":"format-standard","5":"has-post-thumbnail","7":"category-rugby","8":"tag-christopher-hellec","9":"tag-fr","10":"tag-france","11":"tag-limoux","12":"tag-rugby","13":"tag-rugby-a-xiii","14":"tag-rugby-football","15":"tag-rugby-league","16":"tag-sports","17":"tag-super-xiii"},"share_on_mastodon":{"url":"https:\/\/pubeurope.com\/@fr\/115320359716551223","error":""},"_links":{"self":[{"href":"https:\/\/www.europesays.com\/fr\/wp-json\/wp\/v2\/posts\/440278","targetHints":{"allow":["GET"]}}],"collection":[{"href":"https:\/\/www.europesays.com\/fr\/wp-json\/wp\/v2\/posts"}],"about":[{"href":"https:\/\/www.europesays.com\/fr\/wp-json\/wp\/v2\/types\/post"}],"author":[{"embeddable":true,"href":"https:\/\/www.europesays.com\/fr\/wp-json\/wp\/v2\/users\/2"}],"replies":[{"embeddable":true,"href":"https:\/\/www.europesays.com\/fr\/wp-json\/wp\/v2\/comments?post=440278"}],"version-history":[{"count":0,"href":"https:\/\/www.europesays.com\/fr\/wp-json\/wp\/v2\/posts\/440278\/revisions"}],"wp:featuredmedia":[{"embeddable":true,"href":"https:\/\/www.europesays.com\/fr\/wp-json\/wp\/v2\/media\/440279"}],"wp:attachment":[{"href":"https:\/\/www.europesays.com\/fr\/wp-json\/wp\/v2\/media?parent=440278"}],"wp:term":[{"taxonomy":"category","embeddable":true,"href":"https:\/\/www.europesays.com\/fr\/wp-json\/wp\/v2\/categories?post=440278"},{"taxonomy":"post_tag","embeddable":true,"href":"https:\/\/www.europesays.com\/fr\/wp-json\/wp\/v2\/tags?post=440278"}],"curies":[{"name":"wp","href":"https:\/\/api.w.org\/{rel}","templated":true}]}}