{"id":440280,"date":"2025-10-05T07:25:11","date_gmt":"2025-10-05T07:25:11","guid":{"rendered":"https:\/\/www.europesays.com\/fr\/440280\/"},"modified":"2025-10-05T07:25:11","modified_gmt":"2025-10-05T07:25:11","slug":"moto2-gp-dindonesie-barry-baltus-se-classe-5e-en-indonesie-apres-une-belle-remontee","status":"publish","type":"post","link":"https:\/\/www.europesays.com\/fr\/440280\/","title":{"rendered":"Moto2 &#8211; GP d&rsquo;Indon\u00e9sie &#8211; Barry Baltus se classe 5e en Indon\u00e9sie apr\u00e8s une belle remont\u00e9e"},"content":{"rendered":"<p class=\"ap-StoryElement ap-StoryElement--mb ap-StoryText\">Dans les rangs de l&rsquo;\u00e9quipe belge Elf Marc VDS Racing, le Britannique Jake Dixon a termin\u00e9 \u00e0 la 10e place, et le Tch\u00e8que Filip Salac a \u00e9t\u00e9 contraint \u00e0 l&rsquo;abandon.<\/p>\n<p class=\"ap-StoryElement ap-StoryElement--mb ap-StoryText\">Au classement du championnat du monde, Baltus ne fait pas de bonne op\u00e9ration alors qu&rsquo;il reste 4 manches \u00e0 disputer. Seul membre du top 7 sans victoire cette saison, le Namurois demeure \u00e0 la 4e place, tandis que le podium l&rsquo;a pr\u00e9c\u00e9d\u00e9 en Indon\u00e9sie. Gonzalez est en t\u00eate avec 258 points, devant Moreira qui en compte 229. Canet est 3e avec 202 unit\u00e9s, devant Baltus et ses 193 points. Dixon est provisoirement 5e (178 points).<\/p>\n<p class=\"ap-StoryElement ap-StoryElement--mb ap-StoryText\">La 19e des 22 manches du championnat du monde Moto2 2025 se tiendra sur le circuit de Phillip Island dans le cadre du Grand Prix d&rsquo;Australie, le week-end du 19 octobre.<\/p>\n","protected":false},"excerpt":{"rendered":"Dans les rangs de l&rsquo;\u00e9quipe belge Elf Marc VDS Racing, le Britannique Jake Dixon a termin\u00e9 \u00e0 la&hellip;\n","protected":false},"author":2,"featured_media":2837,"comment_status":"","ping_status":"","sticky":false,"template":"","format":"standard","meta":{"footnotes":""},"categories":[1413],"tags":[1011,27,1457,1456,35295,1458,60],"class_list":{"0":"post-440280","1":"post","2":"type-post","3":"status-publish","4":"format-standard","5":"has-post-thumbnail","7":"category-moto","8":"tag-fr","9":"tag-france","10":"tag-moto","11":"tag-motocycle","12":"tag-motocyclisme","13":"tag-motogp","14":"tag-sports"},"share_on_mastodon":{"url":"https:\/\/pubeurope.com\/@fr\/115320371633575649","error":""},"_links":{"self":[{"href":"https:\/\/www.europesays.com\/fr\/wp-json\/wp\/v2\/posts\/440280","targetHints":{"allow":["GET"]}}],"collection":[{"href":"https:\/\/www.europesays.com\/fr\/wp-json\/wp\/v2\/posts"}],"about":[{"href":"https:\/\/www.europesays.com\/fr\/wp-json\/wp\/v2\/types\/post"}],"author":[{"embeddable":true,"href":"https:\/\/www.europesays.com\/fr\/wp-json\/wp\/v2\/users\/2"}],"replies":[{"embeddable":true,"href":"https:\/\/www.europesays.com\/fr\/wp-json\/wp\/v2\/comments?post=440280"}],"version-history":[{"count":0,"href":"https:\/\/www.europesays.com\/fr\/wp-json\/wp\/v2\/posts\/440280\/revisions"}],"wp:featuredmedia":[{"embeddable":true,"href":"https:\/\/www.europesays.com\/fr\/wp-json\/wp\/v2\/media\/2837"}],"wp:attachment":[{"href":"https:\/\/www.europesays.com\/fr\/wp-json\/wp\/v2\/media?parent=440280"}],"wp:term":[{"taxonomy":"category","embeddable":true,"href":"https:\/\/www.europesays.com\/fr\/wp-json\/wp\/v2\/categories?post=440280"},{"taxonomy":"post_tag","embeddable":true,"href":"https:\/\/www.europesays.com\/fr\/wp-json\/wp\/v2\/tags?post=440280"}],"curies":[{"name":"wp","href":"https:\/\/api.w.org\/{rel}","templated":true}]}}