{"id":440283,"date":"2025-10-05T07:27:39","date_gmt":"2025-10-05T07:27:39","guid":{"rendered":"https:\/\/www.europesays.com\/fr\/440283\/"},"modified":"2025-10-05T07:27:39","modified_gmt":"2025-10-05T07:27:39","slug":"cyclisme-championnats-du-monde-juan-ayuso-jai-un-sentiment-un-peu-amer","status":"publish","type":"post","link":"https:\/\/www.europesays.com\/fr\/440283\/","title":{"rendered":"Cyclisme. Championnats du Monde &#8211; Juan Ayuso : \u00abJ&rsquo;ai un sentiment un peu amer&#8230;\u00bb"},"content":{"rendered":"<p>Ce dimanche avait lieu l&rsquo;\u00e9preuve en ligne des <strong><a href=\"https:\/\/www.cyclismactu.net\/..\/news-cyclisme-route-championnats-du-monde-nouvelle-demonstration-de-tadej-pogacar-kigali-90352.html\" target=\"_blank\" rel=\"noopener\">Championnats du Monde<\/a><\/strong> \u00e0 Kigali, une course qui r\u00e9unissait pour l&rsquo;une des derni\u00e8res fois la quasi-totalit\u00e9 des meilleurs coureurs au monde. Si <strong>Tadej Pogacar<\/strong> a r\u00e9gn\u00e9 sur l&rsquo;\u00e9preuve comme en 2024, avec un num\u00e9ro solitaire de plus de 160 kilom\u00e8tres, <strong>Juan Ayuso<\/strong> a d&rsquo;abord \u00e9t\u00e9 un des acteurs principaux de la course dans les deux premiers tiers, avant de peu \u00e0 peu rentrer dans le rang et de terminer tout de m\u00eame \u00e0 une belle 8e place. Il a \u00e9t\u00e9 le seul avec <strong>Isaac Del Toro<\/strong> \u00e0 suivre la premi\u00e8re attaque de son co\u00e9quipier et futur vainqueur <strong>Tadej Pogacar<\/strong> \u00e0 plus de 100 kilom\u00e8tres de l&rsquo;arriv\u00e9e. S&rsquo;il n&rsquo;a pas r\u00e9ussi \u00e0 rester dans ce groupe 100% UAE, le futur membre de la <strong>Lidl-Trek<\/strong> a malgr\u00e9 tout r\u00e9alis\u00e9 une belle performance et pris rendez-vous pour les \u00e9ditions futures.<\/p>\n<p>Vid\u00e9o &#8211; Tadej Pogacar \u00e9tait trop fort ce dimanche \u00e0 Kigali Lire la suite de l&rsquo;article&#13;<\/p>\n<p>\u00a0<\/p>\n<p>&#13;<br \/>\n\u00ab\u00a0Le Tour des Flandres, si je le dispute un jour, \u00e7a sera compliqu\u00e9 pour moi\u00a0\u00bb&#13;<\/p>\n<p>Apr\u00e8s l&rsquo;arriv\u00e9e, l&rsquo;Espagnol de 23 ans est revenu sur cette journ\u00e9e \u00e9puisante : \u00ab\u00a0Collectivement, on a tr\u00e8s bien couru. J\u2019ai \u00e9t\u00e9 prot\u00e9g\u00e9 toute la journ\u00e9e, surtout gr\u00e2ce \u00e0 Iv\u00e1n Romeo et Abel (Balderstone) qui m\u2019ont super bien \u00e9paul\u00e9 avant d\u2019aborder la grande ascension. Dans la mont\u00e9e, je me sentais bien. Ce type d\u2019effort long et r\u00e9gulier, c\u2019est davantage mon profil, et j\u2019ai r\u00e9ussi \u00e0 rester avec Tadej en me sentant plut\u00f4t \u00e0 l\u2019aise. Quand on a bascul\u00e9 dans la descente, en arrivant sur la petite c\u00f4te pav\u00e9e, je suis rest\u00e9 un peu trop en retrait. C&rsquo;\u00e9tait tr\u00e8s dur, les pav\u00e9s ne m\u2019ont vraiment pas r\u00e9ussi aujourd\u2019hui, j\u2019ai beaucoup souffert. Je pense que le Tour des Flandres, si un jour je le dispute, sera compliqu\u00e9 pour moi\u00a0\u00bb.<\/p>\n<p>&#13;<\/p>\n<p>Il poursuit : \u00ab\u00a0Quand j\u2019ai \u00e9t\u00e9 l\u00e2ch\u00e9 dans ce petit raidard, j\u2019ai pris la bonne d\u00e9cision en attendant le groupe derri\u00e8re, parce qu&rsquo;en restant intercal\u00e9 au milieu et tout seul, je n\u2019allais nulle part. J&rsquo;ai un sentiment un peu amer, parce que lorsque les m\u00e9dailles se sont jou\u00e9es, j\u2019\u00e9tais mal plac\u00e9, un peu trop derri\u00e8re, au pied des pav\u00e9s. C&rsquo;est s\u00fbr que \u00e7a fait un peu mal, parce que je pense que j\u2019aurais peut-\u00eatre pu en faire partie si j\u2019avais \u00e9t\u00e9 mieux plac\u00e9, mais c\u2019est comme \u00e7a. Vu les circonstances, j\u2019ai tout donn\u00e9, et je repars quand m\u00eame assez satisfait\u00a0\u00bb, conclut-il.<\/p>\n<p>Championnats du monde &#8211; CLM Elite Hommes &#8211; Classement g\u00e9n\u00e9ral<\/p>\n","protected":false},"excerpt":{"rendered":"Ce dimanche avait lieu l&rsquo;\u00e9preuve en ligne des Championnats du Monde \u00e0 Kigali, une course qui r\u00e9unissait pour&hellip;\n","protected":false},"author":2,"featured_media":440284,"comment_status":"","ping_status":"","sticky":false,"template":"","format":"standard","meta":{"footnotes":""},"categories":[1411],"tags":[22448,1154,207,211,1011,27,209,60,210,212,208,213],"class_list":{"0":"post-440283","1":"post","2":"type-post","3":"status-publish","4":"format-standard","5":"has-post-thumbnail","7":"category-cyclisme","8":"tag-championnats-du-monde","9":"tag-cycling","10":"tag-cyclisme","11":"tag-ffc","12":"tag-fr","13":"tag-france","14":"tag-route","15":"tag-sports","16":"tag-tour-de-france","17":"tag-uci","18":"tag-velo","19":"tag-world-tour"},"share_on_mastodon":{"url":"https:\/\/pubeurope.com\/@fr\/115320379431710536","error":""},"_links":{"self":[{"href":"https:\/\/www.europesays.com\/fr\/wp-json\/wp\/v2\/posts\/440283","targetHints":{"allow":["GET"]}}],"collection":[{"href":"https:\/\/www.europesays.com\/fr\/wp-json\/wp\/v2\/posts"}],"about":[{"href":"https:\/\/www.europesays.com\/fr\/wp-json\/wp\/v2\/types\/post"}],"author":[{"embeddable":true,"href":"https:\/\/www.europesays.com\/fr\/wp-json\/wp\/v2\/users\/2"}],"replies":[{"embeddable":true,"href":"https:\/\/www.europesays.com\/fr\/wp-json\/wp\/v2\/comments?post=440283"}],"version-history":[{"count":0,"href":"https:\/\/www.europesays.com\/fr\/wp-json\/wp\/v2\/posts\/440283\/revisions"}],"wp:featuredmedia":[{"embeddable":true,"href":"https:\/\/www.europesays.com\/fr\/wp-json\/wp\/v2\/media\/440284"}],"wp:attachment":[{"href":"https:\/\/www.europesays.com\/fr\/wp-json\/wp\/v2\/media?parent=440283"}],"wp:term":[{"taxonomy":"category","embeddable":true,"href":"https:\/\/www.europesays.com\/fr\/wp-json\/wp\/v2\/categories?post=440283"},{"taxonomy":"post_tag","embeddable":true,"href":"https:\/\/www.europesays.com\/fr\/wp-json\/wp\/v2\/tags?post=440283"}],"curies":[{"name":"wp","href":"https:\/\/api.w.org\/{rel}","templated":true}]}}