{"id":440302,"date":"2025-10-05T07:41:26","date_gmt":"2025-10-05T07:41:26","guid":{"rendered":"https:\/\/www.europesays.com\/fr\/440302\/"},"modified":"2025-10-05T07:41:26","modified_gmt":"2025-10-05T07:41:26","slug":"la-famille-grand-ducale-reunie-au-glacis-pour-un-dernier-spectacle-nocturne-en-lhonneur-du-grand-duc-guillaume","status":"publish","type":"post","link":"https:\/\/www.europesays.com\/fr\/440302\/","title":{"rendered":"La famille grand-ducale r\u00e9unie au Glacis pour un dernier spectacle nocturne en l&rsquo;honneur du grand-duc Guillaume"},"content":{"rendered":"<p>Un spectacle en plein air, sur une sc\u00e8ne \u00e0 360 degr\u00e9s, a conclu de fa\u00e7on magistrale les c\u00e9l\u00e9brations du changement de tr\u00f4ne. Le grand-duc Guillaume et la grande-duchesse St\u00e9phanie, mais aussi le grand-duc Henri et la grande-duchesse Maria Teresa, ont assist\u00e9 \u00e0 ce spectacle mettant en valeur la diversit\u00e9 de la sc\u00e8ne musicale luxembourgeoise. La fratrie du nouveau grand-duc et la fratrie de l\u2019ancien grand-duc \u00e9taient aussi pr\u00e9sentes dans la tribune d\u2019honneur. <\/p>\n<p><strong>Lire aussi : <a href=\"https:\/\/histoiresroyales.fr\/grand-duc-guillaume-grande-duchesse-stephanie-spectacle-pont-grande-duchesse-charlotte-symbolique\/\" target=\"_blank\" rel=\"noopener\">Le grand-duc Guillaume et la grande-duchesse St\u00e9phanie traversent le Pont Rouge lors d\u2019un spectacle symbolique<\/a><\/strong><\/p>\n<p>Spectacle de sons et lumi\u00e8res en pr\u00e9sence de toute la famille grand-ducale au Glacis<\/p>\n<p>Il faisait froid ce samedi 4 octobre en d\u00e9but de soir\u00e9e au Luxembourg et malgr\u00e9 les quelques gouttes qui se sont invit\u00e9s durant le spectacle, rien ne pouvait ternir l\u2019enthousiasme des Luxembourgeois amass\u00e9s sur le champ du Glacis. Cette c\u00e9l\u00e8bre place de la capitale, situ\u00e9e \u00e0 c\u00f4t\u00e9 du Pont Rouge, sert \u00e0 accueillir des manifestations, des foires et des spectacles tout long de l\u2019ann\u00e9e. Le spectacle pr\u00e9vu ce samedi soir concluait les c\u00e9l\u00e9brations festives du \u00ab\u00a0Trounwiessel \u00bb, le changement de tr\u00f4ne.<\/p>\n<p><img fetchpriority=\"high\" decoding=\"async\" width=\"1300\" height=\"867\" src=\"https:\/\/www.europesays.com\/fr\/wp-content\/uploads\/2025\/10\/tribune-spectacle-drone-guillaume.jpg\" alt=\"\" class=\"wp-image-222723 lazyload\" data-  \/>Le grand-duc Henri et la grande-duchesse St\u00e9phanie saluent le public lors de leur arriv\u00e9e dans la tribune (Photo : SIP \/ Fr\u00e9d\u00e9ric Sierakowski)<\/p>\n<p><img loading=\"lazy\" decoding=\"async\" width=\"1300\" height=\"867\" src=\"https:\/\/www.europesays.com\/fr\/wp-content\/uploads\/2025\/10\/tribune-son-lumiere-glacis.jpg\" alt=\"\" class=\"wp-image-222725 lazyload\" data-  \/>Les nouveaux souverains s\u2019installent dans la tribune, aupr\u00e8s de leur famille r\u00e9unie au complet (Photo : SIP \/ Emmanuel Claude)<\/p>\n<p><strong>Lire aussi : <a href=\"https:\/\/histoiresroyales.fr\/premier-discours-grand-duc-guillaume-de-luxembourg-discours-du-trone\/\" target=\"_blank\" rel=\"noopener\">Le premier discours du grand-duc Guillaume de Luxembourg : \u00ab\u00a0Je veux \u00eatre le Grand-Duc qui jette des ponts entre les g\u00e9n\u00e9rations\u00a0\u00bb<\/a><\/strong><\/p>\n<p>Plus t\u00f4t dans la soir\u00e9e, le n<a href=\"https:\/\/histoiresroyales.fr\/famille-grand-ducale-luxembourgeoise\/guillaume-de-luxembourg\/\" target=\"_blank\" rel=\"noopener\">ouveau grand-duc Guillaume<\/a>, 43 ans, et la nouvelle grande-duchesse St\u00e9phanie, 41 ans, ont assist\u00e9 \u00e0 un <a href=\"https:\/\/histoiresroyales.fr\/grand-duc-guillaume-grande-duchesse-stephanie-spectacle-pont-grande-duchesse-charlotte-symbolique\/\" target=\"_blank\" rel=\"noopener\">spectacle vivant, organis\u00e9 de fa\u00e7on originale tout au long de leur travers\u00e9e du Pont Rouge<\/a>. Environ 2000 Luxembourgeois de tous les secteurs de la soci\u00e9t\u00e9 ont particip\u00e9 \u00e0 ce spectacle uniquement, m\u00ealant d\u00e9monstrations sportives, mini-concerts et pr\u00e9sentations de leurs m\u00e9tiers ou activit\u00e9s. La travers\u00e9e du pont s\u2019est achev\u00e9e lorsque les souverains sont arriv\u00e9s sur le champ du Glacis, o\u00f9 ils ont rejoint leur place en tribune.<\/p>\n<p><img loading=\"lazy\" decoding=\"async\" width=\"1300\" height=\"867\" src=\"https:\/\/www.europesays.com\/fr\/wp-content\/uploads\/2025\/10\/guillaume-stephanie-apparition-tribune-spectacle-trounwiessel.jpg\" alt=\"\" class=\"wp-image-222727 lazyload\" data-  \/>Le couple grand-ducal install\u00e9 dans la tribune d\u2019honneur face \u00e0 la sc\u00e8ne (Photo : SIP \/ Emmanuel Claude)<\/p>\n<p><img loading=\"lazy\" decoding=\"async\" width=\"1300\" height=\"867\" src=\"https:\/\/www.europesays.com\/fr\/wp-content\/uploads\/2025\/10\/maria-teresa-henri-spectacle-glacis-drone.jpg\" alt=\"\" class=\"wp-image-222729 lazyload\" data-  \/>Le grand-duc Henri et la grande-duchesse Maria Teresa assistent au spectacle (Photo : SIP \/ Claude Piscitelli)<\/p>\n<p><strong>Lire aussi : <a href=\"https:\/\/histoiresroyales.fr\/premier-bain-de-foule-grand-duc-guillaume-grande-duchesse-stephanie-parmi-luxembourgeois-en-liesse\/\" target=\"_blank\" rel=\"noopener\">Le premier bain de foule du grand-duc Guillaume et de la grande-duchesse St\u00e9phanie parmi les Luxembourgeois en liesse<\/a><\/strong><\/p>\n<p>La sc\u00e8ne musicale luxembourgeoise offre un spectacle unique en l\u2019honneur du nouveau Grand-Duc<\/p>\n<p>Le grand-duc Henri et la grande-duchesse Maria Teresa ont pris place dans la tribune, ainsi que d\u2019autres princes et princesses de la famille grand-ducale. Le prince F\u00e9lix et son \u00e9pouse, la princesse Claire, le prince Louis et le prince S\u00e9bastien repr\u00e9sentaient la fratrie du nouveau grand-duc. Seule la princesse Alexandra, dont la grossesse est tr\u00e8s avanc\u00e9e, \u00e9tait absente. La fratrie du grand-duc Henri \u00e9tait \u00e9galement pr\u00e9sente. La princesse Marie-Astrid et son \u00e9poux, l\u2019archiduc Carl Christian d\u2019Autriche \u00e9taient pr\u00e9sents, ainsi que le prince Jean et son \u00e9pouse, la princesse Diane, la princesse Margaretha et son \u00e9poux, le prince Nikolaus de Liechtenstein, et le prince Guillaume avec son \u00e9pouse, la princesse Sibilla.<\/p>\n<p><img loading=\"lazy\" decoding=\"async\" width=\"1300\" height=\"867\" src=\"https:\/\/www.europesays.com\/fr\/wp-content\/uploads\/2025\/10\/prince-louis-prince-sebastien-spectacle-drones-luxembourg.jpg\" alt=\"\" class=\"wp-image-222731 lazyload\" data-  \/>Le prince Louis rit aux \u00e9clats durant le spectacle, assis entre sa belle-s\u0153ur Claire et son fr\u00e8re S\u00e9bastien (Photo : SIP \/ Emmanuel Claude)<\/p>\n<p><img loading=\"lazy\" decoding=\"async\" width=\"1300\" height=\"688\" src=\"https:\/\/www.europesays.com\/fr\/wp-content\/uploads\/2025\/10\/princesse-diane-marie-astrid-discussions-spectacle.jpg\" alt=\"\" class=\"wp-image-222790 lazyload\" data-  \/>La princesse Margaretha et la princesse Diane discutent durant le spectacle (Photo : SIP \/ Claude Piscitelli)<\/p>\n<p><strong>Lire aussi : <a href=\"https:\/\/histoiresroyales.fr\/guillaume-stephanie-de-luxembourg-organisent-premier-gala-souverains-presence-chefs-detats-etrangers\/\" target=\"_blank\" rel=\"noopener\">Guillaume et St\u00e9phanie de Luxembourg organisent leur premier gala en tant que souverains en pr\u00e9sence de chefs d\u2019\u00c9tats \u00e9trangers<\/a><\/strong><\/p>\n<p>La sc\u00e8ne musicale luxembourgeoise \u00e9tait mise \u00e0 l\u2019honneur lors de ce concert unique, qui se d\u00e9roulait sur une sc\u00e8ne circulaire, permettant aux spectateurs d\u2019assister au spectacle \u00e0 360 degr\u00e9s. Le jeune talent luxembourgeois d\u2019origine italo-portugaise Adriano Selva s\u2019est produit sur la sc\u00e8ne, tout comme la chanteuse lyrique Stephany Ortega, le talentueux DJ luxembourgeois Nosi, le chanteur Edsun ou encore le duo Cosmokramer ont mis l\u2019ambiance sur sc\u00e8ne.<\/p>\n<p><img loading=\"lazy\" decoding=\"async\" width=\"1300\" height=\"867\" src=\"https:\/\/www.europesays.com\/fr\/wp-content\/uploads\/2025\/10\/scene-musicale-luxembourgeois-concert-glacis.jpg\" alt=\"\" class=\"wp-image-222769 lazyload\" data-  \/>La sc\u00e8ne musicale luxembourgeoise s\u2019est produite au champ du Glacis ce 4 octobre (Photo : SIP \/ Claude Piscitelli)<\/p>\n<p><img loading=\"lazy\" decoding=\"async\" width=\"1300\" height=\"867\" src=\"https:\/\/www.europesays.com\/fr\/wp-content\/uploads\/2025\/10\/chanteur-adriano-selva-scene.jpg\" alt=\"\" class=\"wp-image-222772 lazyload\" data-  \/>Le chanteur Adriano Selva sur la sc\u00e8ne (Photo : SIP \/ Claude Piscitelli)<\/p>\n<p><img loading=\"lazy\" decoding=\"async\" width=\"1300\" height=\"867\" src=\"https:\/\/www.europesays.com\/fr\/wp-content\/uploads\/2025\/10\/prince-felix-princesse-claire-spectacle-drone-trounwiessel.jpg\" alt=\"\" class=\"wp-image-222793 lazyload\" data-  \/>Le prince F\u00e9lix et la princesse Claire durant le spectacle, assis derri\u00e8re la Grande-Duchesse (Photo : SIP \/ Fr\u00e9d\u00e9ric Sierakowski)<\/p>\n<p>Le grand-duc Guillaume, qui concluait sa premi\u00e8re journ\u00e9e compl\u00e8te en tant que chef de l\u2019\u00c9tat luxembourgeois, est mont\u00e9 sur la sc\u00e8ne. Le nouveau souverain a travers\u00e9 le long podium qui reliait la tribune \u00e0 la sc\u00e8ne circulaire, o\u00f9 il a prononc\u00e9 un bref discours de remerciement, sous les acclamations du public.<\/p>\n<p><img loading=\"lazy\" decoding=\"async\" width=\"1400\" height=\"934\" src=\"https:\/\/www.europesays.com\/fr\/wp-content\/uploads\/2025\/10\/grand-duc-guillaume-scene-glacis.jpg\" alt=\"\" class=\"wp-image-222733 lazyload\" data-  \/>Le grand-duc Guillaume rejoint la tribune (Photo : SIP \/ Emmanuel Claude)<\/p>\n<p><img loading=\"lazy\" decoding=\"async\" width=\"1300\" height=\"867\" src=\"https:\/\/www.europesays.com\/fr\/wp-content\/uploads\/2025\/10\/acclamations-trounwiessel-guillauem-scene.jpg\" alt=\"\" class=\"wp-image-222787 lazyload\" data-  \/>Le grand-duc Guillaume acclam\u00e9 sur la sc\u00e8ne (Photo : SIP \/ Claude Piscitelli)<\/p>\n<p><img loading=\"lazy\" decoding=\"async\" width=\"933\" height=\"1400\" src=\"https:\/\/www.europesays.com\/fr\/wp-content\/uploads\/2025\/10\/discours-remerciement-guillaume-spectacle-glacis-933x1400.jpg\" alt=\"\" class=\"wp-image-222735 lazyload\" data-  \/>Le grand-duc Guillaume prononce un discours (Photo : SIP \/ Emmanuel Claude)<\/p>\n<p><strong>Lire aussi : <a href=\"https:\/\/histoiresroyales.fr\/premiere-ceremonie-officielle-grand-duc-guillaume-trone\/\" target=\"_blank\" rel=\"noopener\">La premi\u00e8re c\u00e9r\u00e9monie officielle du grand-duc Guillaume apr\u00e8s \u00eatre mont\u00e9 sur le tr\u00f4ne<\/a><\/strong><\/p>\n<p>Les artistes \u00ab\u00a0incarnent ce que nous sommes \u00bb, a d\u00e9clar\u00e9 le nouveau chef d\u2019\u00c9tat dans son discours : \u00ab\u00a0Une soci\u00e9t\u00e9 multiculturelle, ouverte et pleine de talents ! \u00bb Le grand-duc Guillaume a dit \u00ab\u00a0regarder l\u2019avenir avec beaucoup de confiance \u00bb en constatant la richesse qu\u2019apportent tous les citoyens rencontr\u00e9s lors de ces festivit\u00e9s. <\/p>\n<p><img loading=\"lazy\" decoding=\"async\" width=\"1300\" height=\"867\" src=\"https:\/\/www.europesays.com\/fr\/wp-content\/uploads\/2025\/10\/princesse-marie-astrid-photo-guillaume-glacs.jpg\" alt=\"\" class=\"wp-image-222737 lazyload\" data-  \/>La princesse Marie-Astrid sort son t\u00e9l\u00e9phone portable pour filmer son neveu Guillaume sur la sc\u00e8ne (Photo : SIP \/ Fr\u00e9d\u00e9ric Sierakowski)<\/p>\n<p><img loading=\"lazy\" decoding=\"async\" width=\"1300\" height=\"519\" src=\"https:\/\/www.europesays.com\/fr\/wp-content\/uploads\/2025\/10\/fratrie-grand-duc-henri-spectacle-glacis.jpg\" alt=\"\" class=\"wp-image-222796 lazyload\" data-  \/>Les fr\u00e8res, s\u0153urs, beaux-fr\u00e8res et belles-s\u0153urs du grand-duc Henri assis les uns \u00e0 c\u00f4t\u00e9 des autres. De gauche \u00e0 droite : la princesse Sibilla (derri\u00e8re la barri\u00e8re), le prince Guillaume, le prince Nikolaus de Liechtenstein, la princesse Margaretha, la princesse Diane, le prince Jean, l\u2019archiduc Carl Christian de Habsbourg-Lorraine et la princesse Marie-Astrid (Photo : SIP \/ Claude Piscitelli)<\/p>\n<p>La soir\u00e9e s\u2019est termin\u00e9e par un spectacle de drones lumineux, qui par leur synchronisation dessinaient des formes symboliques dans le ciel, dont le lion rouge embl\u00e9matique du Luxembourg. La musique \u00e9tait compos\u00e9e par le duo d\u2019artistes luxembourgeois Brognon-Rollin. Ainsi s\u2019ach\u00e8vent deux journ\u00e9es de f\u00eate, marquant la passation de pouvoir apr\u00e8s l\u2019abdication du grand-duc Henri en faveur de son fils Guillaume. Ce dimanche, une c\u00e9l\u00e9bration religieuse est pr\u00e9vue en pr\u00e9sence des membres de la famille grand-ducale \u00e0 la cath\u00e9drale Notre-Dame, dernier engagement officiel inscrit au programme du \u00ab\u00a0Trounwiessel \u00bb.<\/p>\n<p><img loading=\"lazy\" decoding=\"async\" width=\"1300\" height=\"867\" src=\"https:\/\/www.europesays.com\/fr\/wp-content\/uploads\/2025\/10\/spectacle-drone-final-glacis.jpg\" alt=\"\" class=\"wp-image-222739 lazyload\" data-  \/>Le lion rouge, embl\u00e8me de la famille de Luxembourg et du Luxembourg, se forme dans le ciel (Photo : SIP \/ Claude Piscitelli)<\/p>\n<p><img loading=\"lazy\" decoding=\"async\" width=\"1300\" height=\"867\" src=\"https:\/\/www.europesays.com\/fr\/wp-content\/uploads\/2025\/10\/admire-spectacle-drone-guillaume-stephanie.jpg\" alt=\"\" class=\"wp-image-222785 lazyload\" data-  \/>Les souverains luxembourgeois admirent le ballet de drones dans le ciel (Photo : SIP \/ Emmanuel Claude)<\/p>\n<p><img loading=\"lazy\" decoding=\"async\" width=\"1300\" height=\"867\" src=\"https:\/\/www.europesays.com\/fr\/wp-content\/uploads\/2025\/10\/spectacle-drone-couronne-glacis.jpg\" alt=\"\" class=\"wp-image-222776 lazyload\" data-  \/>Une couronne est form\u00e9e par des drones lumineux dans le ciel de la capitale luxembourgeoise (Photo : SIP \/ Fr\u00e9d\u00e9ric Sierakowski)<\/p>\n<p>\t\t<strong>Tous les articles sur<\/strong><br \/>\n\t\t<a href=\"https:\/\/histoiresroyales.fr\/tag\/carl-christian-de-habsbourg-lorraine-2\/\" title=\"\" target=\"_blank\" rel=\"noopener\">Carl Christian de Habsbourg-Lorraine<\/a>, <a href=\"https:\/\/histoiresroyales.fr\/tag\/claire-de-luxembourg\/\" title=\"\" target=\"_blank\" rel=\"noopener\">Claire de Luxembourg<\/a>, <a href=\"https:\/\/histoiresroyales.fr\/tag\/concert\/\" title=\"\" target=\"_blank\" rel=\"noopener\">concert<\/a>, <a href=\"https:\/\/histoiresroyales.fr\/tag\/diane-de-guerre\/\" title=\"\" target=\"_blank\" rel=\"noopener\">Diane de Guerre<\/a>, <a href=\"https:\/\/histoiresroyales.fr\/tag\/felix-de-nassau\/\" title=\"\" target=\"_blank\" rel=\"noopener\">F\u00e9lix de Luxembourg<\/a>, <a href=\"https:\/\/histoiresroyales.fr\/tag\/grand-duc-henri-de-luxembourg\/\" title=\"\" target=\"_blank\" rel=\"noopener\">Grand-duc Henri de Luxembourg<\/a>, <a href=\"https:\/\/histoiresroyales.fr\/tag\/guillaume-de-luxembourg\/\" title=\"\" target=\"_blank\" rel=\"noopener\">Guillaume de Luxembourg<\/a>, <a href=\"https:\/\/histoiresroyales.fr\/tag\/jean-de-luxembourg\/\" title=\"\" target=\"_blank\" rel=\"noopener\">Jean de Luxembourg<\/a>, <a href=\"https:\/\/histoiresroyales.fr\/tag\/louis-de-nassau\/\" title=\"\" target=\"_blank\" rel=\"noopener\">Louis de Luxembourg<\/a>, <a href=\"https:\/\/histoiresroyales.fr\/tag\/margaretha-de-luxembourg\/\" title=\"\" target=\"_blank\" rel=\"noopener\">Margaretha de Luxembourg<\/a>, <a href=\"https:\/\/histoiresroyales.fr\/tag\/maria-teresa-de-luxembourg\/\" title=\"\" target=\"_blank\" rel=\"noopener\">Maria Teresa de Luxembourg<\/a>, <a href=\"https:\/\/histoiresroyales.fr\/tag\/marie-astrid-de-liechtenstein\/\" title=\"\" target=\"_blank\" rel=\"noopener\">Marie-Astrid de Liechtenstein<\/a>, <a href=\"https:\/\/histoiresroyales.fr\/tag\/nikolaus-de-liechtenstein\/\" title=\"\" target=\"_blank\" rel=\"noopener\">Nikolaus de Liechtenstein<\/a>, <a href=\"https:\/\/histoiresroyales.fr\/tag\/prince-guillaume-de-luxembourg\/\" title=\"\" target=\"_blank\" rel=\"noopener\">prince Guillaume de Luxembourg<\/a>, <a href=\"https:\/\/histoiresroyales.fr\/tag\/sebastien-de-nassau\/\" title=\"\" target=\"_blank\" rel=\"noopener\">S\u00e9bastien de Luxembourg<\/a>, <a href=\"https:\/\/histoiresroyales.fr\/tag\/sibilla-de-luxembourg\/\" title=\"\" target=\"_blank\" rel=\"noopener\">Sibilla de Luxembourg<\/a>, <a href=\"https:\/\/histoiresroyales.fr\/tag\/spectacle\/\" title=\"\" target=\"_blank\" rel=\"noopener\">spectacle<\/a>, <a href=\"https:\/\/histoiresroyales.fr\/tag\/stephanie-de-luxembourg\/\" title=\"\" target=\"_blank\" rel=\"noopener\">St\u00e9phanie de Luxembourg<\/a>\t<\/p>\n<p>\t\t\t\t<img loading=\"lazy\" alt=\"Avatar photo\" src=\"https:\/\/www.europesays.com\/fr\/wp-content\/uploads\/2025\/04\/1516945716303-164x164.jpeg\"  class=\"avatar avatar-164 photo lazyload\" height=\"164\" width=\"164\" decoding=\"async\"\/><br \/>\n\t\t<a href=\"https:\/\/histoiresroyales.fr\/author\/royaliste123\/\" target=\"_blank\" rel=\"noopener\">Nicolas Fontaine<\/a><br \/>\n\t\t\t\t\tR\u00e9dacteur en chef<\/p>\n<p>Nicolas Fontaine a \u00e9t\u00e9 concepteur-r\u00e9dacteur et auteur pour de nombreuses marques et m\u00e9dias belges et fran\u00e7ais. Sp\u00e9cialiste de l&rsquo;actualit\u00e9 des familles royales, Nicolas a fond\u00e9 le site Histoires royales dont il est le r\u00e9dacteur en chef.&#13;<br \/>\n&#13;<br \/>\nnicolas@histoiresroyales.fr<\/p>\n<p>\t\t\t\t\t\t\t<a href=\"https:\/\/twitter.com\/ActusRoyales\" class=\"boxed-icon fill twitter\" target=\"_blank\" rel=\"noopener\"><\/a><br \/>\n\t\t\t\t\t\t\t\t\t<a href=\"https:\/\/www.instagram.com\/histoiresroyales.fr\/\" class=\"boxed-icon fill instagram\" target=\"_blank\" rel=\"noopener\"><\/a><\/p>\n<p>\t\t\t\t\t\t\t\t\t\t\t\t\t<script async src=\"https:\/\/platform.twitter.com\/widgets.js\" charset=\"utf-8\"><\/script><script async src=\"\/\/www.instagram.com\/embed.js\"><\/script><\/p>\n","protected":false},"excerpt":{"rendered":"Un spectacle en plein air, sur une sc\u00e8ne \u00e0 360 degr\u00e9s, a conclu de fa\u00e7on magistrale les c\u00e9l\u00e9brations&hellip;\n","protected":false},"author":2,"featured_media":440303,"comment_status":"","ping_status":"","sticky":false,"template":"","format":"standard","meta":{"footnotes":""},"categories":[5],"tags":[11,56718,56719,1697,56720,1011,27,56721,7578,48061,14,56722,56723,56724,7580,56725,12,56726,56727,56729,3140,30108,56728,28],"class_list":{"0":"post-440302","1":"post","2":"type-post","3":"status-publish","4":"format-standard","5":"has-post-thumbnail","7":"category-international","8":"tag-actualites","9":"tag-carl-christian-de-habsbourg-lorraine","10":"tag-claire-de-luxembourg","11":"tag-concert","12":"tag-diane-de-guerre","13":"tag-fr","14":"tag-france","15":"tag-fu00e9lix-de-luxembourg","16":"tag-grand-duc-henri-de-luxembourg","17":"tag-guillaume-de-luxembourg","18":"tag-international","19":"tag-jean-de-luxembourg","20":"tag-louis-de-luxembourg","21":"tag-margaretha-de-luxembourg","22":"tag-maria-teresa-de-luxembourg","23":"tag-marie-astrid-de-liechtenstein","24":"tag-news","25":"tag-nikolaus-de-liechtenstein","26":"tag-prince-guillaume-de-luxembourg","27":"tag-sibilla-de-luxembourg","28":"tag-spectacle","29":"tag-stu00e9phanie-de-luxembourg","30":"tag-su00e9bastien-de-luxembourg","31":"tag-world"},"share_on_mastodon":{"url":"","error":"Validation failed: Text character limit of 500 exceeded"},"_links":{"self":[{"href":"https:\/\/www.europesays.com\/fr\/wp-json\/wp\/v2\/posts\/440302","targetHints":{"allow":["GET"]}}],"collection":[{"href":"https:\/\/www.europesays.com\/fr\/wp-json\/wp\/v2\/posts"}],"about":[{"href":"https:\/\/www.europesays.com\/fr\/wp-json\/wp\/v2\/types\/post"}],"author":[{"embeddable":true,"href":"https:\/\/www.europesays.com\/fr\/wp-json\/wp\/v2\/users\/2"}],"replies":[{"embeddable":true,"href":"https:\/\/www.europesays.com\/fr\/wp-json\/wp\/v2\/comments?post=440302"}],"version-history":[{"count":0,"href":"https:\/\/www.europesays.com\/fr\/wp-json\/wp\/v2\/posts\/440302\/revisions"}],"wp:featuredmedia":[{"embeddable":true,"href":"https:\/\/www.europesays.com\/fr\/wp-json\/wp\/v2\/media\/440303"}],"wp:attachment":[{"href":"https:\/\/www.europesays.com\/fr\/wp-json\/wp\/v2\/media?parent=440302"}],"wp:term":[{"taxonomy":"category","embeddable":true,"href":"https:\/\/www.europesays.com\/fr\/wp-json\/wp\/v2\/categories?post=440302"},{"taxonomy":"post_tag","embeddable":true,"href":"https:\/\/www.europesays.com\/fr\/wp-json\/wp\/v2\/tags?post=440302"}],"curies":[{"name":"wp","href":"https:\/\/api.w.org\/{rel}","templated":true}]}}