{"id":440304,"date":"2025-10-05T07:42:10","date_gmt":"2025-10-05T07:42:10","guid":{"rendered":"https:\/\/www.europesays.com\/fr\/440304\/"},"modified":"2025-10-05T07:42:10","modified_gmt":"2025-10-05T07:42:10","slug":"je-laimais-mais-je-ne-sais-rien-de-lui-les-papys-grands-oublies-de-la-memoire-familiale","status":"publish","type":"post","link":"https:\/\/www.europesays.com\/fr\/440304\/","title":{"rendered":"\u00ab\u00a0Je l\u2019aimais, mais je ne sais rien de lui\u00a0\u00bb \u2026 Les papys, grands oubli\u00e9s de la m\u00e9moire familiale"},"content":{"rendered":"<p>En hommage \u00e0 sa <a href=\"https:\/\/www.20minutes.fr\/dossier\/parents\" class=\"c-link c-link--is-underlined\" target=\"_blank\" rel=\"noopener\">grand-m\u00e8re<\/a> catholique tr\u00e8s pratiquante qui le tra\u00eenait \u00e0 la messe chaque dimanche, S\u00e9bastien se rend \u00e0 l\u2019\u00e9glise une fois par mois pour allumer une bougie et lui d\u00e9dier une pri\u00e8re. Un jour, le trentenaire a \u00e9t\u00e9 frapp\u00e9 d\u2019un constat. \u00ab\u00a0Je ne priais jamais pour mon grand-p\u00e8re\u00a0\u00bb, pourtant tout aussi croyant que son \u00e9pouse. \u00ab\u00a0Je ne sais pas pourquoi, je n\u2019y avais jamais pens\u00e9.\u00a0\u00bb<\/p>\n<p>Cet \u00ab\u00a0oubli\u00a0\u00bb repr\u00e9sente bien la place du grand-p\u00e8re dans la <a href=\"https:\/\/www.20minutes.fr\/dossier\/famille\" class=\"c-link c-link--is-underlined\" target=\"_blank\" rel=\"noopener\">famille<\/a> proche, souvent rel\u00e9gu\u00e9 en cinqui\u00e8me roue du carrosse. S\u00e9bastien s\u2019enfonce dans la confusion\u00a0: \u00ab\u00a0Pourtant, il \u00e9tait l\u00e0 dans mon <a href=\"https:\/\/www.20minutes.fr\/dossier\/enfant\" class=\"c-link c-link--is-underlined\" target=\"_blank\" rel=\"noopener\">enfance<\/a>. Mais\u2026\u00a0\u00bb Mais sans \u00eatre vraiment l\u00e0. Les clich\u00e9s ont parfois la vie dure\u00a0: \u00e0 grand-m\u00e8re les confitures de m\u00fbres, les cahiers de vacances, la lecture des histoires avant de s\u2019endormir. A grand-p\u00e8re le fauteuil, les commentaires dans sa barbe devant le JT et le verre de vin bu en silence \u00e0 table. \u00ab\u00a0Je saurais d\u00e9crire ma grand-m\u00e8re\u00a0: douce, exigeante, altruiste. Mon grand-p\u00e8re, difficile de le caract\u00e9riser. Ce n\u2019est pas un inconnu bien s\u00fbr, il m\u2019aimait et je l\u2019aimais\u2026 mais je ne sais rien de lui.\u00a0\u00bb<\/p>\n<p>\u00ab\u00a0Les grands-p\u00e8res se sont mis \u00e0 l\u2019\u00e9cart eux-m\u00eames\u00a0\u00bb<\/p>\n<p>M\u00eame la f\u00eate des grands-p\u00e8res ce dimanche reste relativement anonyme, l\u00e0 o\u00f9 celle des grands-m\u00e8res, en plein <a href=\"https:\/\/www.20minutes.fr\/dossier\/printemps\" class=\"c-link c-link--is-underlined\" target=\"_blank\" rel=\"noopener\">printemps<\/a>, gagne en popularit\u00e9 chaque ann\u00e9e. Il s\u2019y vend d\u00e9sormais plus de fleurs que pour la <a href=\"https:\/\/www.20minutes.fr\/dossier\/saint-valentin\" class=\"c-link c-link--is-underlined\" target=\"_blank\" rel=\"noopener\">Saint-Valentin<\/a>, preuve du succ\u00e8s des mamies en France. Lanc\u00e9e en\u00a01987 par la marque de caf\u00e9 Grand-M\u00e8re (contre 2008 pour la f\u00eate des grands-p\u00e8res), elle illustre un premier point de diff\u00e9renciation. Meilleure cible marketing, la grand-m\u00e8re est nettement plus pr\u00e9sente dans la culture populaire.<\/p>\n<\/p>\n<p>\u00ab\u00a0Il y a tout un discours conservateur qui met une focale sur la place des femmes dans l\u2019enfance, explique Serge Gu\u00e9rin, sociologue sp\u00e9cialiste des <a href=\"https:\/\/www.20minutes.fr\/dossier\/senior\" class=\"c-link c-link--is-underlined\" target=\"_blank\" rel=\"noopener\">s\u00e9niors<\/a> et auteur de Silver G\u00e9n\u00e9ration (2011, Michalon). Mais ne nous y trompons pas\u00a0: les grands-p\u00e8res se sont, pour beaucoup, mis \u00e0 l\u2019\u00e9cart eux-m\u00eames. Comme les p\u00e8res avant eux\u00a0\u00bb. R\u00e9gine Florin est pr\u00e9sidente de l\u2019Ecole des grands-parents europ\u00e9ens (EGPE) Paris Ile-de-France, un espace de discussion et de rencontres et une ligne d\u2019\u00e9coute, \u00ab\u00a0All\u00f4 grands-parents\u00a0\u00bb (01-45-44-34-93). Elle le reconna\u00eet\u00a0: \u00e0 l\u2019autre bout du fil, \u00ab\u00a0il y a en grande majorit\u00e9 des grands-m\u00e8res. Elles sont plus pr\u00e9occup\u00e9es par l\u2019unit\u00e9 familiale\u00a0\u00bb. Le grand-p\u00e8re, souvent, \u00ab\u00a0est occup\u00e9 ailleurs. Association sportive, mairie\u2026\u00a0\u00bb Une enqu\u00eate de l\u2019<a href=\"https:\/\/www.20minutes.fr\/economie\/insee\/\" class=\"c-link c-link--is-underlined\" target=\"_blank\" rel=\"noopener\">Insee<\/a> montrait que 79\u00a0% des <a href=\"https:\/\/www.20minutes.fr\/dossier\/retraite\" class=\"c-link c-link--is-underlined\" target=\"_blank\" rel=\"noopener\">retrait\u00e9s<\/a> disaient pratiquer r\u00e9guli\u00e8rement une activit\u00e9, contre 47\u00a0% des retrait\u00e9es.<\/p>\n<p>\u00ab\u00a0Il imposait une pr\u00e9sence mutique\u00a0\u00bb<\/p>\n<p>En\u00a02011, la France a lanc\u00e9 l\u2019\u00c9tude Longitudinale Fran\u00e7aise depuis l\u2019Enfance (ELFE). Suivant 18.000 enfants de leur naissance \u00e0 l\u2019\u00e2ge adulte, elle s\u2019est notamment pench\u00e9e sur les diff\u00e9rentes caract\u00e9ristiques associ\u00e9es aux grands-parents selon leur genre. R\u00e9sultat\u00a0: 72\u00a0% des grands-m\u00e8res \u00e9taient vues comme apportant tendresse et patience, contre 48\u00a0% pour les grands-p\u00e8res. \u00ab\u00a0Quand j\u2019avais des bobos, une question ou que j\u2019avais fait un cauchemar, j\u2019allais naturellement vers ma grand-m\u00e8re\u00a0\u00bb, retrace Mathieu, 32 ans. \u00ab\u00a0Papy me terrifiait. Il n\u2019a jamais \u00e9t\u00e9 violent ni m\u00e9chant, mais quand il \u00e9tait dans la pi\u00e8ce, tout le monde parlait moins fort.\u00a0\u00bb Un jour, alors que sa grand-m\u00e8re \u00e9tait absente, c\u2019est papy qui l\u2019a amen\u00e9 \u00e0 un rendez-vous m\u00e9dical \u00e0 1h30 de voiture. \u00ab\u00a0Je crois que nous n\u2019avons pas parl\u00e9 du trajet.\u00a0\u00bb<\/p>\n<p>Cindy, 41 ans, \u00e9voque quant \u00e0 elle un grand-p\u00e8re \u00ab\u00a0rarement \u00e0 la maison. C\u2019\u00e9tait ma grand-m\u00e8re qui nous gardait. Je ne doute pas qu\u2019il \u00e9tait heureux de nous retrouver le soir, mais de l\u00e0 \u00e0 sacrifier ses loisirs pour faire des coloriages ou se balader dans les champs\u2026 Fatalement, \u00e7a fait beaucoup moins de souvenirs.\u00a0\u00bb<\/p>\n<p>Une garde d\u2019enfant bien plus attribu\u00e9e aux grands-m\u00e8res<\/p>\n<p>\u00ab\u00a0Les parents vont avoir plus tendance \u00e0 confier leurs enfants et les missions associ\u00e9s \u00e0 leur m\u00e8re qu\u2019\u00e0 leur p\u00e8re\u00a0\u00bb, ajoute Serge Gu\u00e9rin. Selon l\u2019ELFE, une aide r\u00e9guli\u00e8re des grands-m\u00e8res \u00e9tait attendue par 65\u00a0% des parents, contre 35\u00a0% pour les grands-p\u00e8res. M\u00eame Cindy, qui \u00ab\u00a0regrette\u00a0ne pas plus avoir connu mon grand-p\u00e8re\u00a0\u00bb, reconna\u00eet confier les t\u00e2ches de garde de sa fille en priorit\u00e9 \u00e0 sa maman. \u00ab\u00a0C\u2019est plus rassurant\u00a0\u00bb.<\/p>\n<p>Les grands-p\u00e8res peuvent effectivement \u00eatre d\u00e9munis, faute de savoir comment faire apr\u00e8s avoir zapp\u00e9 en partie leur r\u00f4le de p\u00e8re, poursuit Serge Gu\u00e9rin. Un sc\u00e9nario inverse existe toutefois, pr\u00e9cise l\u2019expert\u00a0: certains papys voient leurs petits-enfants comme une \u00ab\u00a0seconde chance\u00a0\u00bb apr\u00e8s avoir manqu\u00e9 l\u2019\u00e9ducation de leurs propres fils et filles. Quoi qu\u2019il en soit, les grands-m\u00e8res sont bien plus pr\u00e9sentes dans la petite et moyenne enfance. Or c\u2019est, toujours selon l\u2019EFDE, une sorte d\u2019\u00e2ge d\u2019or de la grande-parentalit\u00e9.<\/p>\n<p>L\u2019adolescence, p\u00e9riode b\u00e9nie mais souvent trop tardive<\/p>\n<p>Et ensuite\u00a0? \u00ab\u00a0Le grand-p\u00e8re se r\u00e9v\u00e8le souvent lors de l\u2019adolescence\u00a0\u00bb, poursuit R\u00e9gine Florin. \u00ab\u00a0Il va \u00eatre plus \u00e0 l\u2019aise, plus en phase avec les activit\u00e9s, plus concern\u00e9\u00a0\u00bb. Encore faut-il qu\u2019il soit l\u00e0. Les femmes deviennent grands-m\u00e8res plus t\u00f4t (54 ans en moyenne, contre 56 pour les hommes), vivent en bonne sant\u00e9 plus longtemps (66 ans contre 64) et meurent plus vieilles (85,6 ans contre 80). Le petit-enfant conna\u00eetra donc souvent plus longtemps, et en meilleure sant\u00e9 sa grand-m\u00e8re. \u00ab\u00a0J\u2019ai de tr\u00e8s bons souvenirs avec ma mamie lorsque j\u2019\u00e9tais \u00e9tudiant et que j\u2019allais manger chez elle. A un \u00e2ge o\u00f9 on se rend un peu plus compte de la valeur des choses, o\u00f9 on peut discuter, l\u2019interroger sur son pass\u00e9, sa vie. Papy, lui, \u00e9tait d\u00e9c\u00e9d\u00e9\u00a0\u00bb, poursuit Mathieu.<\/p>\n<p>Autre argument d\u2019importance\u00a0: il y a bien plus de grands-m\u00e8res que de grands-p\u00e8res entre France (8,9 contre 6,2\u00a0millions), expliquant l\u00e0 encore leur part pr\u00e9pond\u00e9rante dans l\u2019imaginaire collectif.<\/p>\n<p>Une nouvelle g\u00e9n\u00e9ration de grands-p\u00e8res<\/p>\n<p>Mais les choses \u00e9voluent. Lentement. \u00ab\u00a0Des p\u00e8res bien plus pr\u00e9sents aujourd\u2019hui pour leurs enfants deviendront des grands-parents plus pr\u00e9sents et plus \u00e0 l\u2019aise\u00a0\u00bb, s\u2019enthousiasme Serge Gu\u00e9rin. \u00ab\u00a0On voit d\u00e9j\u00e0 \u00e0 l\u2019\u0153uvre une nouvelle g\u00e9n\u00e9ration de grands-p\u00e8res\u00a0\u00bb. M\u00eame constat chez R\u00e9gine Florin, qui constate des appels de plus en plus vari\u00e9s\u00a0: \u00ab\u00a0Il ne faut pas tomber dans les clich\u00e9s, tous les grands-p\u00e8res ne sont pas absents et beaucoup fournissent \u00e9norm\u00e9ment d\u2019amour.\u00a0\u00bb<\/p>\n<p>Parfois par petite touche m\u00e9morable. Mathieu se rappelle\u00a0: \u00ab\u00a0Au trajet retour de mon rendez-vous m\u00e9dical, on n\u2019a pas dit un mot non plus. Mais il m\u2019avait pr\u00e9par\u00e9 des tartines avec du beurre et de la confiture de figue. Il ne prenait pas toujours le petit-d\u00e9jeuner avec nous, mais il savait que c\u2019\u00e9taient mes pr\u00e9f\u00e9r\u00e9es.\u00a0\u00bb<\/p>\n","protected":false},"excerpt":{"rendered":"En hommage \u00e0 sa grand-m\u00e8re catholique tr\u00e8s pratiquante qui le tra\u00eenait \u00e0 la messe chaque dimanche, S\u00e9bastien se&hellip;\n","protected":false},"author":2,"featured_media":440305,"comment_status":"","ping_status":"","sticky":false,"template":"","format":"standard","meta":{"footnotes":""},"categories":[4],"tags":[11,847,652,4768,1011,27,12,6197,3306,25,137,12361,104],"class_list":{"0":"post-440304","1":"post","2":"type-post","3":"status-publish","4":"format-standard","5":"has-post-thumbnail","7":"category-france","8":"tag-actualites","9":"tag-enfant","10":"tag-famille","11":"tag-fete","12":"tag-fr","13":"tag-france","14":"tag-news","15":"tag-parentalite","16":"tag-parents","17":"tag-republique-francaise","18":"tag-retraite","19":"tag-senior","20":"tag-societe"},"share_on_mastodon":{"url":"https:\/\/pubeurope.com\/@fr\/115320439010815197","error":""},"_links":{"self":[{"href":"https:\/\/www.europesays.com\/fr\/wp-json\/wp\/v2\/posts\/440304","targetHints":{"allow":["GET"]}}],"collection":[{"href":"https:\/\/www.europesays.com\/fr\/wp-json\/wp\/v2\/posts"}],"about":[{"href":"https:\/\/www.europesays.com\/fr\/wp-json\/wp\/v2\/types\/post"}],"author":[{"embeddable":true,"href":"https:\/\/www.europesays.com\/fr\/wp-json\/wp\/v2\/users\/2"}],"replies":[{"embeddable":true,"href":"https:\/\/www.europesays.com\/fr\/wp-json\/wp\/v2\/comments?post=440304"}],"version-history":[{"count":0,"href":"https:\/\/www.europesays.com\/fr\/wp-json\/wp\/v2\/posts\/440304\/revisions"}],"wp:featuredmedia":[{"embeddable":true,"href":"https:\/\/www.europesays.com\/fr\/wp-json\/wp\/v2\/media\/440305"}],"wp:attachment":[{"href":"https:\/\/www.europesays.com\/fr\/wp-json\/wp\/v2\/media?parent=440304"}],"wp:term":[{"taxonomy":"category","embeddable":true,"href":"https:\/\/www.europesays.com\/fr\/wp-json\/wp\/v2\/categories?post=440304"},{"taxonomy":"post_tag","embeddable":true,"href":"https:\/\/www.europesays.com\/fr\/wp-json\/wp\/v2\/tags?post=440304"}],"curies":[{"name":"wp","href":"https:\/\/api.w.org\/{rel}","templated":true}]}}