{"id":440310,"date":"2025-10-05T07:47:27","date_gmt":"2025-10-05T07:47:27","guid":{"rendered":"https:\/\/www.europesays.com\/fr\/440310\/"},"modified":"2025-10-05T07:47:27","modified_gmt":"2025-10-05T07:47:27","slug":"elite-a-nancy-la-jl-bourg-soffre-le-succes-et-lance-son-championnat","status":"publish","type":"post","link":"https:\/\/www.europesays.com\/fr\/440310\/","title":{"rendered":"\u00c9lite. \u00c0 Nancy, la JL Bourg s\u2019offre le succ\u00e8s et lance son championnat"},"content":{"rendered":"<p>                             Nancy &#8211; JL Bourg 80-88 <\/p>\n<p>La r\u00e9action \u00e9tait attendue apr\u00e8s la d\u00e9faite \u00e0 Limoges et malgr\u00e9 la difficult\u00e9 et l\u2019opposition propos\u00e9e par le SLUC, les Burgiens se sont rassur\u00e9s en empochant une victoire dans une salle o\u00f9 il n\u2019est jamais \u00e9vident de s\u2019imposer.<\/p>\n<p>Pourtant le d\u00e9part a \u00e9t\u00e9 extr\u00eamement poussif de la part des hommes de Fr\u00e9d\u00e9ric Fauthoux, la faute sans doute \u00e0 la furia et \u00e0 l\u2019adresse diabolique des Lorrains qui attaquaient avec le couteau entre les dents.<\/p>\n<p>Pas dans le bon tempo d\u00e9fensivement, les joueurs de la Jeu ont en plus eu la mauvaise id\u00e9e d\u2019arroser copieusement \u00e0 trois points (4\/19) en oubliant d\u2019appuyer dans la peinture o\u00f9 Linda et Kokila \u00e9taient pourtant dominants. R\u00e9sultats 46 points encaiss\u00e9s en premi\u00e8re mi-temps principalement d\u00fb \u00e0 un manque d\u2019investissement et d\u2019automatisme comme l\u2019a pr\u00e9cis\u00e9 le coach Fauthoux \u00e0 la fin du match (46-40 20e).<\/p>\n<p>Un&#8230;                        <\/p>\n","protected":false},"excerpt":{"rendered":"Nancy &#8211; JL Bourg 80-88 La r\u00e9action \u00e9tait attendue apr\u00e8s la d\u00e9faite \u00e0 Limoges et malgr\u00e9 la difficult\u00e9&hellip;\n","protected":false},"author":2,"featured_media":440311,"comment_status":"","ping_status":"","sticky":false,"template":"","format":"standard","meta":{"footnotes":""},"categories":[9635],"tags":[1111,11,1791,6749,6750,6751,1777,674,1011,27,775,26251,1702,12,25,517],"class_list":{"0":"post-440310","1":"post","2":"type-post","3":"status-publish","4":"format-standard","5":"has-post-thumbnail","7":"category-nancy","8":"tag-actu","9":"tag-actualites","10":"tag-basket-ball","11":"tag-bourg-en-bresse","12":"tag-bourg-en-bresse-ville","13":"tag-edition-ain-ouest","14":"tag-eu","15":"tag-europe","16":"tag-fr","17":"tag-france","18":"tag-grand-est","19":"tag-jl-bourg-jeunesse-laique-de-bourg-en-bresse-basket","20":"tag-nancy","21":"tag-news","22":"tag-republique-francaise","23":"tag-sport"},"share_on_mastodon":{"url":"https:\/\/pubeurope.com\/@fr\/115320457970702899","error":""},"_links":{"self":[{"href":"https:\/\/www.europesays.com\/fr\/wp-json\/wp\/v2\/posts\/440310","targetHints":{"allow":["GET"]}}],"collection":[{"href":"https:\/\/www.europesays.com\/fr\/wp-json\/wp\/v2\/posts"}],"about":[{"href":"https:\/\/www.europesays.com\/fr\/wp-json\/wp\/v2\/types\/post"}],"author":[{"embeddable":true,"href":"https:\/\/www.europesays.com\/fr\/wp-json\/wp\/v2\/users\/2"}],"replies":[{"embeddable":true,"href":"https:\/\/www.europesays.com\/fr\/wp-json\/wp\/v2\/comments?post=440310"}],"version-history":[{"count":0,"href":"https:\/\/www.europesays.com\/fr\/wp-json\/wp\/v2\/posts\/440310\/revisions"}],"wp:featuredmedia":[{"embeddable":true,"href":"https:\/\/www.europesays.com\/fr\/wp-json\/wp\/v2\/media\/440311"}],"wp:attachment":[{"href":"https:\/\/www.europesays.com\/fr\/wp-json\/wp\/v2\/media?parent=440310"}],"wp:term":[{"taxonomy":"category","embeddable":true,"href":"https:\/\/www.europesays.com\/fr\/wp-json\/wp\/v2\/categories?post=440310"},{"taxonomy":"post_tag","embeddable":true,"href":"https:\/\/www.europesays.com\/fr\/wp-json\/wp\/v2\/tags?post=440310"}],"curies":[{"name":"wp","href":"https:\/\/api.w.org\/{rel}","templated":true}]}}