{"id":440312,"date":"2025-10-05T07:48:10","date_gmt":"2025-10-05T07:48:10","guid":{"rendered":"https:\/\/www.europesays.com\/fr\/440312\/"},"modified":"2025-10-05T07:48:10","modified_gmt":"2025-10-05T07:48:10","slug":"la-34e-fete-de-lolivier-enracinee-dans-la-tradition-a-ollioules","status":"publish","type":"post","link":"https:\/\/www.europesays.com\/fr\/440312\/","title":{"rendered":"La 34e F\u00eate de l\u2019olivier enracin\u00e9e dans la tradition \u00e0 Ollioules"},"content":{"rendered":"<p class=\"fs-5 \">Exceptionnel. Marqueur de la traditionnelle F\u00eate de l\u2019olivier, au c\u0153ur du centre ancien, dans l\u2019\u00e9troite rue Jean-Jacques Rousseau, ce sont carr\u00e9ment les portes d\u2019un moulin \u00e0 huile du XVIIe si\u00e8cle, dans sa splendeur de l\u2019\u00e9poque, appartenant \u00e0 la famille Zanni, qui s\u2019ouvrent gratuitement \u00e0 la visite.<\/p>\n<p class=\"fs-5 \">En lien avec la th\u00e9matique festive, l\u2019\u00e9v\u00e8nement ne se produit que deux jours par an, \u00e0 l\u2019occasion de la fameuse manifestation du 1er week-end d\u2019octobre, dont la 34e \u00e9dition anime le centre-ville d\u2019Ollioules tout ce week-end. Et o\u00f9 20 000 personnes sont attendues jusqu\u2019\u00e0 ce soir.<\/p>\n<p class=\"fs-5 \">\u00ab Ce qui a sauv\u00e9 cet environnement, la meule et toutes les pi\u00e8ces d\u2019\u00e9poque, des vols et d\u00e9gradations, c\u2019est le tas de gravats sous lequel tout \u00e9tait enfoui \u2013 il y en avait jusqu\u2019au plafond \u2013 quand mon p\u00e8re a achet\u00e9 la b\u00e2tisse en 1976 et dans laquelle nous habitons depuis 1979 \u00bb, explique Christophe Zanni qui, avec son fr\u00e8re, a aid\u00e9 au d\u00e9blaiement suivi de l\u2019admirable travail de restauration engag\u00e9e par son p\u00e8re, ma\u00e7on de son \u00e9tat, d\u00e9c\u00e9d\u00e9 en 2014.<\/p>\n<p class=\"fs-5 \">Les visites sont anim\u00e9es et comment\u00e9es par la passion de Daniel Patrie, du groupe de recherche du patrimoine ollioulais (GRPO).<\/p>\n<p>                                                                                \u00ab Le go\u00fbt de nos traditions \u00bb<\/p>\n<p class=\"fs-5 \">\u00ab Durant ces deux journ\u00e9es, chacun pourra retrouver le go\u00fbt de nos traditions : les danses folkloriques, les conf\u00e9rences passionnantes, les visites, ateliers culinaires et le c\u00e9l\u00e8bre concours d\u2019a\u00efoli qui fait la fiert\u00e9 de notre r\u00e9gion \u00bb, a ouvert en milieu de matin\u00e9e le maire Robert B\u00e9n\u00e9venti, entour\u00e9 de nombreux \u00e9lus et personnalit\u00e9s, \u00e0 l\u2019heure de la coupure du ruban tricolore inaugural.<\/p>\n<p class=\"fs-5 \">\u00c0 sa suite, la conseill\u00e8re r\u00e9gionale Sandra Kuntz a remerci\u00e9 les trois piliers fondateurs de cette f\u00eate : le comit\u00e9 officiel des f\u00eates, l\u2019association des Amis de l\u2019olivier et la ville d\u2019Ollioules et dit combien avec \u00ab 66 % de la production nationale, six appellations d\u2019origines, plus de 40 000 ol\u00e9iculteurs, 301 moulins et un chiffre d\u2019affaires estim\u00e9 \u00e0 100 millions d\u2019euros, l\u2019ol\u00e9iculture est une fili\u00e8re strat\u00e9gique pour la r\u00e9gion Sud qui agit concr\u00e8tement pour l\u2019accompagner \u00bb.<\/p>\n<p class=\"fs-5 \">Aujourd\u2019hui autour des 120 stands pr\u00e9sents en centre-ville composant un foisonnant march\u00e9 \u00e0 l\u2019ambiance proven\u00e7ale et, toujours, des dizaines d\u2019animations, la f\u00eate se poursuit.<\/p>\n<p class=\"fs-5 \">Avec un programme bien huil\u00e9. \u00ab Le temps fort de la f\u00eate de l\u2019olivier ? C\u2019est tout le week-end \u00bb, se r\u00e9jouit avec entrain Michel Bechameil, pr\u00e9sident du comit\u00e9 officiel des f\u00eates.<\/p>\n","protected":false},"excerpt":{"rendered":"Exceptionnel. Marqueur de la traditionnelle F\u00eate de l\u2019olivier, au c\u0153ur du centre ancien, dans l\u2019\u00e9troite rue Jean-Jacques Rousseau,&hellip;\n","protected":false},"author":2,"featured_media":440313,"comment_status":"","ping_status":"","sticky":false,"template":"","format":"standard","meta":{"footnotes":""},"categories":[9619],"tags":[1111,11,1777,674,1011,27,12,882,25,2310],"class_list":{"0":"post-440312","1":"post","2":"type-post","3":"status-publish","4":"format-standard","5":"has-post-thumbnail","7":"category-toulon","8":"tag-actu","9":"tag-actualites","10":"tag-eu","11":"tag-europe","12":"tag-fr","13":"tag-france","14":"tag-news","15":"tag-provence-alpes-cote-dazur","16":"tag-republique-francaise","17":"tag-toulon"},"share_on_mastodon":{"url":"https:\/\/pubeurope.com\/@fr\/115320461973460101","error":""},"_links":{"self":[{"href":"https:\/\/www.europesays.com\/fr\/wp-json\/wp\/v2\/posts\/440312","targetHints":{"allow":["GET"]}}],"collection":[{"href":"https:\/\/www.europesays.com\/fr\/wp-json\/wp\/v2\/posts"}],"about":[{"href":"https:\/\/www.europesays.com\/fr\/wp-json\/wp\/v2\/types\/post"}],"author":[{"embeddable":true,"href":"https:\/\/www.europesays.com\/fr\/wp-json\/wp\/v2\/users\/2"}],"replies":[{"embeddable":true,"href":"https:\/\/www.europesays.com\/fr\/wp-json\/wp\/v2\/comments?post=440312"}],"version-history":[{"count":0,"href":"https:\/\/www.europesays.com\/fr\/wp-json\/wp\/v2\/posts\/440312\/revisions"}],"wp:featuredmedia":[{"embeddable":true,"href":"https:\/\/www.europesays.com\/fr\/wp-json\/wp\/v2\/media\/440313"}],"wp:attachment":[{"href":"https:\/\/www.europesays.com\/fr\/wp-json\/wp\/v2\/media?parent=440312"}],"wp:term":[{"taxonomy":"category","embeddable":true,"href":"https:\/\/www.europesays.com\/fr\/wp-json\/wp\/v2\/categories?post=440312"},{"taxonomy":"post_tag","embeddable":true,"href":"https:\/\/www.europesays.com\/fr\/wp-json\/wp\/v2\/tags?post=440312"}],"curies":[{"name":"wp","href":"https:\/\/api.w.org\/{rel}","templated":true}]}}