{"id":440314,"date":"2025-10-05T07:49:23","date_gmt":"2025-10-05T07:49:23","guid":{"rendered":"https:\/\/www.europesays.com\/fr\/440314\/"},"modified":"2025-10-05T07:49:23","modified_gmt":"2025-10-05T07:49:23","slug":"rugby-top-14-une-section-paloise-remaniee-emportee-par-la-puissance-du-rc-toulon","status":"publish","type":"post","link":"https:\/\/www.europesays.com\/fr\/440314\/","title":{"rendered":"Rugby &#8211; Top 14\u00a0: une Section Paloise remani\u00e9e emport\u00e9e par la puissance du RC Toulon"},"content":{"rendered":"<p>Le contexte : un test en profondeur<\/p>\n<p>Coleader du Top 14, la Section Paloise se pr\u00e9sentait \u00e0 Mayol avec une \u00e9quipe largement remodel\u00e9e\u00a0: douze changements par rapport aux 23 victorieux de Lyon le week-end pr\u00e9c\u00e9dent. Une rotation impos\u00e9e par un calendrier dantesque, \u00e0 la moiti\u00e9 d\u2019un bloc de neuf matches d\u2019affil\u00e9e depuis le coup d\u2019envoi de la saison. <\/p>\n<p>Entre infirmerie bien garnie et cadres m\u00e9nag\u00e9s, le staff b\u00e9arnais a d\u00fb relancer dans l\u2019ar\u00e8ne toulonnaise des joueurs en qu\u00eate de minutes, mais aussi quelques revenants de blessure. En face, Toulon, pr\u00e9tendant au Brennus piqu\u00e9 au vif par sa d\u00e9faite rageante \u00e0 Bayonne dimanche (35&#8230;<\/p>\n<p>Le contexte : un test en profondeur<\/p>\n<p>Coleader du Top 14, la Section Paloise se pr\u00e9sentait \u00e0 Mayol avec une \u00e9quipe largement remodel\u00e9e\u00a0: douze changements par rapport aux 23 victorieux de Lyon le week-end pr\u00e9c\u00e9dent. Une rotation impos\u00e9e par un calendrier dantesque, \u00e0 la moiti\u00e9 d\u2019un bloc de neuf matches d\u2019affil\u00e9e depuis le coup d\u2019envoi de la saison. <\/p>\n<p>Entre infirmerie bien garnie et cadres m\u00e9nag\u00e9s, le staff b\u00e9arnais a d\u00fb relancer dans l\u2019ar\u00e8ne toulonnaise des joueurs en qu\u00eate de minutes, mais aussi quelques revenants de blessure. En face, Toulon, pr\u00e9tendant au Brennus piqu\u00e9 au vif par sa d\u00e9faite rageante \u00e0 Bayonne dimanche (35-32), cherchait \u00e0 offrir enfin un vrai match r\u00e9f\u00e9rence \u00e0 son public. <\/p>\n<p>Dans l\u2019antre mythique du RCT, o\u00f9 la Section n\u2019a plus go\u00fbt\u00e9 \u00e0 la victoire depuis avril 2006, l\u2019\u00e9quation paraissait limpide\u00a0: un d\u00e9fi colossal, et un test grandeur nature pour mesurer les ressources et la profondeur de l\u2019effectif palois.<\/p>\n<p>    La r\u00e9daction vous conseille<\/p>\n<p>                        <a href=\"https:\/\/www.larepubliquedespyrenees.fr\/sport\/rugby\/section-paloise\/rugby-emilien-gailleton-prolonge-a-la-section-paloise-jusqu-en-2029-26199186.php\" title=\"Rugby\u00a0: \u00c9milien Gailleton prolonge \u00e0 la Section Paloise jusqu\u2019en 2029 !\" rel=\"nofollow noopener\" target=\"_blank\"><br \/>\n                            <img decoding=\"async\" src=\"https:\/\/www.europesays.com\/fr\/wp-content\/uploads\/2025\/10\/1759650562_486_rep-2873-hd42526.jpg\" alt=\"Rugby\u00a0: \u00c9milien Gailleton prolonge \u00e0 la Section Paloise jusqu\u2019en 2029 !\"\/><br \/>\n                        <\/a><\/p>\n<p>                    <a href=\"https:\/\/www.larepubliquedespyrenees.fr\/sport\/rugby\/section-paloise\/rugby-emilien-gailleton-prolonge-a-la-section-paloise-jusqu-en-2029-26199186.php\" title=\"Rugby\u00a0: \u00c9milien Gailleton prolonge \u00e0 la Section Paloise jusqu\u2019en 2029 !\" rel=\"nofollow noopener\" target=\"_blank\"><\/p>\n<p>\n                            Rugby\u00a0: \u00c9milien Gailleton prolonge \u00e0 la Section Paloise jusqu\u2019en 2029 !\n                        <\/p>\n<p>                    <\/a><\/p>\n<p>\n                        Selon nos informations, l\u2019international fran\u00e7ais \u00c9milien Gailleton a choisi de prolonger son contrat \u00e0 la Section Paloise. Courtis\u00e9 par le Stade Toulousain et le Stade Rochelais, le trois-quarts centre de 22\u00a0ans s\u2019est r\u00e9engag\u00e9 jusqu\u2019en 2029 avec le club b\u00e9arnais, actuel coleader de Top 14.\n                    <\/p>\n<p> Le sc\u00e9nario : un d\u00e9but de second acte fatal<\/p>\n<p>La Section lance les d\u00e9bats dans les 22\u00a0m adverses. Mais Tuipulotu percute le coude avant, p\u00e9nalise et laisse son \u00e9quipe \u00e0 quatorze d\u2019entr\u00e9e (2e). Pau occupe malgr\u00e9 tout le camp du RCT au cours d\u2019un premier quart d\u2019heure brouillon et sans rythme de part et d\u2019autre. <\/p>\n<p>L\u2019illumination vient du pied magique de Serin, qui tape \u00e0 ras de terre aux 30\u00a0m dans le dos de la d\u00e9fense paloise. Sans couverture, R.\u00a0Rebbadj file aplatir (7-0, 16e). Les B\u00e9arnais tentent de r\u00e9agir en acc\u00e9l\u00e9rant, mais Kaulashvili &#8211; trois p\u00e9nalit\u00e9s conc\u00e9d\u00e9es &#8211; s\u2019affale \u00e0 5\u00a0m de l\u2019en but toulonnais et s\u2019isole du soutien. Sans \u00eatre brillant, le RCT r\u00e9plique et d\u00e9fie la d\u00e9fense paloise qui craque face au rythme impos\u00e9. Puis c\u00e8de sur une charge d\u2019Abadie (28e) jusque dans l\u2019en but.<\/p>\n<p>Pau ouvre son compteur gr\u00e2ce \u00e0 Desperes (14-3, 34e) suite \u00e0 un jeu au sol illicite de S. Rebbadj, cons\u00e9cutif \u00e0 une s\u00e9rie de prises d\u2019intervalle d\u2019Arfeuil et Decron. Apr\u00e8s une touche en fond d\u2019alignement intercept\u00e9e par Isa, Desperes l\u00e2che les cannes et aplatit entre les poteaux. Mais l\u2019Argentin est hors jeu, l\u2019essai est refus\u00e9 (35e).<\/p>\n<p>L\u2019indiscipline paloise du premier acte co\u00fbte cher (7 p\u00e9nalit\u00e9s, 11 au total), Manu vendange une offensive plein centre avec une passe en avant, avant de plaquer Domont au cou (38e). Il faut un beau grattage de Rey dans ses 22\u00a0m pour que Pau se d\u00e9gage. Trop brouillonne offensivement, irr\u00e9aliste (9 entr\u00e9es dans les 22\u00a0m toulonnais), domin\u00e9e dans les collisions, la Section finit le premier acte avec un d\u00e9bours de onze unit\u00e9s (14-3, MT).<\/p>\n<p>Celui-ci passe \u00e0 23 en cinq minutes, au retour des vestiaires. Le capitaine toulonnais Ribbans \u00e9limine trois Palois plein axe (Isa, Decron, Tokolahi). Derri\u00e8re le jeu s\u2019acc\u00e9l\u00e8re, la Section \u00e0 14 est au supplice et Frisch alourdit le score (21-3, 41e).<\/p>\n<p>Impr\u00e9cis dans le premier acte, Toulon d\u00e9roule et Sinckler perce la d\u00e9fense \u00e0 trous paloise. Une perc\u00e9e transform\u00e9e en essai de Ribbans qui emporte Mondinat (26-3, 45e). De retour sur le terrain apr\u00e8s son carton jaune, Manu trouve un 50-22 et fait respirer ses partenaires. Pau gagne enfin la ligne d\u2019avantage et Isa marque au ras (26-10, 54e).<\/p>\n<p>Derri\u00e8re l\u2019euphorie de son premier essai avec la Section, l\u2019Argentin d\u00e9blaie sur le c\u00f4t\u00e9 et envoie Toulon en p\u00e9naltouche \u00e0 5\u00a0m. Ollivon vole dans les airs, le maul avance et la balle atterrit dans les bras de Nonu. L\u2019ancien centre All Black de 43\u00a0ans croch\u00e8te \u00e0 l\u2019int\u00e9rieur et prend de vitesse Zegueur (33-10, 55e).<\/p>\n<p>Face \u00e0 un Toulon redevenu intermittent, Arfeuil perce au milieu du terrain mais Manu, d\u00e9cid\u00e9ment pas dans un grand jour, g\u00e2che une occasion d\u2019essai en passant dans le dos de Luc. L\u2019action se finit par un essai en coin refus\u00e9 \u00e0 Mondinat (68e). \u00c9ni\u00e8me occasion manqu\u00e9e de B\u00e9arnais pourtant bonifi\u00e9s par l\u2019entr\u00e9e int\u00e9ressante du banc des rempla\u00e7ants.<\/p>\n<p>En fin de rencontre, la d\u00e9fense toulonnaise s\u2019ouvre, Mondinat trouve l\u2019intervalle, Luc galope, temporise et sert intelligemment Manu \u00e0 hauteur, pour l\u2019essai entre les poteaux (33-17, 73e). \u00c0\u00a014 contre 15 \u00e0 la sir\u00e8ne suite \u00e0 un en avant volontaire de Garbisi, les Varois, pourtant loin de leur meilleur niveau, vont r\u00e9sister jusqu\u2019au bout. Pau cafouille une derni\u00e8re p\u00e9naltouche et laisse cinq points \u00e0 un concurrent pour le Top 6.<\/p>\n<p>Le joueur\u00a0: retour contrari\u00e9 d\u2019Isa \u00e0 Mayol<\/p>\n<p>De retour \u00e0 Mayol, l\u2019Argentin Facundo Isa (67 minutes jou\u00e9es) esp\u00e9rait sans doute de meilleures retrouvailles avec un public qui l\u2019a accueilli chaleureusement. La r\u00e9compense de huit ann\u00e9es de bons et loyaux services et de derniers mois de grandes qualit\u00e9s en Rouge et noir. Initialement pr\u00e9vu titulaire, le num\u00e9ro\u00a08 avait \u00e9t\u00e9 r\u00e9trograd\u00e9 sur le banc des rempla\u00e7ants vendredi suite \u00e0 un retard \u00e0 l\u2019entra\u00eenement. Il a pourtant rapidement retrouv\u00e9 son ancien jardin en rempla\u00e7ant \u00e0 la 12e Tuipulotu, dont l\u2019\u00e9paule s\u2019est lux\u00e9e suite \u00e0 sa percussion du coude qui lui a valu un carton jaune d\u2019entr\u00e9e (2e).<\/p>\n<p>        <img decoding=\"async\" id=\"26207734\" src=\"https:\/\/www.europesays.com\/fr\/wp-content\/uploads\/2025\/10\/facu-isa.jpg\" itemprop=\"contentURL\"\/><\/p>\n<p>dsas<\/p>\n<p>Dans une \u00e9quipe paloise domin\u00e9e dans les collisions, Isa a fait ce qu\u2019il savait faire de mieux\u00a0: avancer (12 courses avec la balle, 46 m\u00e8tres gagn\u00e9s). Souvent pour pas grand-chose au vu des nombreuses incursions paloises dans les 22\u00a0m toulonnais sans point au bout. Le trentenaire parvient tout de m\u00eame \u00e0 marquer en force le premier essai palois dans le second acte. De quoi faire oublier ses oublis en d\u00e9fense (2 plaquages manqu\u00e9s sur 7 tent\u00e9s) et sa relative indiscipline (deux p\u00e9nalit\u00e9s, notamment un hors-jeu sur l\u2019essai refus\u00e9 de Desperes), sans doute par exc\u00e8s de g\u00e9n\u00e9rosit\u00e9. Malgr\u00e9 ses deux ballons gratt\u00e9s.<\/p>\n<p>La suite : deux r\u00e9ceptions d\u00e9cisives<\/p>\n<p>Apr\u00e8s ce revers sur la Rade, la Section recule au 4e rang provisoire, d\u00e9pass\u00e9e par Paris et Toulon. Elle doit vite se remobiliser. Un mois d\u2019octobre infernal l\u2019attend avec deux r\u00e9ceptions d\u2019affil\u00e9e face au voisin bayonnais et au Stade Toulousain, triple champion de France. Si Pau r\u00e9ussit \u00e0 se relever, \u00e0 oublier cette d\u00e9faite et \u00e0 rester invaincue au Hameau \u00e0 la suite de ce double affrontement, alors ses ambitions de phases finales ne seront plus de simples paroles d\u2019intention mais une v\u00e9ritable r\u00e9alit\u00e9.<\/p>\n","protected":false},"excerpt":{"rendered":"Le contexte : un test en profondeur Coleader du Top 14, la Section Paloise se pr\u00e9sentait \u00e0 Mayol&hellip;\n","protected":false},"author":2,"featured_media":440315,"comment_status":"","ping_status":"","sticky":false,"template":"","format":"standard","meta":{"footnotes":""},"categories":[9619],"tags":[1111,11,1777,674,1011,27,12,882,25,2310],"class_list":{"0":"post-440314","1":"post","2":"type-post","3":"status-publish","4":"format-standard","5":"has-post-thumbnail","7":"category-toulon","8":"tag-actu","9":"tag-actualites","10":"tag-eu","11":"tag-europe","12":"tag-fr","13":"tag-france","14":"tag-news","15":"tag-provence-alpes-cote-dazur","16":"tag-republique-francaise","17":"tag-toulon"},"share_on_mastodon":{"url":"https:\/\/pubeurope.com\/@fr\/115320466536541221","error":""},"_links":{"self":[{"href":"https:\/\/www.europesays.com\/fr\/wp-json\/wp\/v2\/posts\/440314","targetHints":{"allow":["GET"]}}],"collection":[{"href":"https:\/\/www.europesays.com\/fr\/wp-json\/wp\/v2\/posts"}],"about":[{"href":"https:\/\/www.europesays.com\/fr\/wp-json\/wp\/v2\/types\/post"}],"author":[{"embeddable":true,"href":"https:\/\/www.europesays.com\/fr\/wp-json\/wp\/v2\/users\/2"}],"replies":[{"embeddable":true,"href":"https:\/\/www.europesays.com\/fr\/wp-json\/wp\/v2\/comments?post=440314"}],"version-history":[{"count":0,"href":"https:\/\/www.europesays.com\/fr\/wp-json\/wp\/v2\/posts\/440314\/revisions"}],"wp:featuredmedia":[{"embeddable":true,"href":"https:\/\/www.europesays.com\/fr\/wp-json\/wp\/v2\/media\/440315"}],"wp:attachment":[{"href":"https:\/\/www.europesays.com\/fr\/wp-json\/wp\/v2\/media?parent=440314"}],"wp:term":[{"taxonomy":"category","embeddable":true,"href":"https:\/\/www.europesays.com\/fr\/wp-json\/wp\/v2\/categories?post=440314"},{"taxonomy":"post_tag","embeddable":true,"href":"https:\/\/www.europesays.com\/fr\/wp-json\/wp\/v2\/tags?post=440314"}],"curies":[{"name":"wp","href":"https:\/\/api.w.org\/{rel}","templated":true}]}}