{"id":44032,"date":"2025-04-22T13:19:08","date_gmt":"2025-04-22T13:19:08","guid":{"rendered":"https:\/\/www.europesays.com\/fr\/44032\/"},"modified":"2025-04-22T13:19:08","modified_gmt":"2025-04-22T13:19:08","slug":"marianne-james-je-vais-etre-honnete-la-vraie-raison-derriere-son-celibat","status":"publish","type":"post","link":"https:\/\/www.europesays.com\/fr\/44032\/","title":{"rendered":"Marianne James : \u00ab\u00a0Je vais \u00eatre honn\u00eate\u00a0\u00bb, la vraie raison derri\u00e8re son c\u00e9libat"},"content":{"rendered":"<p><strong>Marianne James est \u00e0 l&rsquo;affiche de Face \u00e0 Face<\/strong>, ce 22 avril 2025. La s\u00e9rie de France 3 revient pour un 3\u00e8me \u00e9pisode de sa saison 3, ce mardi. <a href=\"https:\/\/www.public.fr\/ne-magressez-pas-marianne-james-gentiment-recadree-par-une-celebre-animatrice-tele\" target=\"_blank\" rel=\"noopener\">L&rsquo;ancienne jur\u00e9e de la Nouvelle Star<\/a> est une femme aux multiples talents. <\/p>\n<p>Chanteuse, actrices et personnalit\u00e9 t\u00e9l\u00e9, elle est insaisissable, aussi, sur le plan amoureux. Aussi, elle a avou\u00e9 en 2022 qu&rsquo;elle avait eu seulement<strong> 4 grandes histoires d&rsquo;amour et des amourettes<\/strong>. Et dans les colonnes de T\u00e9l\u00e9 Loisirs, Marianne James avait expliqu\u00e9 pourquoi. <\/p>\n<p>\u00c2g\u00e9e de 63 ans, celle qui jouait Maria Ulrika Von Glott, une cantatrice allemande et foldingue a expliqu\u00e9 au journaliste qu&rsquo;il n&rsquo;y avait \u00ab\u00a0pas grand-chose \u00e0 raconter\u00a0\u00bb sur sa vie affective. Et pour cause, elle a un emploi du temps si bien remplis par ses amis et sa famille, qu&rsquo;il reste peu de place pour un homme.<\/p>\n<p>Pourquoi Marianne James est c\u00e9libataire ?<\/p>\n<p>Marianne James a \u00e9voqu\u00e9 son \u00ab\u00a0cercle d&rsquo;amis ind\u00e9boulonnable\u00a0\u00bb, comme \u00ab\u00a0la famille que l&rsquo;on se choisit\u00a0\u00bb. Et d&rsquo;ajouter que tout se fait dans sa vie, avec eux. Comprenez les vacances et le quotidien.<\/p>\n<p>L&rsquo;ancienne coll\u00e8gue d&rsquo;Andr\u00e9 Manoukian avoue n\u00e9anmoins : \u00ab\u00a0apr\u00e8s, effectivement, <strong>quelques messieurs sont venus vivre<\/strong> ou j&rsquo;ai v\u00e9cu dans leurs appartements, ou eux sont venus chez moi, mais c&rsquo;est pas l&rsquo;essentiel de ma vie. Il y a tr\u00e8s peu de choses \u00e0 raconter\u00a0\u00bb. <\/p>\n<p>\u00c0 propos d&rsquo;eux, Marianne James confie : \u00ab\u00a0ils ont \u00e9t\u00e9 merveilleux. D\u00e9j\u00e0, ils ont eu le m\u00e9rite de vivre \u00e0 mes c\u00f4t\u00e9s, c&rsquo;est d\u00e9j\u00e0 pas mal\u00a0\u00bb. Et d&rsquo;ajouter, toutefois : \u00ab\u00a0<strong>Je suis amoureuse de l&rsquo;amour, <\/strong>donc en fin de compte, je dirais que l&rsquo;homme n&rsquo;est qu&rsquo;un support \u00e0 l&rsquo;amour. Moi j&rsquo;ai besoin d&rsquo;un amour absolu\u00a0\u00bb. <\/p>\n<p>En paix avec sa d\u00e9cision<\/p>\n<p>Plus cash encore, <a href=\"https:\/\/vsd.fr\/78708-plutot-crever-marianne-james-nouvelles-confidences-sur-ses-60-kilos-a-perdre\/\" target=\"_blank\" rel=\"noopener\">la star de M6 t\u00e9moigne<\/a> : \u00ab\u00a0Et les gar\u00e7ons, je vais \u00eatre honn\u00eate, je suis trop absolue pour trouver un gar\u00e7on qui de toute fa\u00e7on \u00e0 un moment,<strong> je vais lui faire payer qu&rsquo;il ne soit qu&rsquo;un homme tout simplement. <\/strong>Et moi je ne suis qu&rsquo;une femme. Maintenant, je l&rsquo;ai compris avec l&rsquo;\u00e2ge\u00a0\u00bb. <\/p>\n<p>Cela ne l&#8217;emp\u00eache pas d&rsquo;avoir <strong>\u00ab\u00a0des amiti\u00e9s amoureuses magnifiques\u00a0\u00bb,<\/strong> dit-elle, m\u00eame si elle l&rsquo;assure, comme ses relations avec ses proches sont chaleureuses, Marianne James ne souffre d&rsquo;aucun \u00ab\u00a0manque affectif\u00a0\u00bb.<\/p>\n<p>      Mentionn\u00e9s dans cet article<\/p>\n<p>\u00c0 lire aussi<\/p>\n","protected":false},"excerpt":{"rendered":"Marianne James est \u00e0 l&rsquo;affiche de Face \u00e0 Face, ce 22 avril 2025. La s\u00e9rie de France 3&hellip;\n","protected":false},"author":2,"featured_media":44033,"comment_status":"","ping_status":"","sticky":false,"template":"","format":"standard","meta":{"footnotes":""},"categories":[1359],"tags":[1376,13171,58,59,1011,27,876,13172,973],"class_list":{"0":"post-44032","1":"post","2":"type-post","3":"status-publish","4":"format-standard","5":"has-post-thumbnail","7":"category-people","8":"tag-amour","9":"tag-celibataire","10":"tag-divertissement","11":"tag-entertainment","12":"tag-fr","13":"tag-france","14":"tag-france-3","15":"tag-marianne-james","16":"tag-people"},"share_on_mastodon":{"url":"https:\/\/pubeurope.com\/@fr\/114381820023566225","error":""},"_links":{"self":[{"href":"https:\/\/www.europesays.com\/fr\/wp-json\/wp\/v2\/posts\/44032","targetHints":{"allow":["GET"]}}],"collection":[{"href":"https:\/\/www.europesays.com\/fr\/wp-json\/wp\/v2\/posts"}],"about":[{"href":"https:\/\/www.europesays.com\/fr\/wp-json\/wp\/v2\/types\/post"}],"author":[{"embeddable":true,"href":"https:\/\/www.europesays.com\/fr\/wp-json\/wp\/v2\/users\/2"}],"replies":[{"embeddable":true,"href":"https:\/\/www.europesays.com\/fr\/wp-json\/wp\/v2\/comments?post=44032"}],"version-history":[{"count":0,"href":"https:\/\/www.europesays.com\/fr\/wp-json\/wp\/v2\/posts\/44032\/revisions"}],"wp:featuredmedia":[{"embeddable":true,"href":"https:\/\/www.europesays.com\/fr\/wp-json\/wp\/v2\/media\/44033"}],"wp:attachment":[{"href":"https:\/\/www.europesays.com\/fr\/wp-json\/wp\/v2\/media?parent=44032"}],"wp:term":[{"taxonomy":"category","embeddable":true,"href":"https:\/\/www.europesays.com\/fr\/wp-json\/wp\/v2\/categories?post=44032"},{"taxonomy":"post_tag","embeddable":true,"href":"https:\/\/www.europesays.com\/fr\/wp-json\/wp\/v2\/tags?post=44032"}],"curies":[{"name":"wp","href":"https:\/\/api.w.org\/{rel}","templated":true}]}}