{"id":440324,"date":"2025-10-05T07:55:23","date_gmt":"2025-10-05T07:55:23","guid":{"rendered":"https:\/\/www.europesays.com\/fr\/440324\/"},"modified":"2025-10-05T07:55:23","modified_gmt":"2025-10-05T07:55:23","slug":"hockey-sur-glace-nostalgique-de-ces-annees-la-cristobal-huet-de-retour-a-grenoble-le-temps-dun-match","status":"publish","type":"post","link":"https:\/\/www.europesays.com\/fr\/440324\/","title":{"rendered":"Hockey sur glace\u00a0: \u00ab\u00a0nostalgique de ces ann\u00e9es-l\u00e0\u00a0\u00bb, Cristobal Huet de retour \u00e0 Grenoble le temps d&rsquo;un match"},"content":{"rendered":"<p>Si le match de Ligue des Champions contre Lausanne mercredi peut \u00eatre sportivement historique pour les Bruleurs de Loups, il marquera aussi le retour \u00e0 Grenoble de Cristobal Huet, l\u00e9gende du hockey grenoblois et fran\u00e7ais, d\u00e9sormais entraineur des gardiens du club suisse. <\/p>\n<p>Cristobal Huet est d\u00e9j\u00e0 revenu \u00e0 Grenoble, soit dans les tribunes (occasionnant d&rsquo;ailleurs une certaine effervescence), ou alors sur la glace avec l&rsquo;\u00e9quipe de France, mais il <strong>n&rsquo;avait encore jamais affront\u00e9 les Br\u00fbleurs de Loups<\/strong>. Une opportunit\u00e9 que lui a offert le tirage au sort de la Ligue des Champions. Mercredi 8 octobre Lausanne, le club dont il est l&rsquo;entraineur des gardiens, va venir d\u00e9fier Grenoble. Pour les BDL c&rsquo;est un match capital qui peut leur ouvrir les portes d&rsquo;une qualification historique pour les 1\/8e de finale de la Ligue des Champions, et pour Cristobal Huet c&rsquo;est aussi un \u00e9mouvant retour aux sources, l\u00e0 o\u00f9 tout a commenc\u00e9.<\/p>\n<p>\u00ab\u00a0Plus je vieillis, plus \u00e7a prend de la place, parce que ce sont les moments de l&rsquo;enfance, o\u00f9 on est avec les copains, o\u00f9 on se cr\u00e9e\u00a0\u00bb confie \u00e0 ICI Is\u00e8re l&rsquo;ancien gardien, devenu au fil d&rsquo;une immense carri\u00e8re <strong>le seul joueur fran\u00e7ais \u00e0 avoir soulev\u00e9 la coupe Stanley<\/strong>. Arriv\u00e9 \u00e0 Lausanne en 2012, Cristobal Huet y est aussi devenu une l\u00e9gende, le club retirant son num\u00e9ro en 2019. D\u00e9sormais d\u00e9tenteur de la double nationalit\u00e9, Cristobal Huet va vivre mercredi un match \u00e0 part, entre ses deux clubs de c\u0153ur, ses deux familles.<\/p>\n<p>\u00c0 lire aussi   <img decoding=\"async\" src=\"https:\/\/www.europesays.com\/fr\/wp-content\/uploads\/2025\/10\/1759650923_970_200x200\" alt=\"Lausanne honore le Grenoblois Cristobal Huet en retirant son maillot\" style=\"--_image-preview:url('data:image\/jpeg;base64,\/9j\/2wBDACgcHiMeGSgjISMtKygwPGRBPDc3PHtYXUlkkYCZlo+AjIqgtObDoKrarYqMyP\/L2u71\/\/\/\/m8H\/\/\/\/6\/+b9\/\/j\/2wBDASstLTw1PHZBQXb4pYyl+Pj4+Pj4+Pj4+Pj4+Pj4+Pj4+Pj4+Pj4+Pj4+Pj4+Pj4+Pj4+Pj4+Pj4+Pj4+Pj4+Pj\/wAARCAAqACoDASIAAhEBAxEB\/8QAGQAAAwEBAQAAAAAAAAAAAAAAAQIDBAAF\/8QAGhABAQADAQEAAAAAAAAAAAAAAAECAxIRE\/\/EABYBAQEBAAAAAAAAAAAAAAAAAAABAv\/EABQRAQAAAAAAAAAAAAAAAAAAAAD\/2gAMAwEAAhEDEQA\/APPgukHxGgLVPA5BKwPFbiHKorMDTBoms81orNNY\/Nqmt3zBkusOGq4F4Brms01qQwiXAXFYmQM+UTVzSFf\/2Q==');\" loading=\"lazy\" fetchpriority=\"low\" aria-hidden=\"true\" class=\"svelte-1pnmlwx rounded\" onload=\"this.__e=event\" onerror=\"this.__e=event\"\/><\/p>\n","protected":false},"excerpt":{"rendered":"Si le match de Ligue des Champions contre Lausanne mercredi peut \u00eatre sportivement historique pour les Bruleurs de&hellip;\n","protected":false},"author":2,"featured_media":440325,"comment_status":"","ping_status":"","sticky":false,"template":"","format":"standard","meta":{"footnotes":""},"categories":[9566],"tags":[1111,11,2430,1777,674,1011,27,2731,12,25],"class_list":{"0":"post-440324","1":"post","2":"type-post","3":"status-publish","4":"format-standard","5":"has-post-thumbnail","7":"category-grenoble","8":"tag-actu","9":"tag-actualites","10":"tag-auvergne-rhone-alpes","11":"tag-eu","12":"tag-europe","13":"tag-fr","14":"tag-france","15":"tag-grenoble","16":"tag-news","17":"tag-republique-francaise"},"share_on_mastodon":{"url":"https:\/\/pubeurope.com\/@fr\/115320489902870967","error":""},"_links":{"self":[{"href":"https:\/\/www.europesays.com\/fr\/wp-json\/wp\/v2\/posts\/440324","targetHints":{"allow":["GET"]}}],"collection":[{"href":"https:\/\/www.europesays.com\/fr\/wp-json\/wp\/v2\/posts"}],"about":[{"href":"https:\/\/www.europesays.com\/fr\/wp-json\/wp\/v2\/types\/post"}],"author":[{"embeddable":true,"href":"https:\/\/www.europesays.com\/fr\/wp-json\/wp\/v2\/users\/2"}],"replies":[{"embeddable":true,"href":"https:\/\/www.europesays.com\/fr\/wp-json\/wp\/v2\/comments?post=440324"}],"version-history":[{"count":0,"href":"https:\/\/www.europesays.com\/fr\/wp-json\/wp\/v2\/posts\/440324\/revisions"}],"wp:featuredmedia":[{"embeddable":true,"href":"https:\/\/www.europesays.com\/fr\/wp-json\/wp\/v2\/media\/440325"}],"wp:attachment":[{"href":"https:\/\/www.europesays.com\/fr\/wp-json\/wp\/v2\/media?parent=440324"}],"wp:term":[{"taxonomy":"category","embeddable":true,"href":"https:\/\/www.europesays.com\/fr\/wp-json\/wp\/v2\/categories?post=440324"},{"taxonomy":"post_tag","embeddable":true,"href":"https:\/\/www.europesays.com\/fr\/wp-json\/wp\/v2\/tags?post=440324"}],"curies":[{"name":"wp","href":"https:\/\/api.w.org\/{rel}","templated":true}]}}